{"id":14210,"date":"2022-08-26T18:34:10","date_gmt":"2022-08-27T01:34:10","guid":{"rendered":"https:\/\/sonomalandtrust.org\/blog\/enews-de-agosto-de-2022\/"},"modified":"2022-08-26T18:34:10","modified_gmt":"2022-08-27T01:34:10","slug":"enews-de-agosto-de-2022","status":"publish","type":"post","link":"https:\/\/sonomalandtrust.org\/es\/blog\/enews-de-agosto-de-2022\/","title":{"rendered":"eNews de agosto de 2022"},"content":{"rendered":"<div id=\"baycamp\"><\/div>\n<h2>Veranos memorables al aire libre: Campamento de la Bah\u00eda<\/h2>\n<figure class=\"wp-block-image size-large\"><img decoding=\"async\" src=\"https:\/\/sonomalandtrust.org\/wp-content\/uploads\/2022\/08\/BayCampMain.jpg\" alt=\"\"><\/figure>\n<p>Este verano, invitamos a ni\u00f1os de 7 a 12 a\u00f1os a explorar con nosotros la cuenca y las tierras de la Bah\u00eda de San Pablo. El Campamento de la Bah\u00eda introdujo a 76 ni\u00f1os en nuevas aventuras en los humedales restaurados de las marismas saladas del Refugio Nacional de Vida Silvestre de la Bah\u00eda de San Pablo, en Sears Point. Juntos, jugamos en la orilla, creamos pasteles de barro y castillos de arena, aprendimos sobre las plantas y la fauna locales, recogimos moras maduras a pu\u00f1ados, creamos obras de arte para decorar nuestros espacios, y bailamos y cantamos mientras constru\u00edamos relaciones entre nosotros y con la tierra.  <\/p>\n<p>En el Campamento de la Bah\u00eda, la timidez inicial da paso r\u00e1pidamente a la emoci\u00f3n cuando los acampados montan en bicicleta, aprenden a replantar y cuidar plantas en el vivero y navegan en kayak por la bah\u00eda de San Pablo y el r\u00edo Petaluma. Adem\u00e1s de crear recuerdos maravillosos, nuestro campamento de verano inspira curiosidad y fomenta la confianza de los campistas a medida que conectan con la naturaleza, con diversas culturas, con sus compa\u00f1eros y consigo mismos. <\/p>\n<p>El Campamento de la Bah\u00eda est\u00e1 en su cuarto a\u00f1o y creciendo con fuerza. Este verano, hemos proporcionado becas completas a casi el 80% de nuestros campistas, incluido el transporte gratuito, gracias a la generosidad de nuestros colaboradores y socios. Entre ellos se encuentran California Coastal Conservancy, la beca de Educaci\u00f3n Medioambiental de la Fundaci\u00f3n Comunitaria del Condado de Sonoma, la Fundaci\u00f3n de la Familia Vadasz, Turismo del Condado de Sonoma, Joe and Libby Endowment Fund y muchas otras personas generosas, as\u00ed como <a href=\"https:\/\/www.laluzcenter.org\/\">La Luz Center<\/a>, Sonoma Valley Mentoring Alliance, Point Blue Conservation Science, San Pablo Bay National Wildlife Refuge, Operation Bicycle y Grand Central Cafe Petaluma.  <\/p>\n<p>Mira y escucha nuestro programa Campamento en la Bah\u00eda en acci\u00f3n <a href=\"https:\/\/youtu.be\/nkQcWMuVfO8\"><strong>en este<\/strong><\/a> <strong>y<\/strong> desc\u00e1rgate una lista de canciones <a href=\"https:\/\/open.spotify.com\/playlist\/5SZcfq553sRNTIfWnj3Ynq?si=c6de33f085554b8b\"><strong>de sus canciones favoritas del verano<\/strong><\/a>.<\/p>\n<hr class=\"wp-block-separator\">\n<div id=\"summerstories\"><\/div>\n<h2>La naturaleza es personal: recuerdos veraniegos de nuestro personal<\/h2>\n<p>El verano nos atrae como un im\u00e1n hacia la naturaleza. Disfrutar de nuestro mundo natural puede ser tan personal como universal. Hemos pedido a los miembros del personal de la Fundaci\u00f3n de la Tierra de Sonoma que compartan sus lugares favoritos para pasar estos hermosos d\u00edas de finales de verano, \u00a1y esperamos que t\u00fa compartas los tuyos! \u00bfC\u00f3mo has disfrutado de la naturaleza en el condado de Sonoma este verano? Deja un comentario en nuestras p\u00e1ginas de <a href=\"https:\/\/www.facebook.com\/sonomalandtrust\/\">Facebook<\/a> o <a href=\"https:\/\/www.instagram.com\/sonomalandtrust\/\">Instagram<\/a>.    <\/p>\n<hr class=\"wp-block-separator\">\n<h3>Excursiones por la costa-Shanti Edwards, gestor principal de proyectos de administraci\u00f3n<\/h3>\n<figure class=\"wp-block-image size-large\"><img decoding=\"async\" src=\"https:\/\/sonomalandtrust.org\/wp-content\/uploads\/2022\/08\/JennerHeadlands.jpg\" alt=\"\"><\/figure>\n<p>Los d\u00edas \u00e9picos de verano en la Costa de Sonoma son dorados, literalmente. Las praderas doradas se despliegan hasta el borde del mar, donde se unen el cielo azul profundo y el oc\u00e9ano. \u00c9ste es mi lugar feliz, donde disfruto haciendo senderismo por el sendero costero de la Reserva de Jenner Headlands, un paisaje de 1.500 hect\u00e1reas protegido para siempre por nuestros socios conservacionistas, Sonoma County Ag + Open Space y The Wildlands Conservancy. Despu\u00e9s de la excursi\u00f3n, mi familia y yo nos dirigimos al estuario de Jenner para remar un poco y apreciar a los pel\u00edcanos.   <\/p>\n<hr class=\"wp-block-separator\">\n<h3>Salpicadura del arroyo Santa Rosa-Chris Carlson, director del programa de administraci\u00f3n del valle de sonoma<\/h3>\n<figure class=\"wp-block-image size-large\"><img decoding=\"async\" src=\"https:\/\/sonomalandtrust.org\/wp-content\/uploads\/2022\/08\/HoodMtn.jpg\" alt=\"\"><\/figure>\n<p>Una tarde en el sendero de Los \u00c1lamos, en el Parque Regional de Hood Mountain, proporcion\u00f3 una divertida escapada a nuestra familia el pasado mes de julio. La corta caminata hasta el arroyo era una distancia perfecta para hacer algo de ejercicio sin sobrecalentarse. Nuestros hijos jugaron durante una hora en el agua fresca y cristalina, tirando piedras, chapoteando y comiendo sus primeras moras silvestres.  <\/p>\n<hr class=\"wp-block-separator\">\n<h3>Puesta de sol en la playa de Doran, costa de Sonoma-Ingrid Stearns, directora del programa sobre la tierra<\/h3>\n<figure class=\"wp-block-image size-large\"><img decoding=\"async\" src=\"https:\/\/sonomalandtrust.org\/wp-content\/uploads\/2022\/08\/DoranBeach-1.jpg\" alt=\"\"><\/figure>\n<p>\u00c9ste es el mejor lugar de playa para ni\u00f1os y perros. Las olas son suaves; la pendiente es poco profunda; y la puesta de sol con marea baja trae pel\u00edcanos zambull\u00e9ndose, lo que proporciona mucho entretenimiento. Est\u00e1 tan cerca de Santa Rosa que podemos llegar en media hora y ver la puesta de sol despu\u00e9s del trabajo.  <\/p>\n<hr class=\"wp-block-separator\">\n<h3>Ciclismo de verano-Gina Fabiano, directora de marketing y relaciones con los medios de comunicaci\u00f3n<\/h3>\n<figure class=\"wp-block-image size-large\"><img decoding=\"async\" src=\"https:\/\/sonomalandtrust.org\/wp-content\/uploads\/2022\/08\/SpringHillRoad.jpg\" alt=\"\"><\/figure>\n<p>Para un ciclista, el momento oportuno lo es todo. Los vientos estacionales de la tarde en la Brecha de Petaluma pueden ser feroces, con una media de 13-15 mph. Mi estrategia consiste en salir con la niebla matinal y terminar con las nubes azules que se separan antes del calor del d\u00eda. Fallon Two Rock, Chileno Valley, Wilson Hill y la reci\u00e9n asfaltada Spring Hill Road ofrecen algunas de las mejores rutas de la zona para los aspirantes al Tour de Francia como yo. \u00a1Tambi\u00e9n es una forma estupenda de conocer a los lugare\u00f1os!    <\/p>\n<hr class=\"wp-block-separator\">\n<h2>Pr\u00f3ximos eventos<\/h2>\n<h3>Webinar gratuito: Comprender el Plan Espec\u00edfico del Centro de Desarrollo de Sonoma (SDC) y el Borrador del Informe de Impacto Ambiental (EIR)<\/h3>\n<figure class=\"wp-block-image size-large\"><a href=\"https:\/\/sonomalandtrust.zoom.us\/webinar\/register\/2616612812411\/WN_X20r9Pg8QZap0iOQR6YeOg\"><img decoding=\"async\" src=\"https:\/\/sonomalandtrust.org\/wp-content\/uploads\/2022\/08\/SDC-1.jpg\" alt=\"\"><\/a><\/figure>\n<p>\u00danete a Sonoma Land Trust y a nuestros socios en un seminario web gratuito que te ayudar\u00e1 a comprender el borrador <a href=\"https:\/\/www.dropbox.com\/s\/9wkp4apbed5aylg\/SDC%20Specific%20Plan%20Draft%20Environmental%20Impact%20Report.pdf?dl=0\">del Informe de Impacto Ambiental<\/a> (EIR) del Centro de Desarrollo de Sonoma y el <a href=\"https:\/\/www.dropbox.com\/s\/x2w33xmyn18l2mg\/SDC%20Public%20Review%20Draft%20Specific%20Plan.pdf?dl=0\">Plan Espec\u00edfico del Condado<\/a>.<\/p>\n<h3><a style=\"text-decoration: underline;font-size: 22px;color: #5a959c\" href=\"https:\/\/sonomalandtrust.zoom.us\/webinar\/register\/2616612812411\/WN_X20r9Pg8QZap0iOQR6YeOg\">Haz clic AQU\u00cd para inscribirte<\/a><\/h3>\n<hr class=\"wp-block-separator\">\n<div id=\"dougtallamy\"><\/div>\n<h3>El lenguaje de la tierra: Llevando la Naturaleza a Casa<\/h3>\n<figure class=\"wp-block-image size-large\"><a href=\"https:\/\/sonomalandtrust.zoom.us\/webinar\/register\/4016430539649\/WN_nPHw50cpSVu1YVI5FyyVRQ\"><img decoding=\"async\" src=\"https:\/\/sonomalandtrust.org\/wp-content\/uploads\/2022\/08\/BookEvent.jpg\" alt=\"\"><\/a><\/figure>\n<p>\u00bfTe has preguntado alguna vez si el paisajismo de tu casa puede tener un efecto positivo en el medio ambiente? \u00bfO qu\u00e9 plantas aut\u00f3ctonas favorecen mejor la fauna local o c\u00f3mo puede ayudar tu jard\u00edn a los ecosistemas locales? Para averiguarlo, \u00fanete a <a href=\"https:\/\/homegrownnationalpark.org\/tallamys-hub-1\">Douglas Tallamy<\/a>, autor de <a style=\"font-size: italic\" href=\"https:\/\/www.copperfieldsbooks.com\/book\/9781604699005\">Nature&#8217;s Best Hope: A New Approach to Conservation That Starts in Your Yard<\/a>.  <\/p>\n<ul>\n<li>Jueves, 15 de septiembre de 2022<\/li>\n<li>De 18:00 a 19:30, hora del Pac\u00edfico (EE.UU. y Canad\u00e1)<\/li>\n<li>Interpretaci\u00f3n al espa\u00f1ol<\/li>\n<\/ul>\n<h3><a style=\"text-decoration: underline;font-size: 22px;color: #5a959c\" href=\"https:\/\/sonomalandtrust.zoom.us\/webinar\/register\/4016430539649\/WN_nPHw50cpSVu1YVI5FyyVRQ\">Haz clic AQU\u00cd para inscribirte<\/a><\/h3>\n<hr class=\"wp-block-separator\">\n<div id=\"fallhikes\"><\/div>\n<h3>Caminatas de oto\u00f1o<\/h3>\n<figure class=\"wp-block-image size-large\"><a href=\"https:\/\/sonomalandtrust.org\/outings\/\"><img decoding=\"async\" src=\"https:\/\/sonomalandtrust.org\/wp-content\/uploads\/2022\/08\/FallHikes.jpg\" alt=\"\"><\/a><\/figure>\n<p>\u00danete a nosotros en la tierra este oto\u00f1o mientras observamos la migraci\u00f3n de los halcones y exploramos diversas regiones del condado de Sonoma. Publicaremos nuevas excursiones a lo largo de la temporada, as\u00ed que no dejes de consultar nuestra <a href=\"https:\/\/sonomalandtrust.org\/outings\/\">p\u00e1gina de salidas<\/a> para estar al d\u00eda. <\/p>\n<hr class=\"wp-block-separator\">\n<div id=\"inthenews\"><\/div>\n<h2>En las noticias<\/h2>\n<figure class=\"wp-block-image size-large\"><a href=\"https:\/\/sonomalandtrust.org\/news-room\/press-coverage\"><img decoding=\"async\" src=\"https:\/\/sonomalandtrust.org\/wp-content\/uploads\/2022\/08\/InTheNews.jpg\" alt=\"\"><\/a><\/figure>\n<p>Uno de los pilares de nuestro trabajo en Sonoma Land Trust es defender la conservaci\u00f3n y restauraci\u00f3n de nuestras tierras. Este mes, nuestro amplio proyecto de humedales en la bah\u00eda de San Pablo ha sido noticia en los debates sobre el futuro de la SR 37. Este proyecto de restauraci\u00f3n de humedales est\u00e1 dise\u00f1ado para mitigar los devastadores efectos de la subida del nivel del mar en la Bah\u00eda de San Francisco, proporcionando una soluci\u00f3n basada en la naturaleza, fundamental para los esfuerzos de resiliencia clim\u00e1tica en nuestra zona. Este proyecto podr\u00eda verse afectado negativamente por los cambios en la infraestructura de la SR 37 propuestos por las agencias de transporte si no incluyen componentes clave del plan de restauraci\u00f3n, como las ampliaciones de los puentes de Tolay y Sonoma Creek.   <\/p>\n<p>Visita nuestra <a href=\"https:\/\/sonomalandtrust.org\/news-room\/press-coverage\/\">Sala de Noticias<\/a> para leer m\u00e1s<\/p>\n<p>&lt;<a href=\"https:\/\/abc7news.com\/highway-37-restoring-sonoma-county-wetlands-san-pablo-bay-land-trust-restoration\/12117895\/\">Noticias<\/a> ABC7&gt;<\/p>\n<hr class=\"wp-block-separator\">\n<div id=\"forcefornature\"><\/div>\n<h2>S\u00e9 una fuerza de la naturaleza<\/h2>\n<figure class=\"wp-block-image size-large\"><a href=\"https:\/\/give.sonomalandtrust.org\/give\/335732\/#!\/donation\/checkout?c_src=AugeNews\"><img decoding=\"async\" src=\"https:\/\/sonomalandtrust.org\/wp-content\/uploads\/2022\/08\/FFN.png\" alt=\"\"><\/a><\/figure>\n<p><a href=\"https:\/\/give.sonomalandtrust.org\/give\/335732\/#!\/donation\/checkout?c_src=AugeNews\">Hazte donante mensual<\/a><\/p>\n<p>Acampar, pescar, hacer senderismo, nadar y mirar las estrellas: la naturaleza es el tel\u00f3n de fondo de nuestros recuerdos estivales m\u00e1s queridos. Es dif\u00edcil imaginar qu\u00e9 ocupar\u00eda su lugar si el mundo natural dejara de estar ah\u00ed para que escapemos. Por eso te invitamos a ser <a href=\"https:\/\/weareaforcefornature.org\/\">una Fuerza de la Naturaleza<\/a>. Colectivamente, junto con empresas, fundaciones y socios gubernamentales afines, est\u00e1s garantizando que las generaciones futuras sigan teniendo acceso a lugares naturales de los que disfrutar para siempre. Averigua c\u00f3mo hacer un regalo especial para la campa\u00f1a, una promesa o un compromiso de donaci\u00f3n planificada poni\u00e9ndote en contacto con Shannon Nichols, directora de filantrop\u00eda, (707) 526-6930 ext. 140, <a href=\"mailto:shannon@sonomalandtrust.org\">shannon@sonomalandtrust.org.<\/a>    <\/p>\n<p><a style=\"text-transform: uppercase;text-decoration: none;background: #5a959c;color: #fff !important;line-height: 13px;font-weight: bold;padding: 5px !important 15px !important 5px !important 15px !important\" href=\"https:\/\/give.sonomalandtrust.org\/give\/335732\/#!\/donation\/checkout?c_src=AugeNews\" target=\"_blank\" rel=\"noopener\">Haz un donativo<\/a><\/p>\n","protected":false},"excerpt":{"rendered":"<p>Este verano, invitamos a ni\u00f1os de 7 a 12 a\u00f1os a explorar con nosotros la cuenca y las tierras de la Bah\u00eda de San Pablo. El Campamento de la Bah\u00eda introdujo a 76 ni\u00f1os en nuevas aventuras en los humedales restaurados de las marismas saladas del Refugio Nacional de Vida Silvestre de la Bah\u00eda de [&hellip;]<\/p>\n","protected":false},"author":1,"featured_media":0,"comment_status":"closed","ping_status":"closed","sticky":false,"template":"","format":"standard","meta":{"_acf_changed":false,"footnotes":""},"categories":[85],"tags":[],"class_list":["post-14210","post","type-post","status-publish","format-standard","hentry","category-enoticias"],"acf":[],"yoast_head":"<!-- This site is optimized with the Yoast SEO plugin v27.3 - https:\/\/yoast.com\/product\/yoast-seo-wordpress\/ -->\n<title>eNews de agosto de 2022 &#8212; Sonoma Land Trust<\/title>\n<meta name=\"description\" content=\"Veranos memorables al aire libre: Campamento de la Bah\u00eda Este verano, invitamos a ni\u00f1os de 7 a 12 a\u00f1os a explorar con nosotros la cuenca y las tierras de\" \/>\n<meta name=\"robots\" content=\"index, follow, max-snippet:-1, max-image-preview:large, max-video-preview:-1\" \/>\n<link rel=\"canonical\" href=\"https:\/\/sonomalandtrust.org\/es\/blog\/enews-de-agosto-de-2022\/\" \/>\n<meta property=\"og:locale\" content=\"es_ES\" \/>\n<meta property=\"og:type\" content=\"article\" \/>\n<meta property=\"og:title\" content=\"eNews de agosto de 2022 &#8212; Sonoma Land Trust\" \/>\n<meta property=\"og:description\" content=\"Veranos memorables al aire libre: Campamento de la Bah\u00eda Este verano, invitamos a ni\u00f1os de 7 a 12 a\u00f1os a explorar con nosotros la cuenca y las tierras de\" \/>\n<meta property=\"og:url\" content=\"https:\/\/sonomalandtrust.org\/es\/blog\/enews-de-agosto-de-2022\/\" \/>\n<meta property=\"og:site_name\" content=\"Sonoma Land Trust\" \/>\n<meta property=\"article:publisher\" content=\"http:\/\/www.facebook.com\/Sonoma-Land-Trust\/\" \/>\n<meta property=\"article:published_time\" content=\"2022-08-27T01:34:10+00:00\" \/>\n<meta property=\"og:image\" content=\"https:\/\/sonomalandtrust.org\/wp-content\/uploads\/2022\/08\/BayCampMain.jpg\" \/>\n<meta name=\"twitter:card\" content=\"summary_large_image\" \/>\n<meta name=\"twitter:label1\" content=\"Written by\" \/>\n\t<meta name=\"twitter:data1\" content=\"eclipse\" \/>\n\t<meta name=\"twitter:label2\" content=\"Est. reading time\" \/>\n\t<meta name=\"twitter:data2\" content=\"7 minuto\" \/>\n<script type=\"application\/ld+json\" class=\"yoast-schema-graph\">{\"@context\":\"https:\\\/\\\/schema.org\",\"@graph\":[{\"@type\":\"Article\",\"@id\":\"https:\\\/\\\/sonomalandtrust.org\\\/es\\\/blog\\\/enews-de-agosto-de-2022\\\/#article\",\"isPartOf\":{\"@id\":\"https:\\\/\\\/sonomalandtrust.org\\\/es\\\/blog\\\/enews-de-agosto-de-2022\\\/\"},\"author\":{\"name\":\"eclipse\",\"@id\":\"https:\\\/\\\/slt-2026.eclipse-dev.com\\\/#\\\/schema\\\/person\\\/c289b2019a1bd6706f93278c6def96b7\"},\"headline\":\"eNews de agosto de 2022\",\"datePublished\":\"2022-08-27T01:34:10+00:00\",\"mainEntityOfPage\":{\"@id\":\"https:\\\/\\\/sonomalandtrust.org\\\/es\\\/blog\\\/enews-de-agosto-de-2022\\\/\"},\"wordCount\":1339,\"publisher\":{\"@id\":\"https:\\\/\\\/slt-2026.eclipse-dev.com\\\/#organization\"},\"image\":{\"@id\":\"https:\\\/\\\/sonomalandtrust.org\\\/es\\\/blog\\\/enews-de-agosto-de-2022\\\/#primaryimage\"},\"thumbnailUrl\":\"https:\\\/\\\/sonomalandtrust.org\\\/wp-content\\\/uploads\\\/2022\\\/08\\\/BayCampMain.jpg\",\"articleSection\":[\"eNoticias\"],\"inLanguage\":\"es\"},{\"@type\":\"WebPage\",\"@id\":\"https:\\\/\\\/sonomalandtrust.org\\\/es\\\/blog\\\/enews-de-agosto-de-2022\\\/\",\"url\":\"https:\\\/\\\/sonomalandtrust.org\\\/es\\\/blog\\\/enews-de-agosto-de-2022\\\/\",\"name\":\"eNews de agosto de 2022 &#8212; Sonoma Land Trust\",\"isPartOf\":{\"@id\":\"https:\\\/\\\/slt-2026.eclipse-dev.com\\\/#website\"},\"primaryImageOfPage\":{\"@id\":\"https:\\\/\\\/sonomalandtrust.org\\\/es\\\/blog\\\/enews-de-agosto-de-2022\\\/#primaryimage\"},\"image\":{\"@id\":\"https:\\\/\\\/sonomalandtrust.org\\\/es\\\/blog\\\/enews-de-agosto-de-2022\\\/#primaryimage\"},\"thumbnailUrl\":\"https:\\\/\\\/sonomalandtrust.org\\\/wp-content\\\/uploads\\\/2022\\\/08\\\/BayCampMain.jpg\",\"datePublished\":\"2022-08-27T01:34:10+00:00\",\"description\":\"Veranos memorables al aire libre: Campamento de la Bah\u00eda Este verano, invitamos a ni\u00f1os de 7 a 12 a\u00f1os a explorar con nosotros la cuenca y las tierras de\",\"breadcrumb\":{\"@id\":\"https:\\\/\\\/sonomalandtrust.org\\\/es\\\/blog\\\/enews-de-agosto-de-2022\\\/#breadcrumb\"},\"inLanguage\":\"es\",\"potentialAction\":[{\"@type\":\"ReadAction\",\"target\":[\"https:\\\/\\\/sonomalandtrust.org\\\/es\\\/blog\\\/enews-de-agosto-de-2022\\\/\"]}]},{\"@type\":\"ImageObject\",\"inLanguage\":\"es\",\"@id\":\"https:\\\/\\\/sonomalandtrust.org\\\/es\\\/blog\\\/enews-de-agosto-de-2022\\\/#primaryimage\",\"url\":\"https:\\\/\\\/sonomalandtrust.org\\\/wp-content\\\/uploads\\\/2022\\\/08\\\/BayCampMain.jpg\",\"contentUrl\":\"https:\\\/\\\/sonomalandtrust.org\\\/wp-content\\\/uploads\\\/2022\\\/08\\\/BayCampMain.jpg\"},{\"@type\":\"BreadcrumbList\",\"@id\":\"https:\\\/\\\/sonomalandtrust.org\\\/es\\\/blog\\\/enews-de-agosto-de-2022\\\/#breadcrumb\",\"itemListElement\":[{\"@type\":\"ListItem\",\"position\":1,\"name\":\"Home\",\"item\":\"https:\\\/\\\/sonomalandtrust.org\\\/es\\\/inicio\\\/\"},{\"@type\":\"ListItem\",\"position\":2,\"name\":\"eNews de agosto de 2022\"}]},{\"@type\":\"WebSite\",\"@id\":\"https:\\\/\\\/slt-2026.eclipse-dev.com\\\/#website\",\"url\":\"https:\\\/\\\/slt-2026.eclipse-dev.com\\\/\",\"name\":\"Sonoma Land Trust\",\"description\":\"\",\"publisher\":{\"@id\":\"https:\\\/\\\/slt-2026.eclipse-dev.com\\\/#organization\"},\"potentialAction\":[{\"@type\":\"SearchAction\",\"target\":{\"@type\":\"EntryPoint\",\"urlTemplate\":\"https:\\\/\\\/slt-2026.eclipse-dev.com\\\/?s={search_term_string}\"},\"query-input\":{\"@type\":\"PropertyValueSpecification\",\"valueRequired\":true,\"valueName\":\"search_term_string\"}}],\"inLanguage\":\"es\"},{\"@type\":\"Organization\",\"@id\":\"https:\\\/\\\/slt-2026.eclipse-dev.com\\\/#organization\",\"name\":\"Fondo de Tierras de Sonoma\",\"url\":\"https:\\\/\\\/slt-2026.eclipse-dev.com\\\/\",\"logo\":{\"@type\":\"ImageObject\",\"inLanguage\":\"es\",\"@id\":\"https:\\\/\\\/slt-2026.eclipse-dev.com\\\/#\\\/schema\\\/logo\\\/image\\\/\",\"url\":\"https:\\\/\\\/sonomalandtrust.org\\\/wp-content\\\/uploads\\\/2025\\\/10\\\/slt-logo.png\",\"contentUrl\":\"https:\\\/\\\/sonomalandtrust.org\\\/wp-content\\\/uploads\\\/2025\\\/10\\\/slt-logo.png\",\"width\":549,\"height\":333,\"caption\":\"Fondo de Tierras de Sonoma\"},\"image\":{\"@id\":\"https:\\\/\\\/slt-2026.eclipse-dev.com\\\/#\\\/schema\\\/logo\\\/image\\\/\"},\"sameAs\":[\"http:\\\/\\\/www.facebook.com\\\/Sonoma-Land-Trust\\\/\",\"https:\\\/\\\/www.instagram.com\\\/sonomalandtrust\\\/\",\"https:\\\/\\\/bsky.app\\\/profile\\\/sonomalandtrust.bsky.social\",\"https:\\\/\\\/www.youtube.com\\\/user\\\/SonomaLandTrust\\\/\",\"http:\\\/\\\/www.linkedin.com\\\/company\\\/1090048?trk=tyah\"]},{\"@type\":\"Person\",\"@id\":\"https:\\\/\\\/slt-2026.eclipse-dev.com\\\/#\\\/schema\\\/person\\\/c289b2019a1bd6706f93278c6def96b7\",\"name\":\"eclipse\",\"image\":{\"@type\":\"ImageObject\",\"inLanguage\":\"es\",\"@id\":\"https:\\\/\\\/secure.gravatar.com\\\/avatar\\\/a57eb78d56d01cafd540f163cbd4c579fb8c9fffb50c37d90cc94108dbdf7a0e?s=96&d=mm&r=g\",\"url\":\"https:\\\/\\\/secure.gravatar.com\\\/avatar\\\/a57eb78d56d01cafd540f163cbd4c579fb8c9fffb50c37d90cc94108dbdf7a0e?s=96&d=mm&r=g\",\"contentUrl\":\"https:\\\/\\\/secure.gravatar.com\\\/avatar\\\/a57eb78d56d01cafd540f163cbd4c579fb8c9fffb50c37d90cc94108dbdf7a0e?s=96&d=mm&r=g\",\"caption\":\"eclipse\"},\"sameAs\":[\"http:\\\/\\\/sonomalandtrust.org\"]}]}<\/script>\n<!-- \/ Yoast SEO plugin. -->","yoast_head_json":{"title":"eNews de agosto de 2022 &#8212; Sonoma Land Trust","description":"Veranos memorables al aire libre: Campamento de la Bah\u00eda Este verano, invitamos a ni\u00f1os de 7 a 12 a\u00f1os a explorar con nosotros la cuenca y las tierras de","robots":{"index":"index","follow":"follow","max-snippet":"max-snippet:-1","max-image-preview":"max-image-preview:large","max-video-preview":"max-video-preview:-1"},"canonical":"https:\/\/sonomalandtrust.org\/es\/blog\/enews-de-agosto-de-2022\/","og_locale":"es_ES","og_type":"article","og_title":"eNews de agosto de 2022 &#8212; Sonoma Land Trust","og_description":"Veranos memorables al aire libre: Campamento de la Bah\u00eda Este verano, invitamos a ni\u00f1os de 7 a 12 a\u00f1os a explorar con nosotros la cuenca y las tierras de","og_url":"https:\/\/sonomalandtrust.org\/es\/blog\/enews-de-agosto-de-2022\/","og_site_name":"Sonoma Land Trust","article_publisher":"http:\/\/www.facebook.com\/Sonoma-Land-Trust\/","article_published_time":"2022-08-27T01:34:10+00:00","og_image":[{"url":"https:\/\/sonomalandtrust.org\/wp-content\/uploads\/2022\/08\/BayCampMain.jpg","type":"","width":"","height":""}],"twitter_card":"summary_large_image","twitter_misc":{"Written by":"eclipse","Est. reading time":"7 minuto"},"schema":{"@context":"https:\/\/schema.org","@graph":[{"@type":"Article","@id":"https:\/\/sonomalandtrust.org\/es\/blog\/enews-de-agosto-de-2022\/#article","isPartOf":{"@id":"https:\/\/sonomalandtrust.org\/es\/blog\/enews-de-agosto-de-2022\/"},"author":{"name":"eclipse","@id":"https:\/\/slt-2026.eclipse-dev.com\/#\/schema\/person\/c289b2019a1bd6706f93278c6def96b7"},"headline":"eNews de agosto de 2022","datePublished":"2022-08-27T01:34:10+00:00","mainEntityOfPage":{"@id":"https:\/\/sonomalandtrust.org\/es\/blog\/enews-de-agosto-de-2022\/"},"wordCount":1339,"publisher":{"@id":"https:\/\/slt-2026.eclipse-dev.com\/#organization"},"image":{"@id":"https:\/\/sonomalandtrust.org\/es\/blog\/enews-de-agosto-de-2022\/#primaryimage"},"thumbnailUrl":"https:\/\/sonomalandtrust.org\/wp-content\/uploads\/2022\/08\/BayCampMain.jpg","articleSection":["eNoticias"],"inLanguage":"es"},{"@type":"WebPage","@id":"https:\/\/sonomalandtrust.org\/es\/blog\/enews-de-agosto-de-2022\/","url":"https:\/\/sonomalandtrust.org\/es\/blog\/enews-de-agosto-de-2022\/","name":"eNews de agosto de 2022 &#8212; Sonoma Land Trust","isPartOf":{"@id":"https:\/\/slt-2026.eclipse-dev.com\/#website"},"primaryImageOfPage":{"@id":"https:\/\/sonomalandtrust.org\/es\/blog\/enews-de-agosto-de-2022\/#primaryimage"},"image":{"@id":"https:\/\/sonomalandtrust.org\/es\/blog\/enews-de-agosto-de-2022\/#primaryimage"},"thumbnailUrl":"https:\/\/sonomalandtrust.org\/wp-content\/uploads\/2022\/08\/BayCampMain.jpg","datePublished":"2022-08-27T01:34:10+00:00","description":"Veranos memorables al aire libre: Campamento de la Bah\u00eda Este verano, invitamos a ni\u00f1os de 7 a 12 a\u00f1os a explorar con nosotros la cuenca y las tierras de","breadcrumb":{"@id":"https:\/\/sonomalandtrust.org\/es\/blog\/enews-de-agosto-de-2022\/#breadcrumb"},"inLanguage":"es","potentialAction":[{"@type":"ReadAction","target":["https:\/\/sonomalandtrust.org\/es\/blog\/enews-de-agosto-de-2022\/"]}]},{"@type":"ImageObject","inLanguage":"es","@id":"https:\/\/sonomalandtrust.org\/es\/blog\/enews-de-agosto-de-2022\/#primaryimage","url":"https:\/\/sonomalandtrust.org\/wp-content\/uploads\/2022\/08\/BayCampMain.jpg","contentUrl":"https:\/\/sonomalandtrust.org\/wp-content\/uploads\/2022\/08\/BayCampMain.jpg"},{"@type":"BreadcrumbList","@id":"https:\/\/sonomalandtrust.org\/es\/blog\/enews-de-agosto-de-2022\/#breadcrumb","itemListElement":[{"@type":"ListItem","position":1,"name":"Home","item":"https:\/\/sonomalandtrust.org\/es\/inicio\/"},{"@type":"ListItem","position":2,"name":"eNews de agosto de 2022"}]},{"@type":"WebSite","@id":"https:\/\/slt-2026.eclipse-dev.com\/#website","url":"https:\/\/slt-2026.eclipse-dev.com\/","name":"Sonoma Land Trust","description":"","publisher":{"@id":"https:\/\/slt-2026.eclipse-dev.com\/#organization"},"potentialAction":[{"@type":"SearchAction","target":{"@type":"EntryPoint","urlTemplate":"https:\/\/slt-2026.eclipse-dev.com\/?s={search_term_string}"},"query-input":{"@type":"PropertyValueSpecification","valueRequired":true,"valueName":"search_term_string"}}],"inLanguage":"es"},{"@type":"Organization","@id":"https:\/\/slt-2026.eclipse-dev.com\/#organization","name":"Fondo de Tierras de Sonoma","url":"https:\/\/slt-2026.eclipse-dev.com\/","logo":{"@type":"ImageObject","inLanguage":"es","@id":"https:\/\/slt-2026.eclipse-dev.com\/#\/schema\/logo\/image\/","url":"https:\/\/sonomalandtrust.org\/wp-content\/uploads\/2025\/10\/slt-logo.png","contentUrl":"https:\/\/sonomalandtrust.org\/wp-content\/uploads\/2025\/10\/slt-logo.png","width":549,"height":333,"caption":"Fondo de Tierras de Sonoma"},"image":{"@id":"https:\/\/slt-2026.eclipse-dev.com\/#\/schema\/logo\/image\/"},"sameAs":["http:\/\/www.facebook.com\/Sonoma-Land-Trust\/","https:\/\/www.instagram.com\/sonomalandtrust\/","https:\/\/bsky.app\/profile\/sonomalandtrust.bsky.social","https:\/\/www.youtube.com\/user\/SonomaLandTrust\/","http:\/\/www.linkedin.com\/company\/1090048?trk=tyah"]},{"@type":"Person","@id":"https:\/\/slt-2026.eclipse-dev.com\/#\/schema\/person\/c289b2019a1bd6706f93278c6def96b7","name":"eclipse","image":{"@type":"ImageObject","inLanguage":"es","@id":"https:\/\/secure.gravatar.com\/avatar\/a57eb78d56d01cafd540f163cbd4c579fb8c9fffb50c37d90cc94108dbdf7a0e?s=96&d=mm&r=g","url":"https:\/\/secure.gravatar.com\/avatar\/a57eb78d56d01cafd540f163cbd4c579fb8c9fffb50c37d90cc94108dbdf7a0e?s=96&d=mm&r=g","contentUrl":"https:\/\/secure.gravatar.com\/avatar\/a57eb78d56d01cafd540f163cbd4c579fb8c9fffb50c37d90cc94108dbdf7a0e?s=96&d=mm&r=g","caption":"eclipse"},"sameAs":["http:\/\/sonomalandtrust.org"]}]}},"_links":{"self":[{"href":"https:\/\/sonomalandtrust.org\/es\/wp-json\/wp\/v2\/posts\/14210","targetHints":{"allow":["GET"]}}],"collection":[{"href":"https:\/\/sonomalandtrust.org\/es\/wp-json\/wp\/v2\/posts"}],"about":[{"href":"https:\/\/sonomalandtrust.org\/es\/wp-json\/wp\/v2\/types\/post"}],"author":[{"embeddable":true,"href":"https:\/\/sonomalandtrust.org\/es\/wp-json\/wp\/v2\/users\/1"}],"replies":[{"embeddable":true,"href":"https:\/\/sonomalandtrust.org\/es\/wp-json\/wp\/v2\/comments?post=14210"}],"version-history":[{"count":0,"href":"https:\/\/sonomalandtrust.org\/es\/wp-json\/wp\/v2\/posts\/14210\/revisions"}],"wp:attachment":[{"href":"https:\/\/sonomalandtrust.org\/es\/wp-json\/wp\/v2\/media?parent=14210"}],"wp:term":[{"taxonomy":"category","embeddable":true,"href":"https:\/\/sonomalandtrust.org\/es\/wp-json\/wp\/v2\/categories?post=14210"},{"taxonomy":"post_tag","embeddable":true,"href":"https:\/\/sonomalandtrust.org\/es\/wp-json\/wp\/v2\/tags?post=14210"}],"curies":[{"name":"wp","href":"https:\/\/api.w.org\/{rel}","templated":true}]}}