{"id":14204,"date":"2023-07-25T04:35:09","date_gmt":"2023-07-25T11:35:09","guid":{"rendered":"https:\/\/sonomalandtrust.org\/blog\/julio-2023-enews\/"},"modified":"2023-07-25T04:35:09","modified_gmt":"2023-07-25T11:35:09","slug":"julio-2023-enews","status":"publish","type":"post","link":"https:\/\/sonomalandtrust.org\/es\/blog\/julio-2023-enews\/","title":{"rendered":"Julio 2023 eNews"},"content":{"rendered":"<div id=\"benedicta-justine\"><\/div>\n<h2>Sintoniza el canal de vida salvaje de Bodega<\/h2>\n<figure class=\"wp-block-image size-large\"><img decoding=\"async\" src=\"https:\/\/sonomalandtrust.org\/wp-content\/uploads\/2023\/07\/SLT_July_eNews_Article3.jpg\" alt=\"\"><\/figure>\n<p>Benedicta Justine, nativa del condado de Sonoma, naci\u00f3 y creci\u00f3 en la peque\u00f1a ciudad de Bodega, a la que sigue llamando hogar. Al haberse criado en un paisaje natural con acceso a espacios abiertos salvajes, la infancia de Benedicta estuvo marcada por incontables horas buscando bichos, explorando en el arroyo y trepando a los \u00e1rboles. <\/p>\n<p>\u00abMe siento bendecida por haberme criado cerca de la naturaleza y siento que ha sido mi mayor maestra, as\u00ed como un lugar donde encontrar la paz y la curaci\u00f3n\u00bb, comparte Benedicta. \u00abLa tierra me parec\u00eda m\u00e1gica y creo que me llev\u00f3 a convertirme en la persona que soy ahora\u00bb. <\/p>\n<p>Hoy en d\u00eda no ha cambiado mucho, aunque afirma que sus habilidades para trepar a los \u00e1rboles no son las mismas que cuando era ni\u00f1a. Se deja guiar por su curiosidad, buscando lugares donde sentarse y quedarse quieta, dejando que el mundo natural se revele a su alrededor e integr\u00e1ndose en el paisaje. Busca patrones, observa comportamientos sin interrumpir la actividad a su alrededor y, con un clic de su c\u00e1mara, documenta animales en su comportamiento natural.  <\/p>\n<p>\u00abCada d\u00eda me despierto pregunt\u00e1ndome con qu\u00e9 me encontrar\u00e9 y mantengo mi c\u00e1mara preparada y mis ojos y o\u00eddos abiertos para poder compartir mi amor por estos animales con los dem\u00e1s\u00bb.<\/p>\n<p>Conoce mejor a Benedicta y s\u00e9 testigo de su mundo salvaje a trav\u00e9s de sus im\u00e1genes y v\u00eddeos en <a href=\"https:\/\/www.instagram.com\/benedictajustine1971\/\">Instagram @benedictajustine1971<\/a><\/p>\n<hr class=\"wp-block-separator\">\n<div id=\"emily-summerlin\"><\/div>\n<h2>Sonoma Land Trust da la bienvenida a la directora de marketing digital Emily Summerlin<\/h2>\n<figure class=\"wp-block-image size-large\"><img decoding=\"async\" src=\"https:\/\/sonomalandtrust.org\/wp-content\/uploads\/2023\/07\/SLT_July_eNews_Emily.jpg\" alt=\"\"><\/figure>\n<p>Nos complace anunciar la incorporaci\u00f3n de Emily Summerlin al equipo de MarComms (Marketing+Comunicaciones). Emily llega a Sonoma Land Trust con casi una d\u00e9cada de experiencia en comunicaciones sin \u00e1nimo de lucro, y cree que la narraci\u00f3n creativa y aut\u00e9ntica es clave para ampliar las audiencias e impulsar un cambio transformador. Aporta al equipo de comunicaciones conocimientos sobre dise\u00f1o estrat\u00e9gico de campa\u00f1as, un compromiso con la creaci\u00f3n de relaciones aut\u00e9nticas y un profundo amor por la escritura y la edici\u00f3n. Como ecologista de toda la vida, Emily est\u00e1 encantada de trabajar en su comunidad para defender la salud de los ecosistemas, la conservaci\u00f3n y la resistencia clim\u00e1tica. Emily es una \u00e1vida lectora y una apasionada de la cocina y la reposter\u00eda, y le encanta pasar todo el tiempo posible explorando la belleza del condado de Sonoma con su perro.    <\/p>\n<hr class=\"wp-block-separator\">\n<div id=\"good-fire\"><\/div>\n<h2>\u00a1Prescribiendo buen fuego esta temporada!<\/h2>\n<figure class=\"wp-block-image size-large\"><img decoding=\"async\" src=\"https:\/\/sonomalandtrust.org\/wp-content\/uploads\/2023\/07\/SLT_July_eNews_GoodFire.jpg\" alt=\"\"><\/figure>\n<p>Como parte de nuestra <a href=\"https:\/\/sonomalandtrust.org\/living-with-fire\/\">estrategia de Vivir con los Incendios Forestales<\/a>, nuestro equipo de administraci\u00f3n ha entrenado, planificado y ejecutado con \u00e9xito buenas quemas en varias de nuestras reservas, como el Rancho Glen Oaks, el Rancho Laufenburg y, m\u00e1s recientemente, la Reserva de Pole Mountain. Cada quema requiere una cuidadosa revisi\u00f3n y un profundo conocimiento de d\u00f3nde ser\u00eda m\u00e1s beneficiosa la reintroducci\u00f3n del fuego en estos ecosistemas. Con la ayuda de nuestros socios, estamos restaurando paisajes sanos, fomentando la biodiversidad y la propagaci\u00f3n de especies aut\u00f3ctonas, adem\u00e1s de aumentar la resistencia clim\u00e1tica a los incendios forestales en nuestras zonas silvestres protegidas. Puedes recibir una notificaci\u00f3n cuando se produzca un incendio prescrito en la <a href=\"https:\/\/www.watchduty.org\">aplicaci\u00f3n WatchDuty disponible aqu\u00ed<\/a>   <\/p>\n<hr class=\"wp-block-separator\">\n<h2>\u00a1Pon tu Fondo Designado por el Donante al servicio de la naturaleza!<\/h2>\n<figure class=\"wp-block-image size-large\"><img decoding=\"async\" src=\"https:\/\/sonomalandtrust.org\/wp-content\/uploads\/2023\/07\/SLT_July_eNews_Development.jpg\" alt=\"\"><\/figure>\n<p>\u00bfTienes un Fondo Asesor de Donantes (DAF)? Son un lugar estupendo para depositar donativos destinados a organizaciones ben\u00e9ficas que se asignar\u00e1n a lo largo del tiempo, al tiempo que recibes una deducci\u00f3n fiscal por tu aportaci\u00f3n. Son tan populares que actualmente hay m\u00e1s de 234.000 MILLONES de d\u00f3lares en Fondos Asesorados por Donantes en todo el pa\u00eds, a la espera de ser transferidos a organizaciones ben\u00e9ficas. Afortunadamente, existe un programa para ayudar a poner ese dinero a trabajar, \u00a1y t\u00fa puedes ayudar!<br \/>\nPara participar, haz una donaci\u00f3n a Sonoma Land Trust antes del 29 de septiembre y comprom\u00e9tete a gastar la mitad del dinero de tu DAF. Con tu participaci\u00f3n, Sonoma Land Trust entrar\u00e1 en su programa de contrapartida, en el que podemos recibir hasta 50.000 $ en fondos de contrapartida, con lo que tu donaci\u00f3n llegar\u00e1 a\u00fan m\u00e1s lejos. Los detalles est\u00e1n en <a href=\"http:\/\/www.halfmydaf.com\">www.halfmydaf.com.<\/a><br \/>\n\u00a1Gracias por tu apoyo!  <\/p>\n<hr class=\"wp-block-separator\">\n<figure class=\"wp-block-image size-large\"><img decoding=\"async\" src=\"https:\/\/sonomalandtrust.org\/wp-content\/uploads\/2023\/07\/SLT_July_eNews_MemberAppreciation.jpg\" alt=\"\"><\/figure>\n<p>D\u00eda de Agradecimiento a los <strong>Socios &#8211; El espacio es limitado<\/strong><br \/>\n\u00a1\u00danete a nosotros el 19 de agosto de 9:00 a 13:30 en el D\u00eda de Agradecimiento a los Socios de Sonoma Land Trust en Glen Oaks Ranch Preserve!<\/p>\n<p>Como miembro valioso, queremos expresar nuestra gratitud y aprecio por tu compromiso con la conservaci\u00f3n de nuestro recurso m\u00e1s valioso: \u00a1la naturaleza!<\/p>\n<p><strong>Lugar<\/strong>: Glen Oaks Ranch Preserve &#8211; 13255 Sonoma Highway Glen Ellen, CA 95442 Por favor, comparte coche ya que el aparcamiento es limitado.<\/p>\n<p><strong>Es necesario confirmar la asistencia<\/strong> &#8211; haz clic aqu\u00ed para obtener m\u00e1s informaci\u00f3n e inscribirte <a href=\"https:\/\/sonomalandtrust.org\/events\/memberday\/\">-https:\/\/sonomalandtrust.org\/events\/memberday\/<br \/>\n<\/a><\/p>\n<hr class=\"wp-block-separator\">\n<h2>El lenguaje de la tierra: Jardiner\u00eda para la fauna<\/h2>\n<figure class=\"wp-block-image size-large\"><img decoding=\"async\" src=\"https:\/\/sonomalandtrust.org\/wp-content\/uploads\/2023\/07\/English.jpg\" alt=\"\"><\/figure>\n<div class=\"is-layout-flex wp-container-9 wp-block-columns\">\n<div class=\"is-layout-flow wp-block-column\">\n<p><strong>Utilizar plantas aut\u00f3ctonas para atraer fauna a tu jard\u00edn. Bill Klausing, Maestro Jardinero de la UC del Condado de Sonoma <\/strong><\/p>\n<p><strong>Mi\u00e9rcoles, 30 de agosto, 19.00 h<\/strong><\/p>\n<p>Acomp\u00e1\u00f1anos en un seminario web sobre el Lenguaje de la Tierra, con ideas para incorporar plantas aut\u00f3ctonas a tu jard\u00edn dom\u00e9stico, tanto para un uso eficiente del agua como para atraer a la fauna. El Maestro Jardinero Bill Klausing se basa en su propio jard\u00edn aut\u00f3ctono respetuoso con la fauna de su casa en el condado de Sonoma para ilustrar muchas de las posibilidades disponibles para los jardineros dom\u00e9sticos de la regi\u00f3n del norte de la bah\u00eda. <\/p>\n<p><a href=\"https:\/\/sonomalandtrust.zoom.us\/webinar\/register\/8216899184403\/WN_CriXUMdBRUiMv4eWPxofWQ\">Reg\u00edstrate en<\/a><\/p>\n<\/div>\n<div class=\"is-layout-flow wp-block-column\">\n<p><strong>Lenguaje de la tierra: Jardiner\u00eda para la fauna silvestre<\/strong><\/p>\n<p><strong>Utilizar plantas aut\u00f3ctonas para atraer la fauna silvestre a su jard\u00edn. Bill Klausing, maestro jardinero <\/strong><\/p>\n<p><strong>Miercoles, 30 de agosto 19:00<\/strong><\/p>\n<p>Acompa\u00f1anos a una presentaci\u00f3n de lenguaje de la tierra en la que se presentar\u00e1n ideas para incorporar plantas aut\u00f3ctonas al jard\u00edn de tu casa, tanto para un uso eficiente del agua como para atraer a la fauna silvestre. El maestro jardinero Bill Klausing se basa en su propio jard\u00edn aut\u00f3ctono en su casa del condado de Sonoma para ilustrar muchas de las posibilidades disponibles para los jardineros de la regi\u00f3n del Norte de la Bah\u00eda. <\/p>\n<p><a href=\"https:\/\/sonomalandtrust.zoom.us\/webinar\/register\/8216899184403\/WN_CriXUMdBRUiMv4eWPxofWQ\">Reg\u00edstrate en<\/a><\/p>\n<\/div>\n<\/div>\n<hr class=\"wp-block-separator\">\n<h2>Caminatas p\u00fablicas gratuitas en colaboraci\u00f3n con Ag + Open Space del Condado de Sonoma<\/h2>\n<figure class=\"wp-block-image size-large\"><img decoding=\"async\" src=\"https:\/\/sonomalandtrust.org\/wp-content\/uploads\/2023\/07\/SLT_July_eNews_CreekTrail.jpg\" alt=\"\"><\/figure>\n<div class=\"is-layout-flex wp-container-9 wp-block-columns\">\n<div class=\"is-layout-flow wp-block-column\">\n<p><strong>Paseo Urbano de Santa Rosa<\/strong><br \/>\n<strong>Arroyo Roseland<\/strong><\/p>\n<p><strong>Lunes, 7 de agosto, 18:00-19:30<\/strong><\/p>\n<p><a href=\"https:\/\/slturbanwalks080723.eventbrite.com\" target=\"_blank\" rel=\"noopener\">Inscripci\u00f3n<\/a><\/p>\n<p>\u00danete a Sonoma Land Trust y Ag + Open Space para dar un paseo por el Sendero Roseland Creek y por el futuro Parque Comunitario Roseland Creek. Este arroyo atraviesa la zona de Roseland, en la parte suroeste de Santa Rosa, y contin\u00faa a trav\u00e9s de h\u00e1bitats con charcas estacionales y de tierras altas, ofreciendo vistas despejadas de la llanura de Santa Rosa.<\/p>\n<p>Nivel: Suave<\/p>\n<\/div>\n<div class=\"is-layout-flow wp-block-column\">\n<p><strong>Caminata urbana en Santa Rosa<\/strong><br \/>\n<strong>Arroyo de Roseland<\/strong><\/p>\n<p><strong>Lunes, 7 de agosto 6-7:30pm<\/strong><\/p>\n<p><a href=\"https:\/\/slturbanwalks080723.eventbrite.com\" target=\"_blank\" rel=\"noopener\">Reg\u00edstrate en<\/a><\/p>\n<p>Acompa\u00f1a a Sonoma Land Trust y Ag + Open Space para salir a caminar por el sendero Roseland Creek y por el futuro parque comunitario Roseland Creek. Este arroyo atraviesa la zona de Roseland en el suroeste de Santa Rosa y contin\u00faa a trav\u00e9s de h\u00e1bitat de charcas vernales y de tierras altas, ofreciendo vistas abiertas a trav\u00e9s de la llanura de Santa Rosa. <\/p>\n<p>Nivel: Suave<\/p>\n<\/div>\n<\/div>\n<hr class=\"wp-block-separator\">\n<figure class=\"wp-block-image size-large\"><img decoding=\"async\" src=\"https:\/\/sonomalandtrust.org\/wp-content\/uploads\/2023\/07\/SLT_July_eNews_PoleMtn.jpg\" alt=\"\"><\/figure>\n<div class=\"is-layout-flex wp-container-9 wp-block-columns\">\n<div class=\"is-layout-flow wp-block-column\">\n<p><strong>Familias al Aire Libre<\/strong><br \/>\n<strong>Pole Mountain<\/strong><\/p>\n<p><strong>S\u00e1bado, 22 de agosto, de 9.00 a 14.00 horas<\/strong><\/p>\n<p><a href=\"https:\/\/sltfamilias082623.eventbrite.com\" target=\"_blank\" rel=\"noopener\">Reg\u00edstrate en<\/a><\/p>\n<p>Acomp\u00e1\u00f1e a Sonoma Land Trust y Ag + Open Space para un viaje a la cima de Pole Mountain, el punto m\u00e1s alto de la costa de Sonoma. Esta caminata es de aproximadamente 2 millas con un desnivel de unos 200 pies. <\/p>\n<\/div>\n<div class=\"is-layout-flow wp-block-column\">\n<p><strong>Familias al aire libre<\/strong><br \/>\n<strong>Pole Mountain<\/strong><\/p>\n<p><strong>S\u00e1bado 26 de agosto, de 9 a 14 h<\/strong><\/p>\n<p><a href=\"https:\/\/sltfamilias082623.eventbrite.com\" target=\"_blank\" rel=\"noopener\">Inscripci\u00f3n<\/a><\/p>\n<p>\u00danete a Sonoma Land Trust y Ag + Open Space en una excursi\u00f3n a la cima de Pole Mountain, el punto m\u00e1s alto de la costa de Sonoma. Esta excursi\u00f3n es de aproximadamente 3 km con un desnivel de unos 60 metros. <\/p>\n<\/div>\n<\/div>\n<hr class=\"wp-block-separator\">\n<figure class=\"wp-block-image size-large\"><img decoding=\"async\" src=\"https:\/\/sonomalandtrust.org\/wp-content\/uploads\/2023\/07\/SLT_July_eNews_Greenway.jpg\" alt=\"\"><\/figure>\n<div class=\"is-layout-flex wp-container-9 wp-block-columns\">\n<div class=\"is-layout-flow wp-block-column\">\n<p><strong>Paseo Urbano de Santa Rosa<\/strong><br \/>\n<strong>V\u00eda Verde del Sureste de Santa Rosa<\/strong><\/p>\n<p><strong>Lunes, 28 de agosto, 18:00-19:30<\/strong><\/p>\n<p><a href=\"https:\/\/slturbanwalks082823.eventbrite.com\" target=\"_blank\" rel=\"noopener\">Inscripci\u00f3n<\/a><\/p>\n<p>\u00danete a Sonoma Land Trust, Ag + Open Space y a la campa\u00f1a de la V\u00eda Verde del Sureste de Santa Rosa para dar un paseo junto al futuro parque de la V\u00eda Verde del Sureste. Aprenderemos qu\u00e9 arroyos cruzan la V\u00eda Verde y d\u00f3nde podr\u00edan estar en el futuro elementos como senderos, jardines comunitarios y viviendas de uso mixto. Este paseo es de tres kil\u00f3metros en terreno llano.  <\/p>\n<p>Nivel: Suave<\/p>\n<\/div>\n<div class=\"is-layout-flow wp-block-column\">\n<p><strong>Caminata urbana en Santa Rosa<\/strong><br \/>\n<strong>V\u00eda Verde del Sureste de Santa Rosa<\/strong><\/p>\n<p><strong>Lunes, 28 de agosto, 18:00-19:30<\/strong><\/p>\n<p><a href=\"https:\/\/slturbanwalks082823.eventbrite.com\" target=\"_blank\" rel=\"noopener\">Reg\u00edstrate en<\/a><\/p>\n<p>Acompa\u00f1e a Sonoma Land Trust, Ag + Open Space y a la campa\u00f1a de Southeast Greenway de Santa Rosa para dar un paseo junto al futuro parque Southeast Greenway. Aprenderemos qu\u00e9 arroyos cruzan la v\u00eda verde y d\u00f3nde podr\u00edan estar en el futuro elementos como senderos, jardines comunitarios y viviendas de uso mixto. Este paseo es de dos millas en terreno plano.  <\/p>\n<p>Nivel: Suave<\/p>\n<\/div>\n<\/div>\n<hr class=\"wp-block-separator\">\n<figure class=\"wp-block-image size-large\"><img decoding=\"async\" src=\"https:\/\/sonomalandtrust.org\/wp-content\/uploads\/2023\/07\/SLT_July_eNews_TaylorMtn.jpg\" alt=\"\"><\/figure>\n<div class=\"is-layout-flex wp-container-9 wp-block-columns\">\n<div class=\"is-layout-flow wp-block-column\">\n<p><strong>Excursi\u00f3n al atardecer de verano<\/strong><br \/>\n<strong>Monta\u00f1a Taylor<\/strong><\/p>\n<p><strong>Jueves 31 de agosto, de 18:00 a 20:00<\/strong><\/p>\n<p><a href=\"https:\/\/sltsunset083123.eventbrite.com\" target=\"_blank\" rel=\"noopener\">Inscripci\u00f3n<\/a><\/p>\n<p>\u00danete a Sonoma Land Trust y Ag + Open Space para una excursi\u00f3n al atardecer de verano en Taylor Mountain. Empezaremos en la entrada norte del sendero Kawana Terrace y recorreremos parte del sendero Sky Lupine para disfrutar de amplias vistas de Santa Rosa y m\u00e1s all\u00e1. Esta caminata es de aproximadamente 3 km con un desnivel de 400 pies.  <\/p>\n<p>Nivel: Moderado<\/p>\n<\/div>\n<div class=\"is-layout-flow wp-block-column\">\n<p><strong>Caminata al aterdecer de verano<\/strong><br \/>\n<strong>Monta\u00f1a Taylor<\/strong><\/p>\n<p><strong>Jueves, 31 de agosto, 18:00-20:00<\/strong><\/p>\n<p><a href=\"https:\/\/sltsunset083123.eventbrite.com\" target=\"_blank\" rel=\"noopener\">Reg\u00edstrate<\/a><br \/>\nAcompa\u00f1a a Sonoma Land Trust y Ag + Open Space para una caminata al atardecer de verano en Taylor Mountain. Comenzaremos en el inicio del sendero Kawana Terrace (entrada norte) y recorreremos parte del sendero Sky Lupine para disfrutar de amplias vistas de Santa Rosa y m\u00e1s all\u00e1. Esta caminata es de aproximadamente 2 millas con 400 pies de desnivel.  <\/p>\n<p>Nivel: Moderado<\/p>\n<\/div>\n<\/div>\n<p><em>No hay que pagar por estos actos, que son posibles gracias a los votantes del condado de Sonoma, que financian el trabajo de Ag + Open Space con un impuesto sobre las ventas de un cuarto de c\u00e9ntimo.<\/em><\/p>\n<p><em>Estos eventos son gratuitos y son posibles gracias a los votantes del condado de Sonoma, que financian la labor de Ag + Open Space con un impuesto sobre las ventas de un cuarto de c\u00e9ntimo.<\/em><\/p>\n<hr class=\"wp-block-separator\">\n<h2>Caminatas p\u00fablicas adicionales<\/h2>\n<figure class=\"wp-block-image size-large\"><img decoding=\"async\" src=\"https:\/\/sonomalandtrust.org\/wp-content\/uploads\/2023\/07\/SLT_July_eNews_LOR.jpg\" alt=\"\"><\/figure>\n<div class=\"is-layout-flex wp-container-9 wp-block-columns\">\n<div class=\"is-layout-flow wp-block-column\">\n<p><strong>Excursi\u00f3n al atardecer de verano<\/strong><br \/>\n<strong>Rancho Live Oaks<\/strong><\/p>\n<p><strong>Jueves, 10 de agosto, 17:30-21:00<\/strong><\/p>\n<p><a href=\"https:\/\/sltsunset081023.eventbrite.com\" target=\"_blank\" rel=\"noopener\">Inscripci\u00f3n<\/a><\/p>\n<p>\u00danete a Sonoma Land Trust en una excursi\u00f3n al atardecer de verano en el rancho Live Oaks de Knights Valley. Caminaremos por el arroyo Bidwell hasta la cuenca cercana a su nacimiento, y luego atravesaremos los bosques de robles hasta la cima de una cresta con vistas al monte Santa Helena. Esta caminata es de aproximadamente 3 km con un desnivel de 300 pies.  <\/p>\n<p>Nivel: Moderado<\/p>\n<p>[Reuni\u00f3n en Mark West Springs Road a las 5:30. Alternativamente, re\u00fanete en la propiedad a las 18:00. Parte de la caminata transcurre por un sendero llano y otra parte es campo a trav\u00e9s con desniveles. Lleva pantalones largos].<\/p>\n<\/div>\n<div class=\"is-layout-flow wp-block-column\">\n<p><strong>Caminata al aterdecer de verano<\/strong><br \/>\n<strong>Rancho Live Oaks<\/strong><\/p>\n<p><strong>Jueves, 10 de agosto, 17:30-21:00<\/strong><\/p>\n<p><a href=\"https:\/\/sltsunset081023.eventbrite.com\" target=\"_blank\" rel=\"noopener\">Reg\u00edstrate<\/a><br \/>\nAcomp\u00e1\u00f1e a Sonoma Land Trust para una caminata al atardecer de verano en Live Oaks Ranch en Knights Valley. Caminaremos a lo largo del arroyo Bidwell hasta la cuenca cerca de su nacimiento, y luego atravesaremos los bosques de robles hasta la cima de una cresta con vistas al Monte Santa Helena. Esta caminata es de aproximadamente 2 millas con 300 pies de desnivel.  <\/p>\n<p>Nivel: Moderado<\/p>\n<\/div>\n<\/div>\n<hr class=\"wp-block-separator\">\n<figure class=\"wp-block-image size-large\"><img decoding=\"async\" src=\"https:\/\/sonomalandtrust.org\/wp-content\/uploads\/2023\/07\/SLT_July_eNews_SPR.jpg\" alt=\"\"><\/figure>\n<div class=\"is-layout-flex wp-container-9 wp-block-columns\">\n<div class=\"is-layout-flow wp-block-column\">\n<p><strong>Excursi\u00f3n al atardecer de verano<\/strong><br \/>\n<strong>Rancho Sears Point<\/strong><\/p>\n<p><strong>Jueves, 17 de agosto, 18:30-20:30<\/strong><\/p>\n<p><a href=\"https:\/\/sltsunset081723.eventbrite.com\" target=\"_blank\" rel=\"noopener\">Inscripci\u00f3n<\/a><\/p>\n<p>\u00danete a Sonoma Land Trust para una excursi\u00f3n al atardecer de verano en Sears Point Ranch, en las estribaciones de Cougar Mountain. Disfrutaremos de amplias vistas de la Bah\u00eda de San Pablo y m\u00e1s all\u00e1 desde este h\u00e1bitat de praderas abiertas. Esta excursi\u00f3n tiene una longitud aproximada de 1,5 millas y un desnivel de 300 pies.  <\/p>\n<p>Nivel: Moderado.<\/p>\n<p>[Re\u00fanete en Sears Point a las 18:30. No hay senderos: el terreno est\u00e1 lleno de baches y en la propiedad hay vacas. Trae bastones de senderismo, pantalones largos y calzado con buena sujeci\u00f3n para los tobillos].<\/p>\n<\/div>\n<div class=\"is-layout-flow wp-block-column\">\n<p><strong>Caminata al aterdecer de verano<\/strong><br \/>\n<strong>Rancho Sears Point<\/strong><\/p>\n<p><strong>Jueves, 17 de agosto, 18:30-20:30<\/strong><\/p>\n<p><a href=\"https:\/\/sltsunset081723.eventbrite.com\" target=\"_blank\" rel=\"noopener\">Reg\u00edstrate<\/a><br \/>\nAcomp\u00e1\u00f1e a Sonoma Land Trust para una excursi\u00f3n al atardecer de verano en Sears Point Ranch, al pie del monte de Cougar Mountain. Disfrutaremos de amplias vistas de la bah\u00eda de San Pablo y m\u00e1s all\u00e1 de este h\u00e1bitat de pastizales abiertos. Esta caminata es de aproximadamente 1,5 millas con 300 pies de desnivel.  <\/p>\n<p>Nivel: Moderado.<\/p>\n<\/div>\n<\/div>\n<hr class=\"wp-block-separator\">\n<div id=\"recommendations\"><\/div>\n<div class=\"\" style=\"flex-wrap: wrap; column-gap: 1rem;\">\n<div style=\"flex-basis: calc(33% - 0.5rem);\"><img decoding=\"async\" src=\"https:\/\/sonomalandtrust.org\/wp-content\/uploads\/2023\/06\/rec.png\"><\/div>\n<div style=\"flex-basis: calc(66% - 0.5rem);\">\n<ul>\n<li><strong>Libro <\/strong><a href=\"https:\/\/islandpress.org\/books\/protecting-wild\" target=\"_blank\" rel=\"noopener\">Proteger lo salvaje<\/a><\/li>\n<li><strong>Podcast: <\/strong><a href=\"https:\/\/www.npr.org\/podcasts\/1116397394\/the-conserving-earth-podcast\" target=\"_blank\" rel=\"noopener\">El Podcast Conservar la Tierra de NPR<\/a><\/li>\n<li><strong>Webinar: <\/strong><a href=\"https:\/\/www.youtube.com\/watch?v=demI7BKtW5c&amp;t=230s\">El lenguaje de la tierra: Vivir con leones<\/a>\n<ul>\n<li><a href=\"https:\/\/www.youtube.com\/watch?v=_3fRsOwrMhg&amp;t=59s\">Lenguaje de la tierra: viviendo con leones<\/a><\/li>\n<\/ul>\n<\/li>\n<li><strong>Charla TED: <\/strong><a href=\"https:\/\/www.ted.com\/talks\/moreangels_mbizah_how_community_led_conservation_can_save_wildlife?language=en\" target=\"_blank\" rel=\"noopener\">C\u00f3mo la conservaci\u00f3n dirigida por la comunidad puede salvar la vida salvaje<\/a><\/li>\n<li><strong>App: <\/strong><a href=\"https:\/\/explorer.audubon.org\/about\/partners\">El Explorador de la Migraci\u00f3n de las Aves<\/a><\/li>\n<\/ul>\n<\/div>\n<\/div>\n","protected":false},"excerpt":{"rendered":"<p>Benedicta Justine, nativa del condado de Sonoma, naci\u00f3 y creci\u00f3 en la peque\u00f1a ciudad de Bodega, a la que sigue llamando hogar. Al haberse criado en un paisaje natural con acceso a espacios abiertos salvajes, la infancia de Benedicta estuvo marcada por incontables horas buscando bichos, explorando en el arroyo y trepando a los \u00e1rboles. [&hellip;]<\/p>\n","protected":false},"author":1,"featured_media":0,"comment_status":"closed","ping_status":"closed","sticky":false,"template":"","format":"standard","meta":{"_acf_changed":false,"footnotes":""},"categories":[85],"tags":[],"class_list":["post-14204","post","type-post","status-publish","format-standard","hentry","category-enoticias"],"acf":[],"yoast_head":"<!-- This site is optimized with the Yoast SEO plugin v27.3 - https:\/\/yoast.com\/product\/yoast-seo-wordpress\/ -->\n<title>Julio 2023 eNews &#8212; Sonoma Land Trust<\/title>\n<meta name=\"description\" content=\"Sintoniza el canal de vida salvaje de Bodega Benedicta Justine, nativa del condado de Sonoma, naci\u00f3 y creci\u00f3 en la peque\u00f1a ciudad de Bodega, a la que\" \/>\n<meta name=\"robots\" content=\"index, follow, max-snippet:-1, max-image-preview:large, max-video-preview:-1\" \/>\n<link rel=\"canonical\" href=\"https:\/\/sonomalandtrust.org\/es\/blog\/julio-2023-enews\/\" \/>\n<meta property=\"og:locale\" content=\"es_ES\" \/>\n<meta property=\"og:type\" content=\"article\" \/>\n<meta property=\"og:title\" content=\"Julio 2023 eNews &#8212; Sonoma Land Trust\" \/>\n<meta property=\"og:description\" content=\"Sintoniza el canal de vida salvaje de Bodega Benedicta Justine, nativa del condado de Sonoma, naci\u00f3 y creci\u00f3 en la peque\u00f1a ciudad de Bodega, a la que\" \/>\n<meta property=\"og:url\" content=\"https:\/\/sonomalandtrust.org\/es\/blog\/julio-2023-enews\/\" \/>\n<meta property=\"og:site_name\" content=\"Sonoma Land Trust\" \/>\n<meta property=\"article:publisher\" content=\"http:\/\/www.facebook.com\/Sonoma-Land-Trust\/\" \/>\n<meta property=\"article:published_time\" content=\"2023-07-25T11:35:09+00:00\" \/>\n<meta property=\"og:image\" content=\"https:\/\/sonomalandtrust.org\/wp-content\/uploads\/2023\/07\/SLT_July_eNews_Article3.jpg\" \/>\n<meta name=\"twitter:card\" content=\"summary_large_image\" \/>\n<meta name=\"twitter:label1\" content=\"Written by\" \/>\n\t<meta name=\"twitter:data1\" content=\"eclipse\" \/>\n\t<meta name=\"twitter:label2\" content=\"Est. reading time\" \/>\n\t<meta name=\"twitter:data2\" content=\"11 minuto\" \/>\n<script type=\"application\/ld+json\" class=\"yoast-schema-graph\">{\"@context\":\"https:\\\/\\\/schema.org\",\"@graph\":[{\"@type\":\"Article\",\"@id\":\"https:\\\/\\\/sonomalandtrust.org\\\/es\\\/blog\\\/julio-2023-enews\\\/#article\",\"isPartOf\":{\"@id\":\"https:\\\/\\\/sonomalandtrust.org\\\/es\\\/blog\\\/julio-2023-enews\\\/\"},\"author\":{\"name\":\"eclipse\",\"@id\":\"https:\\\/\\\/slt-2026.eclipse-dev.com\\\/#\\\/schema\\\/person\\\/c289b2019a1bd6706f93278c6def96b7\"},\"headline\":\"Julio 2023 eNews\",\"datePublished\":\"2023-07-25T11:35:09+00:00\",\"mainEntityOfPage\":{\"@id\":\"https:\\\/\\\/sonomalandtrust.org\\\/es\\\/blog\\\/julio-2023-enews\\\/\"},\"wordCount\":2228,\"publisher\":{\"@id\":\"https:\\\/\\\/slt-2026.eclipse-dev.com\\\/#organization\"},\"image\":{\"@id\":\"https:\\\/\\\/sonomalandtrust.org\\\/es\\\/blog\\\/julio-2023-enews\\\/#primaryimage\"},\"thumbnailUrl\":\"https:\\\/\\\/sonomalandtrust.org\\\/wp-content\\\/uploads\\\/2023\\\/07\\\/SLT_July_eNews_Article3.jpg\",\"articleSection\":[\"eNoticias\"],\"inLanguage\":\"es\"},{\"@type\":\"WebPage\",\"@id\":\"https:\\\/\\\/sonomalandtrust.org\\\/es\\\/blog\\\/julio-2023-enews\\\/\",\"url\":\"https:\\\/\\\/sonomalandtrust.org\\\/es\\\/blog\\\/julio-2023-enews\\\/\",\"name\":\"Julio 2023 eNews &#8212; Sonoma Land Trust\",\"isPartOf\":{\"@id\":\"https:\\\/\\\/slt-2026.eclipse-dev.com\\\/#website\"},\"primaryImageOfPage\":{\"@id\":\"https:\\\/\\\/sonomalandtrust.org\\\/es\\\/blog\\\/julio-2023-enews\\\/#primaryimage\"},\"image\":{\"@id\":\"https:\\\/\\\/sonomalandtrust.org\\\/es\\\/blog\\\/julio-2023-enews\\\/#primaryimage\"},\"thumbnailUrl\":\"https:\\\/\\\/sonomalandtrust.org\\\/wp-content\\\/uploads\\\/2023\\\/07\\\/SLT_July_eNews_Article3.jpg\",\"datePublished\":\"2023-07-25T11:35:09+00:00\",\"description\":\"Sintoniza el canal de vida salvaje de Bodega Benedicta Justine, nativa del condado de Sonoma, naci\u00f3 y creci\u00f3 en la peque\u00f1a ciudad de Bodega, a la que\",\"breadcrumb\":{\"@id\":\"https:\\\/\\\/sonomalandtrust.org\\\/es\\\/blog\\\/julio-2023-enews\\\/#breadcrumb\"},\"inLanguage\":\"es\",\"potentialAction\":[{\"@type\":\"ReadAction\",\"target\":[\"https:\\\/\\\/sonomalandtrust.org\\\/es\\\/blog\\\/julio-2023-enews\\\/\"]}]},{\"@type\":\"ImageObject\",\"inLanguage\":\"es\",\"@id\":\"https:\\\/\\\/sonomalandtrust.org\\\/es\\\/blog\\\/julio-2023-enews\\\/#primaryimage\",\"url\":\"https:\\\/\\\/sonomalandtrust.org\\\/wp-content\\\/uploads\\\/2023\\\/07\\\/SLT_July_eNews_Article3.jpg\",\"contentUrl\":\"https:\\\/\\\/sonomalandtrust.org\\\/wp-content\\\/uploads\\\/2023\\\/07\\\/SLT_July_eNews_Article3.jpg\"},{\"@type\":\"BreadcrumbList\",\"@id\":\"https:\\\/\\\/sonomalandtrust.org\\\/es\\\/blog\\\/julio-2023-enews\\\/#breadcrumb\",\"itemListElement\":[{\"@type\":\"ListItem\",\"position\":1,\"name\":\"Home\",\"item\":\"https:\\\/\\\/sonomalandtrust.org\\\/es\\\/inicio\\\/\"},{\"@type\":\"ListItem\",\"position\":2,\"name\":\"Julio 2023 eNews\"}]},{\"@type\":\"WebSite\",\"@id\":\"https:\\\/\\\/slt-2026.eclipse-dev.com\\\/#website\",\"url\":\"https:\\\/\\\/slt-2026.eclipse-dev.com\\\/\",\"name\":\"Sonoma Land Trust\",\"description\":\"\",\"publisher\":{\"@id\":\"https:\\\/\\\/slt-2026.eclipse-dev.com\\\/#organization\"},\"potentialAction\":[{\"@type\":\"SearchAction\",\"target\":{\"@type\":\"EntryPoint\",\"urlTemplate\":\"https:\\\/\\\/slt-2026.eclipse-dev.com\\\/?s={search_term_string}\"},\"query-input\":{\"@type\":\"PropertyValueSpecification\",\"valueRequired\":true,\"valueName\":\"search_term_string\"}}],\"inLanguage\":\"es\"},{\"@type\":\"Organization\",\"@id\":\"https:\\\/\\\/slt-2026.eclipse-dev.com\\\/#organization\",\"name\":\"Fondo de Tierras de Sonoma\",\"url\":\"https:\\\/\\\/slt-2026.eclipse-dev.com\\\/\",\"logo\":{\"@type\":\"ImageObject\",\"inLanguage\":\"es\",\"@id\":\"https:\\\/\\\/slt-2026.eclipse-dev.com\\\/#\\\/schema\\\/logo\\\/image\\\/\",\"url\":\"https:\\\/\\\/sonomalandtrust.org\\\/wp-content\\\/uploads\\\/2025\\\/10\\\/slt-logo.png\",\"contentUrl\":\"https:\\\/\\\/sonomalandtrust.org\\\/wp-content\\\/uploads\\\/2025\\\/10\\\/slt-logo.png\",\"width\":549,\"height\":333,\"caption\":\"Fondo de Tierras de Sonoma\"},\"image\":{\"@id\":\"https:\\\/\\\/slt-2026.eclipse-dev.com\\\/#\\\/schema\\\/logo\\\/image\\\/\"},\"sameAs\":[\"http:\\\/\\\/www.facebook.com\\\/Sonoma-Land-Trust\\\/\",\"https:\\\/\\\/www.instagram.com\\\/sonomalandtrust\\\/\",\"https:\\\/\\\/bsky.app\\\/profile\\\/sonomalandtrust.bsky.social\",\"https:\\\/\\\/www.youtube.com\\\/user\\\/SonomaLandTrust\\\/\",\"http:\\\/\\\/www.linkedin.com\\\/company\\\/1090048?trk=tyah\"]},{\"@type\":\"Person\",\"@id\":\"https:\\\/\\\/slt-2026.eclipse-dev.com\\\/#\\\/schema\\\/person\\\/c289b2019a1bd6706f93278c6def96b7\",\"name\":\"eclipse\",\"image\":{\"@type\":\"ImageObject\",\"inLanguage\":\"es\",\"@id\":\"https:\\\/\\\/secure.gravatar.com\\\/avatar\\\/a57eb78d56d01cafd540f163cbd4c579fb8c9fffb50c37d90cc94108dbdf7a0e?s=96&d=mm&r=g\",\"url\":\"https:\\\/\\\/secure.gravatar.com\\\/avatar\\\/a57eb78d56d01cafd540f163cbd4c579fb8c9fffb50c37d90cc94108dbdf7a0e?s=96&d=mm&r=g\",\"contentUrl\":\"https:\\\/\\\/secure.gravatar.com\\\/avatar\\\/a57eb78d56d01cafd540f163cbd4c579fb8c9fffb50c37d90cc94108dbdf7a0e?s=96&d=mm&r=g\",\"caption\":\"eclipse\"},\"sameAs\":[\"http:\\\/\\\/sonomalandtrust.org\"]}]}<\/script>\n<!-- \/ Yoast SEO plugin. -->","yoast_head_json":{"title":"Julio 2023 eNews &#8212; Sonoma Land Trust","description":"Sintoniza el canal de vida salvaje de Bodega Benedicta Justine, nativa del condado de Sonoma, naci\u00f3 y creci\u00f3 en la peque\u00f1a ciudad de Bodega, a la que","robots":{"index":"index","follow":"follow","max-snippet":"max-snippet:-1","max-image-preview":"max-image-preview:large","max-video-preview":"max-video-preview:-1"},"canonical":"https:\/\/sonomalandtrust.org\/es\/blog\/julio-2023-enews\/","og_locale":"es_ES","og_type":"article","og_title":"Julio 2023 eNews &#8212; Sonoma Land Trust","og_description":"Sintoniza el canal de vida salvaje de Bodega Benedicta Justine, nativa del condado de Sonoma, naci\u00f3 y creci\u00f3 en la peque\u00f1a ciudad de Bodega, a la que","og_url":"https:\/\/sonomalandtrust.org\/es\/blog\/julio-2023-enews\/","og_site_name":"Sonoma Land Trust","article_publisher":"http:\/\/www.facebook.com\/Sonoma-Land-Trust\/","article_published_time":"2023-07-25T11:35:09+00:00","og_image":[{"url":"https:\/\/sonomalandtrust.org\/wp-content\/uploads\/2023\/07\/SLT_July_eNews_Article3.jpg","type":"","width":"","height":""}],"twitter_card":"summary_large_image","twitter_misc":{"Written by":"eclipse","Est. reading time":"11 minuto"},"schema":{"@context":"https:\/\/schema.org","@graph":[{"@type":"Article","@id":"https:\/\/sonomalandtrust.org\/es\/blog\/julio-2023-enews\/#article","isPartOf":{"@id":"https:\/\/sonomalandtrust.org\/es\/blog\/julio-2023-enews\/"},"author":{"name":"eclipse","@id":"https:\/\/slt-2026.eclipse-dev.com\/#\/schema\/person\/c289b2019a1bd6706f93278c6def96b7"},"headline":"Julio 2023 eNews","datePublished":"2023-07-25T11:35:09+00:00","mainEntityOfPage":{"@id":"https:\/\/sonomalandtrust.org\/es\/blog\/julio-2023-enews\/"},"wordCount":2228,"publisher":{"@id":"https:\/\/slt-2026.eclipse-dev.com\/#organization"},"image":{"@id":"https:\/\/sonomalandtrust.org\/es\/blog\/julio-2023-enews\/#primaryimage"},"thumbnailUrl":"https:\/\/sonomalandtrust.org\/wp-content\/uploads\/2023\/07\/SLT_July_eNews_Article3.jpg","articleSection":["eNoticias"],"inLanguage":"es"},{"@type":"WebPage","@id":"https:\/\/sonomalandtrust.org\/es\/blog\/julio-2023-enews\/","url":"https:\/\/sonomalandtrust.org\/es\/blog\/julio-2023-enews\/","name":"Julio 2023 eNews &#8212; Sonoma Land Trust","isPartOf":{"@id":"https:\/\/slt-2026.eclipse-dev.com\/#website"},"primaryImageOfPage":{"@id":"https:\/\/sonomalandtrust.org\/es\/blog\/julio-2023-enews\/#primaryimage"},"image":{"@id":"https:\/\/sonomalandtrust.org\/es\/blog\/julio-2023-enews\/#primaryimage"},"thumbnailUrl":"https:\/\/sonomalandtrust.org\/wp-content\/uploads\/2023\/07\/SLT_July_eNews_Article3.jpg","datePublished":"2023-07-25T11:35:09+00:00","description":"Sintoniza el canal de vida salvaje de Bodega Benedicta Justine, nativa del condado de Sonoma, naci\u00f3 y creci\u00f3 en la peque\u00f1a ciudad de Bodega, a la que","breadcrumb":{"@id":"https:\/\/sonomalandtrust.org\/es\/blog\/julio-2023-enews\/#breadcrumb"},"inLanguage":"es","potentialAction":[{"@type":"ReadAction","target":["https:\/\/sonomalandtrust.org\/es\/blog\/julio-2023-enews\/"]}]},{"@type":"ImageObject","inLanguage":"es","@id":"https:\/\/sonomalandtrust.org\/es\/blog\/julio-2023-enews\/#primaryimage","url":"https:\/\/sonomalandtrust.org\/wp-content\/uploads\/2023\/07\/SLT_July_eNews_Article3.jpg","contentUrl":"https:\/\/sonomalandtrust.org\/wp-content\/uploads\/2023\/07\/SLT_July_eNews_Article3.jpg"},{"@type":"BreadcrumbList","@id":"https:\/\/sonomalandtrust.org\/es\/blog\/julio-2023-enews\/#breadcrumb","itemListElement":[{"@type":"ListItem","position":1,"name":"Home","item":"https:\/\/sonomalandtrust.org\/es\/inicio\/"},{"@type":"ListItem","position":2,"name":"Julio 2023 eNews"}]},{"@type":"WebSite","@id":"https:\/\/slt-2026.eclipse-dev.com\/#website","url":"https:\/\/slt-2026.eclipse-dev.com\/","name":"Sonoma Land Trust","description":"","publisher":{"@id":"https:\/\/slt-2026.eclipse-dev.com\/#organization"},"potentialAction":[{"@type":"SearchAction","target":{"@type":"EntryPoint","urlTemplate":"https:\/\/slt-2026.eclipse-dev.com\/?s={search_term_string}"},"query-input":{"@type":"PropertyValueSpecification","valueRequired":true,"valueName":"search_term_string"}}],"inLanguage":"es"},{"@type":"Organization","@id":"https:\/\/slt-2026.eclipse-dev.com\/#organization","name":"Fondo de Tierras de Sonoma","url":"https:\/\/slt-2026.eclipse-dev.com\/","logo":{"@type":"ImageObject","inLanguage":"es","@id":"https:\/\/slt-2026.eclipse-dev.com\/#\/schema\/logo\/image\/","url":"https:\/\/sonomalandtrust.org\/wp-content\/uploads\/2025\/10\/slt-logo.png","contentUrl":"https:\/\/sonomalandtrust.org\/wp-content\/uploads\/2025\/10\/slt-logo.png","width":549,"height":333,"caption":"Fondo de Tierras de Sonoma"},"image":{"@id":"https:\/\/slt-2026.eclipse-dev.com\/#\/schema\/logo\/image\/"},"sameAs":["http:\/\/www.facebook.com\/Sonoma-Land-Trust\/","https:\/\/www.instagram.com\/sonomalandtrust\/","https:\/\/bsky.app\/profile\/sonomalandtrust.bsky.social","https:\/\/www.youtube.com\/user\/SonomaLandTrust\/","http:\/\/www.linkedin.com\/company\/1090048?trk=tyah"]},{"@type":"Person","@id":"https:\/\/slt-2026.eclipse-dev.com\/#\/schema\/person\/c289b2019a1bd6706f93278c6def96b7","name":"eclipse","image":{"@type":"ImageObject","inLanguage":"es","@id":"https:\/\/secure.gravatar.com\/avatar\/a57eb78d56d01cafd540f163cbd4c579fb8c9fffb50c37d90cc94108dbdf7a0e?s=96&d=mm&r=g","url":"https:\/\/secure.gravatar.com\/avatar\/a57eb78d56d01cafd540f163cbd4c579fb8c9fffb50c37d90cc94108dbdf7a0e?s=96&d=mm&r=g","contentUrl":"https:\/\/secure.gravatar.com\/avatar\/a57eb78d56d01cafd540f163cbd4c579fb8c9fffb50c37d90cc94108dbdf7a0e?s=96&d=mm&r=g","caption":"eclipse"},"sameAs":["http:\/\/sonomalandtrust.org"]}]}},"_links":{"self":[{"href":"https:\/\/sonomalandtrust.org\/es\/wp-json\/wp\/v2\/posts\/14204","targetHints":{"allow":["GET"]}}],"collection":[{"href":"https:\/\/sonomalandtrust.org\/es\/wp-json\/wp\/v2\/posts"}],"about":[{"href":"https:\/\/sonomalandtrust.org\/es\/wp-json\/wp\/v2\/types\/post"}],"author":[{"embeddable":true,"href":"https:\/\/sonomalandtrust.org\/es\/wp-json\/wp\/v2\/users\/1"}],"replies":[{"embeddable":true,"href":"https:\/\/sonomalandtrust.org\/es\/wp-json\/wp\/v2\/comments?post=14204"}],"version-history":[{"count":0,"href":"https:\/\/sonomalandtrust.org\/es\/wp-json\/wp\/v2\/posts\/14204\/revisions"}],"wp:attachment":[{"href":"https:\/\/sonomalandtrust.org\/es\/wp-json\/wp\/v2\/media?parent=14204"}],"wp:term":[{"taxonomy":"category","embeddable":true,"href":"https:\/\/sonomalandtrust.org\/es\/wp-json\/wp\/v2\/categories?post=14204"},{"taxonomy":"post_tag","embeddable":true,"href":"https:\/\/sonomalandtrust.org\/es\/wp-json\/wp\/v2\/tags?post=14204"}],"curies":[{"name":"wp","href":"https:\/\/api.w.org\/{rel}","templated":true}]}}