{"id":14174,"date":"2018-12-07T00:00:00","date_gmt":"2018-12-07T08:00:00","guid":{"rendered":"https:\/\/sonomalandtrust.org\/blog\/un-sueno-de-hielo\/"},"modified":"2018-12-07T00:00:00","modified_gmt":"2018-12-07T08:00:00","slug":"un-sueno-de-hielo","status":"publish","type":"post","link":"https:\/\/sonomalandtrust.org\/es\/blog\/un-sueno-de-hielo\/","title":{"rendered":"un sue\u00f1o de hielo"},"content":{"rendered":"<h2 class=\"wsite-content-title\">por Corby Hines<\/h2>\n<div class=\"wsite-spacer\" style=\"height:10px;\"><\/div>\n<div class=\"wsite-spacer\" style=\"height:10px;\"><\/div>\n<div class=\"paragraph\" style=\"text-align:center;\"><font size=\"5\">vivir la edad de hielo y el calentamiento global<\/font><\/div>\n<div class=\"wsite-spacer\" style=\"height:10px;\"><\/div>\n<div class=\"paragraph\">La perspectiva es importante. Como fot\u00f3grafo, me he dado cuenta de que incluso un peque\u00f1o movimiento para reencuadrar el sujeto puede tener un efecto espectacular en el resultado de la foto. <\/p>\n<p>Con la reciente <a href=\"https:\/\/nca2014.globalchange.gov\/\">Evaluaci\u00f3n Nacional del Clima<\/a>, es f\u00e1cil deprimirse o incluso sucumbir a la desesperaci\u00f3n con las terribles advertencias de cambio y trastorno que podemos esperar con un clima que se calienta r\u00e1pidamente. Nuestra imagen actual del futuro clim\u00e1tico de la Tierra y de nuestro papel en \u00e9l es bastante oscura.<\/p>\n<p> Sin embargo, un simple cambio de perspectiva para replantear el tema abrir\u00e1 posibilidades totalmente nuevas. As\u00ed pues, adoptemos una visi\u00f3n m\u00e1s amplia del clima de la Tierra y veamos el calentamiento global bajo una nueva luz: \u00a1imaginando algo a\u00fan peor! \u00a1Imaginemos c\u00f3mo ser\u00eda vivir una edad de hielo!   <\/p><\/div>\n<div> <!--BLOG_SUMMARY_END--><\/div>\n<div>\n<div class=\"wsite-image wsite-image-border-none\" style=\"padding-top:10px;padding-bottom:10px;margin-left:0px;margin-right:0px;text-align:center\"> <a href=\"https:\/\/en.wikipedia.org\/wiki\/Lake_Chicago\" target=\"_blank\"> <img decoding=\"async\" alt=\"Fotograf\u00eda\" src=\"https:\/\/sonomalandtrust.org\/wp-content\/uploads\/2025\/09\/corby-1_1_orig.jpg\" style=\"width:auto;max-width:100%\"> <\/a> <\/p>\n<div style=\"display:block;font-size:90%\"><\/div>\n<\/p><\/div>\n<\/div>\n<div class=\"wsite-spacer\" style=\"height:10px;\"><\/div>\n<div class=\"paragraph\">S\u00ed, as\u00ed es, imagina un tercio de la superficie terrestre cubierta por capas de hielo de un kil\u00f3metro de grosor. Imagina Chicago, Detroit, Cleveland y Nueva York borradas del mapa (creo que mi ciudad natal de B\u00fafalo estar\u00eda bien). Es tan fr\u00edo y seco que la agricultura en nuestras latitudes es casi imposible y nuestro sistema alimentario se colapsa. El nivel del mar desciende 400 pies, bloqueando los grandes puertos del mundo. Imag\u00ednate a canadienses y estadounidenses dirigi\u00e9ndose al sur para buscar refugio en M\u00e9xico.      <\/div>\n<div>\n<div class=\"wsite-image wsite-image-border-medium\" style=\"padding-top:5px;padding-bottom:10px;margin-left:0px;margin-right:10px;text-align:center\"> <a href=\"https:\/\/www.csantosvp.pt\/blog\/2017\/09\/21\/os-documentarios-ver-os-pequenos\/\" target=\"_blank\"> <img decoding=\"async\" alt=\"Fotograf\u00eda\" src=\"https:\/\/sonomalandtrust.org\/wp-content\/uploads\/2025\/09\/corby-2.jpg\" style=\"width:auto;max-width:100%\"> <\/a> <\/p>\n<div style=\"display:block;font-size:90%\"><\/div>\n<\/p><\/div>\n<\/div>\n<div class=\"wsite-spacer\" style=\"height:10px;\"><\/div>\n<div class=\"paragraph\">Ahora bien, este escenario puede parecer descabellado, pero la realidad es que ya estamos en una era glacial &#8211; <em><a href=\"https:\/\/www.britannica.com\/science\/Quaternary\">el Cuaternario<\/a><\/em> &#8211; y lo hemos estado durante los \u00faltimos 2,6 millones de a\u00f1os y contando. Una edad de hielo se define por al menos una capa de hielo permanente y actualmente tenemos dos. La Tierra ha experimentado cuatro glaciaciones anteriores, que duraron entre 30 y 300 millones de a\u00f1os. Durante una edad de hielo, el clima no es uniformemente fr\u00edo y seco todo el tiempo, sino que oscila entre <em>glaciaciones<\/em> e <em>interglaciaciones<\/em>. Durante una glaciaci\u00f3n, el 30% de la superficie terrestre puede quedar sepultada bajo capas de hielo durante casi 100.000 a\u00f1os, seguida de un interglaciar mucho m\u00e1s corto. Los \u00faltimos 11.000 a\u00f1os son el interglaciar actual y el periodo en el que la humanidad descubri\u00f3 la agricultura y la civilizaci\u00f3n, y ampli\u00f3 exponencialmente nuestra poblaci\u00f3n. Antes de eso, durante la larga glaciaci\u00f3n anterior, \u00e9ramos cazadores-recolectores que segu\u00edan a las manadas migratorias de carib\u00faes, mamuts y mastodontes. Encontramos puentes de tierra expuestos que daban acceso a nuevos continentes mientras vigil\u00e1bamos a los tigres dientes de sable, los lobos huargos y los osos gigantes de las cavernas.       <\/div>\n<div class=\"wsite-spacer\" style=\"height:10px;\"><\/div>\n<div>\n<div class=\"wsite-image wsite-image-border-none\" style=\"padding-top:10px;padding-bottom:10px;margin-left:0px;margin-right:0px;text-align:center\"> <a href=\"http:\/\/www.beringia.com\/exhibits\/first-people\" target=\"_blank\"> <img decoding=\"async\" alt=\"Fotograf\u00eda\" src=\"https:\/\/sonomalandtrust.org\/wp-content\/uploads\/2025\/09\/corby-3_orig.jpg\" style=\"width:auto;max-width:100%\"> <\/a> <\/p>\n<div style=\"display:block;font-size:90%\"><\/div>\n<\/p><\/div>\n<\/div>\n<div class=\"wsite-spacer\" style=\"height:20px;\"><\/div>\n<div class=\"paragraph\">Mediante el estudio de antiguos n\u00facleos de hielo y sedimentos oce\u00e1nicos profundos, tenemos pruebas de que en el Periodo Cuaternario se han producido 60 ciclos glaciares\/interglaciares en los \u00faltimos 2,6 millones de a\u00f1os. El siguiente gr\u00e1fico muestra el clima de los \u00faltimos 450.000 a\u00f1os.   <\/div>\n<div class=\"wsite-spacer\" style=\"height:19px;\"><\/div>\n<div>\n<div class=\"wsite-image wsite-image-border-none\" style=\"padding-top:10px;padding-bottom:10px;margin-left:0px;margin-right:0px;text-align:center\"> <a href=\"https:\/\/energyeducation.ca\/encyclopedia\/Glacial_and_interglacial_periods#cite_note-3\" target=\"_blank\"> <img decoding=\"async\" alt=\"Fotograf\u00eda\" src=\"https:\/\/sonomalandtrust.org\/wp-content\/uploads\/2025\/09\/corby-4_orig.gif\" style=\"width:auto;max-width:100%\"> <\/a> <\/p>\n<div style=\"display:block;font-size:90%\"><\/div>\n<\/p><\/div>\n<\/div>\n<div class=\"wsite-spacer\" style=\"height:27px;\"><\/div>\n<div class=\"paragraph\">Si contin\u00faa el patr\u00f3n anterior, \u00bfpodemos esperar el fin de la relativa estabilidad de este interglaciar actual y un pr\u00f3ximo invierno de 100.000 a\u00f1os? \u00bfO nuestra adicci\u00f3n a la quema de combustibles f\u00f3siles est\u00e1 calentando nuestro planeta tan r\u00e1pidamente que nosotros y otras especies preciosas no seremos capaces de adaptarnos a tiempo?<\/p>\n<p> El tiempo lo dir\u00e1, pero una cosa es segura: este periodo estable en el clima de la Tierra no es nada que debamos dar por sentado y tenemos que hacer todo lo que podamos para evitar una cat\u00e1strofe causada por el hombre. Mientras tanto, he decidido reducir mi huella de carbono <em>y<\/em> comprarme un traje para la nieve. En lugar de deprimirme o desesperarme, me maravillo ante la asombrosa adaptabilidad de la vida a los salvajes retos de vivir aqu\u00ed, en esta din\u00e1mica canica azul de la vasta frontera del espacio.     <\/div>\n<div>\n<div class=\"wsite-image wsite-image-border-none\" style=\"padding-top:10px;padding-bottom:10px;margin-left:0;margin-right:0;text-align:center\"> <a> <img decoding=\"async\" alt=\"Fotograf\u00eda\" src=\"https:\/\/sonomalandtrust.org\/wp-content\/uploads\/2025\/09\/beach-blue-cold-604451.jpg\" style=\"width:auto;max-width:100%\"> <\/a> <\/p>\n<div style=\"display:block;font-size:90%\"><\/div>\n<\/p><\/div>\n<\/div>\n<div>\n<div style=\"height: 20px; overflow: hidden; width: 100%;\"><\/div>\n<hr class=\"styled-hr\" style=\"width:100%;\">\n<div style=\"height: 20px; overflow: hidden; width: 100%;\"><\/div>\n<\/div>\n<div class=\"paragraph\"><em>Corby Hines es la gu\u00eda de excursiones, fot\u00f3grafa y vide\u00f3grafa de Sonoma Land Trust.<\/em><\/div>\n<div>\n<div style=\"height: 20px; overflow: hidden; width: 100%;\"><\/div>\n<hr class=\"styled-hr\" style=\"width:100%;\">\n<div style=\"height: 20px; overflow: hidden; width: 100%;\"><\/div>\n<\/div>\n","protected":false},"excerpt":{"rendered":"<p>vivir la edad de hielo y el calentamiento global La perspectiva es importante. Como fot\u00f3grafo, me he dado cuenta de que incluso un peque\u00f1o movimiento para reencuadrar el sujeto puede tener un efecto espectacular en el resultado de la foto. Con la reciente Evaluaci\u00f3n Nacional del Clima, es f\u00e1cil deprimirse o incluso sucumbir a la [&hellip;]<\/p>\n","protected":false},"author":1,"featured_media":14176,"comment_status":"closed","ping_status":"closed","sticky":false,"template":"","format":"standard","meta":{"_acf_changed":false,"footnotes":""},"categories":[110],"tags":[],"class_list":["post-14174","post","type-post","status-publish","format-standard","has-post-thumbnail","hentry","category-corresponsabilidad"],"acf":[],"yoast_head":"<!-- This site is optimized with the Yoast SEO plugin v27.3 - https:\/\/yoast.com\/product\/yoast-seo-wordpress\/ -->\n<title>un sue\u00f1o de hielo &#8212; Sonoma Land Trust<\/title>\n<meta name=\"description\" content=\"por Corby Hines vivir la edad de hielo y el calentamiento global La perspectiva es importante. Como fot\u00f3grafo, me he dado cuenta de que incluso un peque\u00f1o\" \/>\n<meta name=\"robots\" content=\"index, follow, max-snippet:-1, max-image-preview:large, max-video-preview:-1\" \/>\n<link rel=\"canonical\" href=\"https:\/\/sonomalandtrust.org\/es\/blog\/un-sueno-de-hielo\/\" \/>\n<meta property=\"og:locale\" content=\"es_ES\" \/>\n<meta property=\"og:type\" content=\"article\" \/>\n<meta property=\"og:title\" content=\"un sue\u00f1o de hielo &#8212; Sonoma Land Trust\" \/>\n<meta property=\"og:description\" content=\"por Corby Hines vivir la edad de hielo y el calentamiento global La perspectiva es importante. Como fot\u00f3grafo, me he dado cuenta de que incluso un peque\u00f1o\" \/>\n<meta property=\"og:url\" content=\"https:\/\/sonomalandtrust.org\/es\/blog\/un-sueno-de-hielo\/\" \/>\n<meta property=\"og:site_name\" content=\"Sonoma Land Trust\" \/>\n<meta property=\"article:publisher\" content=\"http:\/\/www.facebook.com\/Sonoma-Land-Trust\/\" \/>\n<meta property=\"article:published_time\" content=\"2018-12-07T08:00:00+00:00\" \/>\n<meta property=\"og:image\" content=\"https:\/\/slt-2026.eclipse-dev.com\/wp-content\/uploads\/2025\/09\/corby-1_1_orig.jpg\" \/>\n\t<meta property=\"og:image:width\" content=\"750\" \/>\n\t<meta property=\"og:image:height\" content=\"545\" \/>\n\t<meta property=\"og:image:type\" content=\"image\/jpeg\" \/>\n<meta name=\"twitter:card\" content=\"summary_large_image\" \/>\n<meta name=\"twitter:label1\" content=\"Written by\" \/>\n\t<meta name=\"twitter:data1\" content=\"eclipse\" \/>\n\t<meta name=\"twitter:label2\" content=\"Est. reading time\" \/>\n\t<meta name=\"twitter:data2\" content=\"3 minuto\" \/>\n<script type=\"application\/ld+json\" class=\"yoast-schema-graph\">{\"@context\":\"https:\\\/\\\/schema.org\",\"@graph\":[{\"@type\":\"Article\",\"@id\":\"https:\\\/\\\/sonomalandtrust.org\\\/es\\\/blog\\\/un-sueno-de-hielo\\\/#article\",\"isPartOf\":{\"@id\":\"https:\\\/\\\/sonomalandtrust.org\\\/es\\\/blog\\\/un-sueno-de-hielo\\\/\"},\"author\":{\"name\":\"eclipse\",\"@id\":\"https:\\\/\\\/slt-2026.eclipse-dev.com\\\/#\\\/schema\\\/person\\\/c289b2019a1bd6706f93278c6def96b7\"},\"headline\":\"un sue\u00f1o de hielo\",\"datePublished\":\"2018-12-07T08:00:00+00:00\",\"mainEntityOfPage\":{\"@id\":\"https:\\\/\\\/sonomalandtrust.org\\\/es\\\/blog\\\/un-sueno-de-hielo\\\/\"},\"wordCount\":669,\"publisher\":{\"@id\":\"https:\\\/\\\/slt-2026.eclipse-dev.com\\\/#organization\"},\"image\":{\"@id\":\"https:\\\/\\\/sonomalandtrust.org\\\/es\\\/blog\\\/un-sueno-de-hielo\\\/#primaryimage\"},\"thumbnailUrl\":\"https:\\\/\\\/sonomalandtrust.org\\\/wp-content\\\/uploads\\\/2025\\\/09\\\/corby-1_1_orig.jpg\",\"articleSection\":[\"Corresponsabilidad\"],\"inLanguage\":\"es\"},{\"@type\":\"WebPage\",\"@id\":\"https:\\\/\\\/sonomalandtrust.org\\\/es\\\/blog\\\/un-sueno-de-hielo\\\/\",\"url\":\"https:\\\/\\\/sonomalandtrust.org\\\/es\\\/blog\\\/un-sueno-de-hielo\\\/\",\"name\":\"un sue\u00f1o de hielo &#8212; Sonoma Land Trust\",\"isPartOf\":{\"@id\":\"https:\\\/\\\/slt-2026.eclipse-dev.com\\\/#website\"},\"primaryImageOfPage\":{\"@id\":\"https:\\\/\\\/sonomalandtrust.org\\\/es\\\/blog\\\/un-sueno-de-hielo\\\/#primaryimage\"},\"image\":{\"@id\":\"https:\\\/\\\/sonomalandtrust.org\\\/es\\\/blog\\\/un-sueno-de-hielo\\\/#primaryimage\"},\"thumbnailUrl\":\"https:\\\/\\\/sonomalandtrust.org\\\/wp-content\\\/uploads\\\/2025\\\/09\\\/corby-1_1_orig.jpg\",\"datePublished\":\"2018-12-07T08:00:00+00:00\",\"description\":\"por Corby Hines vivir la edad de hielo y el calentamiento global La perspectiva es importante. Como fot\u00f3grafo, me he dado cuenta de que incluso un peque\u00f1o\",\"breadcrumb\":{\"@id\":\"https:\\\/\\\/sonomalandtrust.org\\\/es\\\/blog\\\/un-sueno-de-hielo\\\/#breadcrumb\"},\"inLanguage\":\"es\",\"potentialAction\":[{\"@type\":\"ReadAction\",\"target\":[\"https:\\\/\\\/sonomalandtrust.org\\\/es\\\/blog\\\/un-sueno-de-hielo\\\/\"]}]},{\"@type\":\"ImageObject\",\"inLanguage\":\"es\",\"@id\":\"https:\\\/\\\/sonomalandtrust.org\\\/es\\\/blog\\\/un-sueno-de-hielo\\\/#primaryimage\",\"url\":\"https:\\\/\\\/sonomalandtrust.org\\\/wp-content\\\/uploads\\\/2025\\\/09\\\/corby-1_1_orig.jpg\",\"contentUrl\":\"https:\\\/\\\/sonomalandtrust.org\\\/wp-content\\\/uploads\\\/2025\\\/09\\\/corby-1_1_orig.jpg\",\"width\":750,\"height\":545},{\"@type\":\"BreadcrumbList\",\"@id\":\"https:\\\/\\\/sonomalandtrust.org\\\/es\\\/blog\\\/un-sueno-de-hielo\\\/#breadcrumb\",\"itemListElement\":[{\"@type\":\"ListItem\",\"position\":1,\"name\":\"Home\",\"item\":\"https:\\\/\\\/sonomalandtrust.org\\\/es\\\/inicio\\\/\"},{\"@type\":\"ListItem\",\"position\":2,\"name\":\"un sue\u00f1o de hielo\"}]},{\"@type\":\"WebSite\",\"@id\":\"https:\\\/\\\/slt-2026.eclipse-dev.com\\\/#website\",\"url\":\"https:\\\/\\\/slt-2026.eclipse-dev.com\\\/\",\"name\":\"Sonoma Land Trust\",\"description\":\"\",\"publisher\":{\"@id\":\"https:\\\/\\\/slt-2026.eclipse-dev.com\\\/#organization\"},\"potentialAction\":[{\"@type\":\"SearchAction\",\"target\":{\"@type\":\"EntryPoint\",\"urlTemplate\":\"https:\\\/\\\/slt-2026.eclipse-dev.com\\\/?s={search_term_string}\"},\"query-input\":{\"@type\":\"PropertyValueSpecification\",\"valueRequired\":true,\"valueName\":\"search_term_string\"}}],\"inLanguage\":\"es\"},{\"@type\":\"Organization\",\"@id\":\"https:\\\/\\\/slt-2026.eclipse-dev.com\\\/#organization\",\"name\":\"Fondo de Tierras de Sonoma\",\"url\":\"https:\\\/\\\/slt-2026.eclipse-dev.com\\\/\",\"logo\":{\"@type\":\"ImageObject\",\"inLanguage\":\"es\",\"@id\":\"https:\\\/\\\/slt-2026.eclipse-dev.com\\\/#\\\/schema\\\/logo\\\/image\\\/\",\"url\":\"https:\\\/\\\/sonomalandtrust.org\\\/wp-content\\\/uploads\\\/2025\\\/10\\\/slt-logo.png\",\"contentUrl\":\"https:\\\/\\\/sonomalandtrust.org\\\/wp-content\\\/uploads\\\/2025\\\/10\\\/slt-logo.png\",\"width\":549,\"height\":333,\"caption\":\"Fondo de Tierras de Sonoma\"},\"image\":{\"@id\":\"https:\\\/\\\/slt-2026.eclipse-dev.com\\\/#\\\/schema\\\/logo\\\/image\\\/\"},\"sameAs\":[\"http:\\\/\\\/www.facebook.com\\\/Sonoma-Land-Trust\\\/\",\"https:\\\/\\\/www.instagram.com\\\/sonomalandtrust\\\/\",\"https:\\\/\\\/bsky.app\\\/profile\\\/sonomalandtrust.bsky.social\",\"https:\\\/\\\/www.youtube.com\\\/user\\\/SonomaLandTrust\\\/\",\"http:\\\/\\\/www.linkedin.com\\\/company\\\/1090048?trk=tyah\"]},{\"@type\":\"Person\",\"@id\":\"https:\\\/\\\/slt-2026.eclipse-dev.com\\\/#\\\/schema\\\/person\\\/c289b2019a1bd6706f93278c6def96b7\",\"name\":\"eclipse\",\"image\":{\"@type\":\"ImageObject\",\"inLanguage\":\"es\",\"@id\":\"https:\\\/\\\/secure.gravatar.com\\\/avatar\\\/a57eb78d56d01cafd540f163cbd4c579fb8c9fffb50c37d90cc94108dbdf7a0e?s=96&d=mm&r=g\",\"url\":\"https:\\\/\\\/secure.gravatar.com\\\/avatar\\\/a57eb78d56d01cafd540f163cbd4c579fb8c9fffb50c37d90cc94108dbdf7a0e?s=96&d=mm&r=g\",\"contentUrl\":\"https:\\\/\\\/secure.gravatar.com\\\/avatar\\\/a57eb78d56d01cafd540f163cbd4c579fb8c9fffb50c37d90cc94108dbdf7a0e?s=96&d=mm&r=g\",\"caption\":\"eclipse\"},\"sameAs\":[\"http:\\\/\\\/sonomalandtrust.org\"]}]}<\/script>\n<!-- \/ Yoast SEO plugin. -->","yoast_head_json":{"title":"un sue\u00f1o de hielo &#8212; Sonoma Land Trust","description":"por Corby Hines vivir la edad de hielo y el calentamiento global La perspectiva es importante. Como fot\u00f3grafo, me he dado cuenta de que incluso un peque\u00f1o","robots":{"index":"index","follow":"follow","max-snippet":"max-snippet:-1","max-image-preview":"max-image-preview:large","max-video-preview":"max-video-preview:-1"},"canonical":"https:\/\/sonomalandtrust.org\/es\/blog\/un-sueno-de-hielo\/","og_locale":"es_ES","og_type":"article","og_title":"un sue\u00f1o de hielo &#8212; Sonoma Land Trust","og_description":"por Corby Hines vivir la edad de hielo y el calentamiento global La perspectiva es importante. Como fot\u00f3grafo, me he dado cuenta de que incluso un peque\u00f1o","og_url":"https:\/\/sonomalandtrust.org\/es\/blog\/un-sueno-de-hielo\/","og_site_name":"Sonoma Land Trust","article_publisher":"http:\/\/www.facebook.com\/Sonoma-Land-Trust\/","article_published_time":"2018-12-07T08:00:00+00:00","og_image":[{"width":750,"height":545,"url":"https:\/\/slt-2026.eclipse-dev.com\/wp-content\/uploads\/2025\/09\/corby-1_1_orig.jpg","type":"image\/jpeg"}],"twitter_card":"summary_large_image","twitter_misc":{"Written by":"eclipse","Est. reading time":"3 minuto"},"schema":{"@context":"https:\/\/schema.org","@graph":[{"@type":"Article","@id":"https:\/\/sonomalandtrust.org\/es\/blog\/un-sueno-de-hielo\/#article","isPartOf":{"@id":"https:\/\/sonomalandtrust.org\/es\/blog\/un-sueno-de-hielo\/"},"author":{"name":"eclipse","@id":"https:\/\/slt-2026.eclipse-dev.com\/#\/schema\/person\/c289b2019a1bd6706f93278c6def96b7"},"headline":"un sue\u00f1o de hielo","datePublished":"2018-12-07T08:00:00+00:00","mainEntityOfPage":{"@id":"https:\/\/sonomalandtrust.org\/es\/blog\/un-sueno-de-hielo\/"},"wordCount":669,"publisher":{"@id":"https:\/\/slt-2026.eclipse-dev.com\/#organization"},"image":{"@id":"https:\/\/sonomalandtrust.org\/es\/blog\/un-sueno-de-hielo\/#primaryimage"},"thumbnailUrl":"https:\/\/sonomalandtrust.org\/wp-content\/uploads\/2025\/09\/corby-1_1_orig.jpg","articleSection":["Corresponsabilidad"],"inLanguage":"es"},{"@type":"WebPage","@id":"https:\/\/sonomalandtrust.org\/es\/blog\/un-sueno-de-hielo\/","url":"https:\/\/sonomalandtrust.org\/es\/blog\/un-sueno-de-hielo\/","name":"un sue\u00f1o de hielo &#8212; Sonoma Land Trust","isPartOf":{"@id":"https:\/\/slt-2026.eclipse-dev.com\/#website"},"primaryImageOfPage":{"@id":"https:\/\/sonomalandtrust.org\/es\/blog\/un-sueno-de-hielo\/#primaryimage"},"image":{"@id":"https:\/\/sonomalandtrust.org\/es\/blog\/un-sueno-de-hielo\/#primaryimage"},"thumbnailUrl":"https:\/\/sonomalandtrust.org\/wp-content\/uploads\/2025\/09\/corby-1_1_orig.jpg","datePublished":"2018-12-07T08:00:00+00:00","description":"por Corby Hines vivir la edad de hielo y el calentamiento global La perspectiva es importante. Como fot\u00f3grafo, me he dado cuenta de que incluso un peque\u00f1o","breadcrumb":{"@id":"https:\/\/sonomalandtrust.org\/es\/blog\/un-sueno-de-hielo\/#breadcrumb"},"inLanguage":"es","potentialAction":[{"@type":"ReadAction","target":["https:\/\/sonomalandtrust.org\/es\/blog\/un-sueno-de-hielo\/"]}]},{"@type":"ImageObject","inLanguage":"es","@id":"https:\/\/sonomalandtrust.org\/es\/blog\/un-sueno-de-hielo\/#primaryimage","url":"https:\/\/sonomalandtrust.org\/wp-content\/uploads\/2025\/09\/corby-1_1_orig.jpg","contentUrl":"https:\/\/sonomalandtrust.org\/wp-content\/uploads\/2025\/09\/corby-1_1_orig.jpg","width":750,"height":545},{"@type":"BreadcrumbList","@id":"https:\/\/sonomalandtrust.org\/es\/blog\/un-sueno-de-hielo\/#breadcrumb","itemListElement":[{"@type":"ListItem","position":1,"name":"Home","item":"https:\/\/sonomalandtrust.org\/es\/inicio\/"},{"@type":"ListItem","position":2,"name":"un sue\u00f1o de hielo"}]},{"@type":"WebSite","@id":"https:\/\/slt-2026.eclipse-dev.com\/#website","url":"https:\/\/slt-2026.eclipse-dev.com\/","name":"Sonoma Land Trust","description":"","publisher":{"@id":"https:\/\/slt-2026.eclipse-dev.com\/#organization"},"potentialAction":[{"@type":"SearchAction","target":{"@type":"EntryPoint","urlTemplate":"https:\/\/slt-2026.eclipse-dev.com\/?s={search_term_string}"},"query-input":{"@type":"PropertyValueSpecification","valueRequired":true,"valueName":"search_term_string"}}],"inLanguage":"es"},{"@type":"Organization","@id":"https:\/\/slt-2026.eclipse-dev.com\/#organization","name":"Fondo de Tierras de Sonoma","url":"https:\/\/slt-2026.eclipse-dev.com\/","logo":{"@type":"ImageObject","inLanguage":"es","@id":"https:\/\/slt-2026.eclipse-dev.com\/#\/schema\/logo\/image\/","url":"https:\/\/sonomalandtrust.org\/wp-content\/uploads\/2025\/10\/slt-logo.png","contentUrl":"https:\/\/sonomalandtrust.org\/wp-content\/uploads\/2025\/10\/slt-logo.png","width":549,"height":333,"caption":"Fondo de Tierras de Sonoma"},"image":{"@id":"https:\/\/slt-2026.eclipse-dev.com\/#\/schema\/logo\/image\/"},"sameAs":["http:\/\/www.facebook.com\/Sonoma-Land-Trust\/","https:\/\/www.instagram.com\/sonomalandtrust\/","https:\/\/bsky.app\/profile\/sonomalandtrust.bsky.social","https:\/\/www.youtube.com\/user\/SonomaLandTrust\/","http:\/\/www.linkedin.com\/company\/1090048?trk=tyah"]},{"@type":"Person","@id":"https:\/\/slt-2026.eclipse-dev.com\/#\/schema\/person\/c289b2019a1bd6706f93278c6def96b7","name":"eclipse","image":{"@type":"ImageObject","inLanguage":"es","@id":"https:\/\/secure.gravatar.com\/avatar\/a57eb78d56d01cafd540f163cbd4c579fb8c9fffb50c37d90cc94108dbdf7a0e?s=96&d=mm&r=g","url":"https:\/\/secure.gravatar.com\/avatar\/a57eb78d56d01cafd540f163cbd4c579fb8c9fffb50c37d90cc94108dbdf7a0e?s=96&d=mm&r=g","contentUrl":"https:\/\/secure.gravatar.com\/avatar\/a57eb78d56d01cafd540f163cbd4c579fb8c9fffb50c37d90cc94108dbdf7a0e?s=96&d=mm&r=g","caption":"eclipse"},"sameAs":["http:\/\/sonomalandtrust.org"]}]}},"_links":{"self":[{"href":"https:\/\/sonomalandtrust.org\/es\/wp-json\/wp\/v2\/posts\/14174","targetHints":{"allow":["GET"]}}],"collection":[{"href":"https:\/\/sonomalandtrust.org\/es\/wp-json\/wp\/v2\/posts"}],"about":[{"href":"https:\/\/sonomalandtrust.org\/es\/wp-json\/wp\/v2\/types\/post"}],"author":[{"embeddable":true,"href":"https:\/\/sonomalandtrust.org\/es\/wp-json\/wp\/v2\/users\/1"}],"replies":[{"embeddable":true,"href":"https:\/\/sonomalandtrust.org\/es\/wp-json\/wp\/v2\/comments?post=14174"}],"version-history":[{"count":0,"href":"https:\/\/sonomalandtrust.org\/es\/wp-json\/wp\/v2\/posts\/14174\/revisions"}],"wp:featuredmedia":[{"embeddable":true,"href":"https:\/\/sonomalandtrust.org\/es\/wp-json\/wp\/v2\/media\/14176"}],"wp:attachment":[{"href":"https:\/\/sonomalandtrust.org\/es\/wp-json\/wp\/v2\/media?parent=14174"}],"wp:term":[{"taxonomy":"category","embeddable":true,"href":"https:\/\/sonomalandtrust.org\/es\/wp-json\/wp\/v2\/categories?post=14174"},{"taxonomy":"post_tag","embeddable":true,"href":"https:\/\/sonomalandtrust.org\/es\/wp-json\/wp\/v2\/tags?post=14174"}],"curies":[{"name":"wp","href":"https:\/\/api.w.org\/{rel}","templated":true}]}}