{"id":14170,"date":"2023-08-29T19:31:16","date_gmt":"2023-08-30T02:31:16","guid":{"rendered":"https:\/\/sonomalandtrust.org\/blog\/agosto-2023-enews\/"},"modified":"2023-08-29T19:31:16","modified_gmt":"2023-08-30T02:31:16","slug":"agosto-2023-enews","status":"publish","type":"post","link":"https:\/\/sonomalandtrust.org\/es\/blog\/agosto-2023-enews\/","title":{"rendered":"Agosto 2023 eNews"},"content":{"rendered":"<div id=\"natural-cooling-centers\"><\/div>\n<h2>Islas al sol<\/h2>\n<p>Durante una ola de calor, los parques funcionan como centros naturales de refrigeraci\u00f3n. Ofrecen un acceso equitativo a espacios que pueden ser hasta 20 grados m\u00e1s frescos que las calles vecinas. Si vives sin un parque cerca, puedes encontrarte en una isla de calor literal: una zona urbana que es significativamente m\u00e1s c\u00e1lida que las zonas rurales circundantes. Este mes nos centramos en nuestra <a href=\"https:\/\/sonomalandtrust.org\/preserving-nature-nearby\/\">estrategia Naturaleza Cerca,<\/a> que aborda las islas de calor mediante un acceso equitativo a los espacios naturales. Exploramos c\u00f3mo la <a href=\"https:\/\/southeastgreenway.org\/\">V\u00eda Verde del Sureste de Santa Rosa<\/a>, de 47 acres, atempera un microclima urbano, y c\u00f3mo una comunidad se reconstruye tras el incendio de Tubbs comprando y creando un centro natural para que se re\u00fanan los vecinos: el <a href=\"https:\/\/www.markwestarea.org\/park\">Parque del \u00c1rea Mark West<\/a>.    <\/p>\n<p><strong>\u00bfQu\u00e9 es una isla de calor?  <\/strong><\/p>\n<p>Las Islas de Calor est\u00e1n causadas por una disminuci\u00f3n de las superficies naturales (\u00e1rboles, suelo, agua) que moderan las temperaturas del aire y se sustituyen por superficies artificiales (carreteras y edificios), que absorben y reemiten calor. La sombra de las hojas y ramas puede reducir las temperaturas superficiales por debajo de la copa de los \u00e1rboles entre 20 y 45\u00b0F<a href=\"https:\/\/www.sciencedirect.com\/science\/article\/abs\/pii\/S0378778896010031\">(Akbari, 1997<\/a>). Estas superficies m\u00e1s fr\u00edas, a su vez, reducen el calor transmitido a la atm\u00f3sfera y a los edificios cercanos.  <\/p>\n<hr class=\"wp-block-separator\">\n<div id=\"prioritizing-parks\"><\/div>\n<h2>Dar prioridad a los parques en la planificaci\u00f3n posterior al incendio<\/h2>\n<figure class=\"wp-block-image size-large\"><img decoding=\"async\" src=\"https:\/\/sonomalandtrust.org\/wp-content\/uploads\/2023\/08\/SLT_August_eNews_MarkWest.jpg\" alt=\"\"><\/figure>\n<p>La zona de Mark West no ha dejado de recuperarse del incendio de Tubbs desde que arras\u00f3 la comunidad a finales de 2017. Sin embargo, faltaba una pieza fundamental del plan de recuperaci\u00f3n: un espacio compartido al aire libre para que todos pudieran reunirse y disfrutar. Cuando se nos plante\u00f3 la idea, Sonoma Land Trust intervino para proporcionar la orientaci\u00f3n y la experiencia que facilitaron la compra de un terreno de 1 acre para transformarlo en un parque comunitario. En un reciente art\u00edculo de opini\u00f3n, Westin Miller, miembro de la junta del Fondo Comunitario del \u00c1rea Mark West, explica la necesidad de un parque vecinal y comparte su gratitud a la Junta de Supervisores por aprobar la financiaci\u00f3n que lo acercar\u00e1 a la realidad.   <\/p>\n<p>La idea es un futuro parque p\u00fablico cerca de la intersecci\u00f3n de Mark West Springs Road y Old Redwood Highway, una oportunidad para reconstruir y crear un espacio central de reuni\u00f3n en lo que era el emplazamiento de un antiguo centro preescolar que se quem\u00f3 en el incendio.<br \/>\n<strong> <\/strong><br \/>\n<strong>Miembros de la comunidad, Sonoma Land Trust y funcionarios electos reclaman el nuevo Parque Comunitario del \u00c1rea Mark West<\/strong><\/p>\n<p>Mi mujer y yo perdimos nuestra casa en el incendio de Tubbs de 2017. Reconstruir nuestra casa y nuestra vida -y ahora vivir la pandemia- han sido unos a\u00f1os tumultuosos. Y, sin embargo, la resistencia de nuestra comunidad ante estas tragedias es una fuente constante de inspiraci\u00f3n personal.  <\/p>\n<p>Tras los incendios, los vecinos se reunieron para ayudar a influir en la reconstrucci\u00f3n de nuestros barrios, que es un proceso continuo. La idea del <a href=\"https:\/\/www.markwestarea.org\/park\">futuro Parque Comunitario del \u00c1rea Mark West<\/a> surgi\u00f3 de estas conversaciones. Aunque el condado de Sonoma alberga muchos parques, bosques, senderos y playas hermosos, mi familia no tiene un parque a poca distancia de casa. Esto es cierto para demasiados residentes de nuestra zona. El parque proporcionar\u00e1 un espacio verde muy necesario en una zona que hist\u00f3ricamente ha carecido de acceso a la naturaleza.    <\/p>\n<p>Me alegr\u00f3 ver que la Junta de Supervisores del Condado de Sonoma vot\u00f3 recientemente a favor de aprobar una financiaci\u00f3n fundamental para el futuro parque, incluida una subvenci\u00f3n equivalente del Distrito Ag+Open Space, y estoy impaciente por ver avanzar este proyecto.<\/p>\n<p>El parque estar\u00e1 junto a la intersecci\u00f3n m\u00e1s transitada del condado no incorporado de Sonoma. Pero en cuanto entras en el recinto, el ruido del tr\u00e1fico se disipa. El parque de un acre ser\u00e1 un oasis verde en medio de nuestro barrio, con la posibilidad de incluir instalaciones como un cenador, un parque infantil con elementos como troncos de \u00e1rboles, tocones, rocas y plantas para fomentar el juego basado en la naturaleza, huertos y un jard\u00edn polinizador para ayudar a atraer abejas, mariposas y p\u00e1jaros. Los \u00e1rboles reci\u00e9n plantados proporcionar\u00e1n lugares donde refrescarse y disfrutar de la sombra, sobre todo durante los veranos cada vez m\u00e1s calurosos. Veo a mi familia pasando aqu\u00ed muchas tardes y fines de semana con nuestros amigos y seres queridos.    <\/p>\n<p>Como padre, me preocupan los retos que mis hijos y las generaciones futuras seguir\u00e1n afrontando con el cambio clim\u00e1tico. La creaci\u00f3n de este parque llega en un momento en que California trabaja para conectar a m\u00e1s personas con la naturaleza y conservar los espacios naturales abiertos que nos quedan. El objetivo del estado de <a href=\"https:\/\/www.gov.ca.gov\/wp-content\/uploads\/2020\/10\/10.07.2020-EO-N-82-20-.pdf\">proteger el 30% de las tierras y aguas costeras para 2030<\/a> reconoce que proteger y restaurar la biodiversidad de la naturaleza crea resiliencia clim\u00e1tica. Cient\u00edficos de todo el mundo coinciden en que debe protegerse un m\u00ednimo del 30% de las tierras y aguas de la Tierra para salvaguardar la biodiversidad y estabilizar el clima del planeta. Los nuevos parques en zonas urbanas como Mark West pueden ayudar a aumentar la resiliencia clim\u00e1tica en lugares donde la gente m\u00e1s la necesita.    <\/p>\n<p>A medida que aumentan las repercusiones clim\u00e1ticas, como los fen\u00f3menos meteorol\u00f3gicos extremos, la protecci\u00f3n de zonas naturales en entornos urbanos puede ayudar a mitigar las \u00abislas de calor\u00bb, un fen\u00f3meno cada vez m\u00e1s frecuente en el que los habitantes de las ciudades experimentan temperaturas m\u00e1s altas que las zonas rurales circundantes debido a la menor cantidad de \u00e1rboles y de cubierta vegetal refrescante que puede ayudar a absorber la luz solar y el calor. Los parques urbanos como \u00e9ste tambi\u00e9n pueden ayudar a conectar zonas protegidas m\u00e1s amplias para la fauna migratoria. <\/p>\n<p>Estoy orgulloso de formar parte de este esfuerzo. Junto con Sonoma Land Trust, estamos trabajando con cargos electos, empresarios, proveedores de atenci\u00f3n sanitaria, familias y otras personas para hacer realidad la visi\u00f3n del Parque del \u00c1rea Mark West. Una vez recaudemos los fondos restantes, el parque podr\u00eda estar abierto al p\u00fablico a principios de 2024.  <\/p>\n<p>Gracias a nuestra comunidad por su continuo apoyo. Invitamos al p\u00fablico a dar su opini\u00f3n sobre el futuro parque a trav\u00e9s de nuestro sitio web y en los pr\u00f3ximos actos y reuniones. Visita <a href=\"https:\/\/www.markwestarea.org\/events\">aqu\u00ed<\/a> para obtener informaci\u00f3n.  <\/p>\n<p><em>Westin Miller es miembro del consejo del Fondo Comunitario del \u00c1rea Mark West y dirige una oficina de hipotecas residenciales en el centro de Santa Rosa. Vive con su familia en Santa Rosa. <\/em><\/p>\n<figure class=\"wp-block-image size-large\"><\/figure>\n<hr class=\"wp-block-separator\">\n<div id=\"shay-lozano\"><\/div>\n<figure class=\"wp-block-image size-large\"><img decoding=\"async\" src=\"https:\/\/sonomalandtrust.org\/wp-content\/uploads\/2023\/08\/SLT_August_eNews_Shay.jpg\" alt=\"\"><\/figure>\n<p>\u00danete a nosotros para dar la bienvenida a Shay Lozano a Sonoma Land Trust. Shay llega a nosotros con una amplia experiencia, que incluye la gesti\u00f3n de programas sin \u00e1nimo de lucro, la restauraci\u00f3n medioambiental, la planificaci\u00f3n de la conservaci\u00f3n de la tierra, la recopilaci\u00f3n de datos de campo y el trabajo de salud comunitaria. Naci\u00f3 y creci\u00f3 en el condado de Sonoma y est\u00e1 encantada de trabajar para apoyar proyectos en su propio patio trasero. Recientemente licenciada en An\u00e1lisis y Planificaci\u00f3n de Pol\u00edticas Medioambientales por la Universidad de California en Davis, Shay aporta sus habilidades de an\u00e1lisis de datos, organizaci\u00f3n y colaboraci\u00f3n a su papel en el equipo de filantrop\u00eda. Adem\u00e1s de su pasi\u00f3n por la conservaci\u00f3n de los recursos naturales, a Shay le encanta coser, tejer y pasear con su perro.    <\/p>\n<hr class=\"wp-block-separator\">\n<h2>Proyecci\u00f3n de la pel\u00edcula, conversaci\u00f3n y recepci\u00f3n<\/h2>\n<figure class=\"wp-block-image size-large\"><img decoding=\"async\" src=\"https:\/\/sonomalandtrust.org\/wp-content\/uploads\/2023\/08\/SLT_August_eNews_Panther.jpg\" alt=\"\"><\/figure>\n<p>Acomp\u00e1\u00f1anos, en colaboraci\u00f3n con el Centro Redford y Little Saint, en la <a href=\"https:\/\/www.eventbrite.com\/e\/path-of-the-panther-screening-conversation-tickets-681227448637?aff=ebdssbdestsearch\">proyecci\u00f3n p\u00fablica de Path of the Panther<\/a>, dirigida por Eric Bendick. Este largometraje, subvencionado por el Centro Redford en 2020, muestra a los activistas que rastrean y protegen a la pantera de Florida, especie en peligro de extinci\u00f3n. Las impresionantes im\u00e1genes de los grandes felinos impulsan un movimiento para restaurar una especie clave y un espacio natural cada vez m\u00e1s reducido.  <\/p>\n<p>La pel\u00edcula se proyectar\u00e1 el martes 12 de septiembre a las 18:30 en el Little Saint de Healdsburg, e ir\u00e1 seguida de una conversaci\u00f3n sobre el poder de la narraci\u00f3n de impacto y el creciente movimiento para establecer corredores de vida salvaje. Escucha a nuestro Eamon O&#8217;Byrne junto a Tori Linder<em>(Path of the Panther<\/em>) y Jill Tidman (The Redford Center), moderados por Jeffrey W. Ubben (Inclusive Capital Partners). A continuaci\u00f3n habr\u00e1 una recepci\u00f3n.  <\/p>\n<p>Por favor, comparte esta invitaci\u00f3n con quien pueda estar interesado; \u00a1esperamos verte el d\u00eda 12!<\/p>\n<hr class=\"wp-block-separator\">\n<h2>Pr\u00f3xima Lengua de la Tierra:<\/h2>\n<h3>Jardiner\u00eda para la fauna<\/h3>\n<figure class=\"wp-block-image size-large\"><img decoding=\"async\" src=\"https:\/\/sonomalandtrust.org\/wp-content\/uploads\/2023\/08\/SLT_August_eNews_Gardening.jpg\" alt=\"\"><\/figure>\n<p><strong>Mi\u00e9rcoles, 30 de agosto, 19.00 h<\/strong><\/p>\n<p>Acomp\u00e1\u00f1anos en un seminario web sobre el Lenguaje de la Tierra, con ideas para incorporar plantas aut\u00f3ctonas a tu jard\u00edn dom\u00e9stico, tanto para un uso eficiente del agua como para atraer a la fauna. El Maestro Jardinero Bill Klausing se basa en su propio jard\u00edn aut\u00f3ctono respetuoso con la fauna de su casa en el condado de Sonoma para ilustrar muchas de las posibilidades disponibles para los jardineros dom\u00e9sticos de la regi\u00f3n del norte de la bah\u00eda. <\/p>\n<p><a href=\"https:\/\/sonomalandtrust.zoom.us\/webinar\/register\/8216899184403\/WN_CriXUMdBRUiMv4eWPxofWQ\">https:\/\/sonomalandtrust.zoom.us\/webinar\/register\/8216899184403\/WN_CriXUMdBRUiMv4eWPxofWQ<\/a><\/p>\n<hr class=\"wp-block-separator\">\n<h2>Caminatas p\u00fablicas gratuitas en colaboraci\u00f3n con Ag + Open Space del Condado de Sonoma<\/h2>\n<figure class=\"wp-block-image size-large\"><img decoding=\"async\" src=\"https:\/\/sonomalandtrust.org\/wp-content\/uploads\/2023\/08\/SLT_August_eNews_CreekCleanUp.jpg\" alt=\"\"><\/figure>\n<div class=\"is-layout-flex wp-container-9 wp-block-columns\">\n<div class=\"is-layout-flow wp-block-column\">\n<p><strong>Limpieza de la Semana del Arroyo<\/strong><br \/>\n<strong>V\u00eda Verde Prince Memorial<\/strong><\/p>\n<p><strong>S\u00e1bado 23 de septiembre, de 9:30 a 12:00 horas<\/strong><\/p>\n<p><a href=\"https:\/\/sltfamilias092323.eventbrite.com\" target=\"_blank\" rel=\"noopener\">Inscripci\u00f3n<\/a><\/p>\n<p>Este mes, el grupo biling\u00fce Familias al Aire Libre de Sonoma Land Trust participar\u00e1 en la limpieza de la Semana del Arroyo de la ciudad de Santa Rosa. Recogeremos basura a lo largo del tramo restaurado del arroyo Santa Rosa en la Prince Memorial Greenway. Nos divertiremos participando en los concursos de limpieza y sorteos de premios organizados por la ciudad de Santa Rosa.  <\/p>\n<p>Nivel: Suave<\/p>\n<\/div>\n<div class=\"is-layout-flow wp-block-column\">\n<p><strong>Limpieza para la semana de arroyos<\/strong><br \/>\n<strong>V\u00eda Verde Prince Memorial<\/strong><\/p>\n<p><strong>S\u00e1bado, 23 de septiembre 9:30-12pm<\/strong><\/p>\n<p><a href=\"https:\/\/sltfamilias092323.eventbrite.com\" target=\"_blank\" rel=\"noopener\">Reg\u00edstrate en<\/a><\/p>\n<p>Este mes, el grupo biling\u00fce Familias al aire libre de Sonoma Land Trust participar\u00e1 en la limpieza de la Semana del arroyo de la ciudad de Santa Rosa. Estaremos recogiendo basura a lo largo de la secci\u00f3n restaurada del arroyo Santa Rosa en el Prince Memorial Greenway. \u00a1Nos divertiremos participando en los concursos de limpieza y sorteos de premios organizados por la ciudad de Santa Rosa!  <\/p>\n<p>Nivel: Suave<\/p>\n<\/div>\n<\/div>\n<hr class=\"wp-block-separator\">\n<div class=\"is-layout-flex wp-container-9 wp-block-columns\">\n<div class=\"is-layout-flow wp-block-column\">\n<p><strong>Paseo de las rapaces<\/strong><br \/>\n<strong>Cabos de Jenner<\/strong><\/p>\n<p><strong>Domingo 24 de septiembre, de 10.00 a 15.00 h<\/strong><\/p>\n<p><a href=\"https:\/\/sltjenner092423.eventbrite.com\" target=\"_blank\" rel=\"noopener\">Inscripci\u00f3n<\/a><\/p>\n<p>El Mirador del Halc\u00f3n de Jenner es el lugar ideal para contemplar la migraci\u00f3n oto\u00f1al de las rapaces mientras se elevan en las corrientes ascendentes de las laderas de la costa de Sonoma. \u00danete a Sonoma Land Trust y Ag + Open Space en una excursi\u00f3n desde la carretera 1 hasta el mirador. El Naturalista Certificado Larry Broderick te introducir\u00e1 en la observaci\u00f3n e identificaci\u00f3n de aves in situ. Recorreremos unos 6,5 km con un desnivel de unos 800 pies.   <\/p>\n<p>Nivel: Extenuante<\/p>\n<\/div>\n<div class=\"is-layout-flow wp-block-column\">\n<p><strong>Caminata de rapaces<\/strong><br \/>\n<strong>Cabos de Jenner<\/strong><\/p>\n<p><strong>Sabado, 24 de septiembre 10am-3pm<\/strong><\/p>\n<p><a href=\"https:\/\/sltjenner092423.eventbrite.com\" target=\"_blank\" rel=\"noopener\">Reg\u00edstrate en<\/a><\/p>\n<p>El mirador Jenner Hawk es el lugar ideal para contemplar la migraci\u00f3n oto\u00f1al de las rapaces mientras se elevan en las corrientes ascendentes de las laderas de la costa de Sonoma. Acompa\u00f1a a Sonoma Land Trust y Ag + Open Space en una excursi\u00f3n desde la autopista 1 hasta el mirador. El naturalista Larry Broderick le introducir\u00e1 en la observaci\u00f3n e identificaci\u00f3n de aves in situ. Caminaremos aproximadamente 4,5 millas con unos 800 pies de desnivel.   <\/p>\n<p>Nivel: Extenuante<\/p>\n<\/div>\n<\/div>\n<p><em>No hay que pagar por estos actos, que son posibles gracias a los votantes del condado de Sonoma, que financian el trabajo de Ag + Open Space con un impuesto sobre las ventas de un cuarto de c\u00e9ntimo.<\/em><\/p>\n<p><em>Estos eventos son gratuitos y son posibles gracias a los votantes del condado de Sonoma, que financian la labor de Ag + Open Space con un impuesto sobre las ventas de un cuarto de c\u00e9ntimo.<\/em><\/p>\n<hr class=\"wp-block-separator\">\n<div class=\"\" style=\"flex-wrap: wrap; column-gap: 1rem;\">\n<div style=\"flex-basis: calc(33% - 0.5rem);\"><img decoding=\"async\" src=\"https:\/\/sonomalandtrust.org\/wp-content\/uploads\/2023\/06\/rec.png\"><\/div>\n<div style=\"flex-basis: calc(66% - 0.5rem);\">\n<ul>\n<li><strong>Libro: <\/strong><a href=\"https:\/\/www.goodreads.com\/book\/show\/85173842-not-too-late\" target=\"_blank\" rel=\"noopener\">No es demasiado tarde: Cambiar la historia del clima de la desesperaci\u00f3n a la posibilidad<\/a>, de Rebecca Solnit y Thelma Young Lutunatabua<\/li>\n<li><strong>Podcast: <\/strong><a href=\"https:\/\/www.usgs.gov\/centers\/eros\/eyes-earth-episode-55-urban-heat-islands-new-york\" target=\"_blank\" rel=\"noopener\">USGS Eyes on Earth Episodio 55 &#8211; Islas de calor urbano de Nueva York<\/a><\/li>\n<li><strong>V\u00eddeo: <\/strong><a href=\"https:\/\/www.youtube.com\/watch?v=ZQ6fSHr5TJg\">C\u00f3mo intenta enfriarse la ciudad m\u00e1s calurosa de Estados Unidos<\/a><\/li>\n<li><strong>Webinar: <\/strong><a href=\"https:\/\/sonomalandtrust.zoom.us\/webinar\/register\/9516899950964\/WN_CriXUMdBRUiMv4eWPxofWQ#\/registration\" target=\"_blank\" rel=\"noopener\">El lenguaje de la tierra: Jard\u00edn para la fauna<\/a><\/li>\n<li><strong>Charla TED: <\/strong><a href=\"https:\/\/www.ted.com\/talks\/tom_diliberto_mapping_urban_heat_islands\" target=\"_blank\" rel=\"noopener\">Cartograf\u00eda de las Islas de Calor Urbanas<\/a><\/li>\n<li><strong>App: <\/strong><a href=\"https:\/\/apnmedia.com\/apps\/\" target=\"_blank\" rel=\"noopener\">\u00a1Oh Guardabosques! Buscador de Parques<\/a><\/li>\n<\/ul>\n<\/div>\n<\/div>\n","protected":false},"excerpt":{"rendered":"<p>Durante una ola de calor, los parques funcionan como centros naturales de refrigeraci\u00f3n. Ofrecen un acceso equitativo a espacios que pueden ser hasta 20 grados m\u00e1s frescos que las calles vecinas. Si vives sin un parque cerca, puedes encontrarte en una isla de calor literal: una zona urbana que es significativamente m\u00e1s c\u00e1lida que las [&hellip;]<\/p>\n","protected":false},"author":1,"featured_media":0,"comment_status":"closed","ping_status":"closed","sticky":false,"template":"","format":"standard","meta":{"_acf_changed":false,"footnotes":""},"categories":[85],"tags":[],"class_list":["post-14170","post","type-post","status-publish","format-standard","hentry","category-enoticias"],"acf":[],"yoast_head":"<!-- This site is optimized with the Yoast SEO plugin v27.3 - https:\/\/yoast.com\/product\/yoast-seo-wordpress\/ -->\n<title>Agosto 2023 eNews &#8212; Sonoma Land Trust<\/title>\n<meta name=\"description\" content=\"Islas al sol Durante una ola de calor, los parques funcionan como centros naturales de refrigeraci\u00f3n. Ofrecen un acceso equitativo a espacios que pueden\" \/>\n<meta name=\"robots\" content=\"index, follow, max-snippet:-1, max-image-preview:large, max-video-preview:-1\" \/>\n<link rel=\"canonical\" href=\"https:\/\/sonomalandtrust.org\/es\/blog\/agosto-2023-enews\/\" \/>\n<meta property=\"og:locale\" content=\"es_ES\" \/>\n<meta property=\"og:type\" content=\"article\" \/>\n<meta property=\"og:title\" content=\"Agosto 2023 eNews &#8212; Sonoma Land Trust\" \/>\n<meta property=\"og:description\" content=\"Islas al sol Durante una ola de calor, los parques funcionan como centros naturales de refrigeraci\u00f3n. Ofrecen un acceso equitativo a espacios que pueden\" \/>\n<meta property=\"og:url\" content=\"https:\/\/sonomalandtrust.org\/es\/blog\/agosto-2023-enews\/\" \/>\n<meta property=\"og:site_name\" content=\"Sonoma Land Trust\" \/>\n<meta property=\"article:publisher\" content=\"http:\/\/www.facebook.com\/Sonoma-Land-Trust\/\" \/>\n<meta property=\"article:published_time\" content=\"2023-08-30T02:31:16+00:00\" \/>\n<meta property=\"og:image\" content=\"https:\/\/sonomalandtrust.org\/wp-content\/uploads\/2023\/08\/SLT_August_eNews_MarkWest.jpg\" \/>\n<meta name=\"twitter:card\" content=\"summary_large_image\" \/>\n<meta name=\"twitter:label1\" content=\"Written by\" \/>\n\t<meta name=\"twitter:data1\" content=\"eclipse\" \/>\n\t<meta name=\"twitter:label2\" content=\"Est. reading time\" \/>\n\t<meta name=\"twitter:data2\" content=\"11 minuto\" \/>\n<script type=\"application\/ld+json\" class=\"yoast-schema-graph\">{\"@context\":\"https:\\\/\\\/schema.org\",\"@graph\":[{\"@type\":\"Article\",\"@id\":\"https:\\\/\\\/sonomalandtrust.org\\\/es\\\/blog\\\/agosto-2023-enews\\\/#article\",\"isPartOf\":{\"@id\":\"https:\\\/\\\/sonomalandtrust.org\\\/es\\\/blog\\\/agosto-2023-enews\\\/\"},\"author\":{\"name\":\"eclipse\",\"@id\":\"https:\\\/\\\/slt-2026.eclipse-dev.com\\\/#\\\/schema\\\/person\\\/c289b2019a1bd6706f93278c6def96b7\"},\"headline\":\"Agosto 2023 eNews\",\"datePublished\":\"2023-08-30T02:31:16+00:00\",\"mainEntityOfPage\":{\"@id\":\"https:\\\/\\\/sonomalandtrust.org\\\/es\\\/blog\\\/agosto-2023-enews\\\/\"},\"wordCount\":2108,\"publisher\":{\"@id\":\"https:\\\/\\\/slt-2026.eclipse-dev.com\\\/#organization\"},\"image\":{\"@id\":\"https:\\\/\\\/sonomalandtrust.org\\\/es\\\/blog\\\/agosto-2023-enews\\\/#primaryimage\"},\"thumbnailUrl\":\"https:\\\/\\\/sonomalandtrust.org\\\/wp-content\\\/uploads\\\/2023\\\/08\\\/SLT_August_eNews_MarkWest.jpg\",\"articleSection\":[\"eNoticias\"],\"inLanguage\":\"es\"},{\"@type\":\"WebPage\",\"@id\":\"https:\\\/\\\/sonomalandtrust.org\\\/es\\\/blog\\\/agosto-2023-enews\\\/\",\"url\":\"https:\\\/\\\/sonomalandtrust.org\\\/es\\\/blog\\\/agosto-2023-enews\\\/\",\"name\":\"Agosto 2023 eNews &#8212; Sonoma Land Trust\",\"isPartOf\":{\"@id\":\"https:\\\/\\\/slt-2026.eclipse-dev.com\\\/#website\"},\"primaryImageOfPage\":{\"@id\":\"https:\\\/\\\/sonomalandtrust.org\\\/es\\\/blog\\\/agosto-2023-enews\\\/#primaryimage\"},\"image\":{\"@id\":\"https:\\\/\\\/sonomalandtrust.org\\\/es\\\/blog\\\/agosto-2023-enews\\\/#primaryimage\"},\"thumbnailUrl\":\"https:\\\/\\\/sonomalandtrust.org\\\/wp-content\\\/uploads\\\/2023\\\/08\\\/SLT_August_eNews_MarkWest.jpg\",\"datePublished\":\"2023-08-30T02:31:16+00:00\",\"description\":\"Islas al sol Durante una ola de calor, los parques funcionan como centros naturales de refrigeraci\u00f3n. Ofrecen un acceso equitativo a espacios que pueden\",\"breadcrumb\":{\"@id\":\"https:\\\/\\\/sonomalandtrust.org\\\/es\\\/blog\\\/agosto-2023-enews\\\/#breadcrumb\"},\"inLanguage\":\"es\",\"potentialAction\":[{\"@type\":\"ReadAction\",\"target\":[\"https:\\\/\\\/sonomalandtrust.org\\\/es\\\/blog\\\/agosto-2023-enews\\\/\"]}]},{\"@type\":\"ImageObject\",\"inLanguage\":\"es\",\"@id\":\"https:\\\/\\\/sonomalandtrust.org\\\/es\\\/blog\\\/agosto-2023-enews\\\/#primaryimage\",\"url\":\"https:\\\/\\\/sonomalandtrust.org\\\/wp-content\\\/uploads\\\/2023\\\/08\\\/SLT_August_eNews_MarkWest.jpg\",\"contentUrl\":\"https:\\\/\\\/sonomalandtrust.org\\\/wp-content\\\/uploads\\\/2023\\\/08\\\/SLT_August_eNews_MarkWest.jpg\"},{\"@type\":\"BreadcrumbList\",\"@id\":\"https:\\\/\\\/sonomalandtrust.org\\\/es\\\/blog\\\/agosto-2023-enews\\\/#breadcrumb\",\"itemListElement\":[{\"@type\":\"ListItem\",\"position\":1,\"name\":\"Home\",\"item\":\"https:\\\/\\\/sonomalandtrust.org\\\/es\\\/inicio\\\/\"},{\"@type\":\"ListItem\",\"position\":2,\"name\":\"Agosto 2023 eNews\"}]},{\"@type\":\"WebSite\",\"@id\":\"https:\\\/\\\/slt-2026.eclipse-dev.com\\\/#website\",\"url\":\"https:\\\/\\\/slt-2026.eclipse-dev.com\\\/\",\"name\":\"Sonoma Land Trust\",\"description\":\"\",\"publisher\":{\"@id\":\"https:\\\/\\\/slt-2026.eclipse-dev.com\\\/#organization\"},\"potentialAction\":[{\"@type\":\"SearchAction\",\"target\":{\"@type\":\"EntryPoint\",\"urlTemplate\":\"https:\\\/\\\/slt-2026.eclipse-dev.com\\\/?s={search_term_string}\"},\"query-input\":{\"@type\":\"PropertyValueSpecification\",\"valueRequired\":true,\"valueName\":\"search_term_string\"}}],\"inLanguage\":\"es\"},{\"@type\":\"Organization\",\"@id\":\"https:\\\/\\\/slt-2026.eclipse-dev.com\\\/#organization\",\"name\":\"Fondo de Tierras de Sonoma\",\"url\":\"https:\\\/\\\/slt-2026.eclipse-dev.com\\\/\",\"logo\":{\"@type\":\"ImageObject\",\"inLanguage\":\"es\",\"@id\":\"https:\\\/\\\/slt-2026.eclipse-dev.com\\\/#\\\/schema\\\/logo\\\/image\\\/\",\"url\":\"https:\\\/\\\/sonomalandtrust.org\\\/wp-content\\\/uploads\\\/2025\\\/10\\\/slt-logo.png\",\"contentUrl\":\"https:\\\/\\\/sonomalandtrust.org\\\/wp-content\\\/uploads\\\/2025\\\/10\\\/slt-logo.png\",\"width\":549,\"height\":333,\"caption\":\"Fondo de Tierras de Sonoma\"},\"image\":{\"@id\":\"https:\\\/\\\/slt-2026.eclipse-dev.com\\\/#\\\/schema\\\/logo\\\/image\\\/\"},\"sameAs\":[\"http:\\\/\\\/www.facebook.com\\\/Sonoma-Land-Trust\\\/\",\"https:\\\/\\\/www.instagram.com\\\/sonomalandtrust\\\/\",\"https:\\\/\\\/bsky.app\\\/profile\\\/sonomalandtrust.bsky.social\",\"https:\\\/\\\/www.youtube.com\\\/user\\\/SonomaLandTrust\\\/\",\"http:\\\/\\\/www.linkedin.com\\\/company\\\/1090048?trk=tyah\"]},{\"@type\":\"Person\",\"@id\":\"https:\\\/\\\/slt-2026.eclipse-dev.com\\\/#\\\/schema\\\/person\\\/c289b2019a1bd6706f93278c6def96b7\",\"name\":\"eclipse\",\"image\":{\"@type\":\"ImageObject\",\"inLanguage\":\"es\",\"@id\":\"https:\\\/\\\/secure.gravatar.com\\\/avatar\\\/a57eb78d56d01cafd540f163cbd4c579fb8c9fffb50c37d90cc94108dbdf7a0e?s=96&d=mm&r=g\",\"url\":\"https:\\\/\\\/secure.gravatar.com\\\/avatar\\\/a57eb78d56d01cafd540f163cbd4c579fb8c9fffb50c37d90cc94108dbdf7a0e?s=96&d=mm&r=g\",\"contentUrl\":\"https:\\\/\\\/secure.gravatar.com\\\/avatar\\\/a57eb78d56d01cafd540f163cbd4c579fb8c9fffb50c37d90cc94108dbdf7a0e?s=96&d=mm&r=g\",\"caption\":\"eclipse\"},\"sameAs\":[\"http:\\\/\\\/sonomalandtrust.org\"]}]}<\/script>\n<!-- \/ Yoast SEO plugin. -->","yoast_head_json":{"title":"Agosto 2023 eNews &#8212; Sonoma Land Trust","description":"Islas al sol Durante una ola de calor, los parques funcionan como centros naturales de refrigeraci\u00f3n. Ofrecen un acceso equitativo a espacios que pueden","robots":{"index":"index","follow":"follow","max-snippet":"max-snippet:-1","max-image-preview":"max-image-preview:large","max-video-preview":"max-video-preview:-1"},"canonical":"https:\/\/sonomalandtrust.org\/es\/blog\/agosto-2023-enews\/","og_locale":"es_ES","og_type":"article","og_title":"Agosto 2023 eNews &#8212; Sonoma Land Trust","og_description":"Islas al sol Durante una ola de calor, los parques funcionan como centros naturales de refrigeraci\u00f3n. Ofrecen un acceso equitativo a espacios que pueden","og_url":"https:\/\/sonomalandtrust.org\/es\/blog\/agosto-2023-enews\/","og_site_name":"Sonoma Land Trust","article_publisher":"http:\/\/www.facebook.com\/Sonoma-Land-Trust\/","article_published_time":"2023-08-30T02:31:16+00:00","og_image":[{"url":"https:\/\/sonomalandtrust.org\/wp-content\/uploads\/2023\/08\/SLT_August_eNews_MarkWest.jpg","type":"","width":"","height":""}],"twitter_card":"summary_large_image","twitter_misc":{"Written by":"eclipse","Est. reading time":"11 minuto"},"schema":{"@context":"https:\/\/schema.org","@graph":[{"@type":"Article","@id":"https:\/\/sonomalandtrust.org\/es\/blog\/agosto-2023-enews\/#article","isPartOf":{"@id":"https:\/\/sonomalandtrust.org\/es\/blog\/agosto-2023-enews\/"},"author":{"name":"eclipse","@id":"https:\/\/slt-2026.eclipse-dev.com\/#\/schema\/person\/c289b2019a1bd6706f93278c6def96b7"},"headline":"Agosto 2023 eNews","datePublished":"2023-08-30T02:31:16+00:00","mainEntityOfPage":{"@id":"https:\/\/sonomalandtrust.org\/es\/blog\/agosto-2023-enews\/"},"wordCount":2108,"publisher":{"@id":"https:\/\/slt-2026.eclipse-dev.com\/#organization"},"image":{"@id":"https:\/\/sonomalandtrust.org\/es\/blog\/agosto-2023-enews\/#primaryimage"},"thumbnailUrl":"https:\/\/sonomalandtrust.org\/wp-content\/uploads\/2023\/08\/SLT_August_eNews_MarkWest.jpg","articleSection":["eNoticias"],"inLanguage":"es"},{"@type":"WebPage","@id":"https:\/\/sonomalandtrust.org\/es\/blog\/agosto-2023-enews\/","url":"https:\/\/sonomalandtrust.org\/es\/blog\/agosto-2023-enews\/","name":"Agosto 2023 eNews &#8212; Sonoma Land Trust","isPartOf":{"@id":"https:\/\/slt-2026.eclipse-dev.com\/#website"},"primaryImageOfPage":{"@id":"https:\/\/sonomalandtrust.org\/es\/blog\/agosto-2023-enews\/#primaryimage"},"image":{"@id":"https:\/\/sonomalandtrust.org\/es\/blog\/agosto-2023-enews\/#primaryimage"},"thumbnailUrl":"https:\/\/sonomalandtrust.org\/wp-content\/uploads\/2023\/08\/SLT_August_eNews_MarkWest.jpg","datePublished":"2023-08-30T02:31:16+00:00","description":"Islas al sol Durante una ola de calor, los parques funcionan como centros naturales de refrigeraci\u00f3n. Ofrecen un acceso equitativo a espacios que pueden","breadcrumb":{"@id":"https:\/\/sonomalandtrust.org\/es\/blog\/agosto-2023-enews\/#breadcrumb"},"inLanguage":"es","potentialAction":[{"@type":"ReadAction","target":["https:\/\/sonomalandtrust.org\/es\/blog\/agosto-2023-enews\/"]}]},{"@type":"ImageObject","inLanguage":"es","@id":"https:\/\/sonomalandtrust.org\/es\/blog\/agosto-2023-enews\/#primaryimage","url":"https:\/\/sonomalandtrust.org\/wp-content\/uploads\/2023\/08\/SLT_August_eNews_MarkWest.jpg","contentUrl":"https:\/\/sonomalandtrust.org\/wp-content\/uploads\/2023\/08\/SLT_August_eNews_MarkWest.jpg"},{"@type":"BreadcrumbList","@id":"https:\/\/sonomalandtrust.org\/es\/blog\/agosto-2023-enews\/#breadcrumb","itemListElement":[{"@type":"ListItem","position":1,"name":"Home","item":"https:\/\/sonomalandtrust.org\/es\/inicio\/"},{"@type":"ListItem","position":2,"name":"Agosto 2023 eNews"}]},{"@type":"WebSite","@id":"https:\/\/slt-2026.eclipse-dev.com\/#website","url":"https:\/\/slt-2026.eclipse-dev.com\/","name":"Sonoma Land Trust","description":"","publisher":{"@id":"https:\/\/slt-2026.eclipse-dev.com\/#organization"},"potentialAction":[{"@type":"SearchAction","target":{"@type":"EntryPoint","urlTemplate":"https:\/\/slt-2026.eclipse-dev.com\/?s={search_term_string}"},"query-input":{"@type":"PropertyValueSpecification","valueRequired":true,"valueName":"search_term_string"}}],"inLanguage":"es"},{"@type":"Organization","@id":"https:\/\/slt-2026.eclipse-dev.com\/#organization","name":"Fondo de Tierras de Sonoma","url":"https:\/\/slt-2026.eclipse-dev.com\/","logo":{"@type":"ImageObject","inLanguage":"es","@id":"https:\/\/slt-2026.eclipse-dev.com\/#\/schema\/logo\/image\/","url":"https:\/\/sonomalandtrust.org\/wp-content\/uploads\/2025\/10\/slt-logo.png","contentUrl":"https:\/\/sonomalandtrust.org\/wp-content\/uploads\/2025\/10\/slt-logo.png","width":549,"height":333,"caption":"Fondo de Tierras de Sonoma"},"image":{"@id":"https:\/\/slt-2026.eclipse-dev.com\/#\/schema\/logo\/image\/"},"sameAs":["http:\/\/www.facebook.com\/Sonoma-Land-Trust\/","https:\/\/www.instagram.com\/sonomalandtrust\/","https:\/\/bsky.app\/profile\/sonomalandtrust.bsky.social","https:\/\/www.youtube.com\/user\/SonomaLandTrust\/","http:\/\/www.linkedin.com\/company\/1090048?trk=tyah"]},{"@type":"Person","@id":"https:\/\/slt-2026.eclipse-dev.com\/#\/schema\/person\/c289b2019a1bd6706f93278c6def96b7","name":"eclipse","image":{"@type":"ImageObject","inLanguage":"es","@id":"https:\/\/secure.gravatar.com\/avatar\/a57eb78d56d01cafd540f163cbd4c579fb8c9fffb50c37d90cc94108dbdf7a0e?s=96&d=mm&r=g","url":"https:\/\/secure.gravatar.com\/avatar\/a57eb78d56d01cafd540f163cbd4c579fb8c9fffb50c37d90cc94108dbdf7a0e?s=96&d=mm&r=g","contentUrl":"https:\/\/secure.gravatar.com\/avatar\/a57eb78d56d01cafd540f163cbd4c579fb8c9fffb50c37d90cc94108dbdf7a0e?s=96&d=mm&r=g","caption":"eclipse"},"sameAs":["http:\/\/sonomalandtrust.org"]}]}},"_links":{"self":[{"href":"https:\/\/sonomalandtrust.org\/es\/wp-json\/wp\/v2\/posts\/14170","targetHints":{"allow":["GET"]}}],"collection":[{"href":"https:\/\/sonomalandtrust.org\/es\/wp-json\/wp\/v2\/posts"}],"about":[{"href":"https:\/\/sonomalandtrust.org\/es\/wp-json\/wp\/v2\/types\/post"}],"author":[{"embeddable":true,"href":"https:\/\/sonomalandtrust.org\/es\/wp-json\/wp\/v2\/users\/1"}],"replies":[{"embeddable":true,"href":"https:\/\/sonomalandtrust.org\/es\/wp-json\/wp\/v2\/comments?post=14170"}],"version-history":[{"count":0,"href":"https:\/\/sonomalandtrust.org\/es\/wp-json\/wp\/v2\/posts\/14170\/revisions"}],"wp:attachment":[{"href":"https:\/\/sonomalandtrust.org\/es\/wp-json\/wp\/v2\/media?parent=14170"}],"wp:term":[{"taxonomy":"category","embeddable":true,"href":"https:\/\/sonomalandtrust.org\/es\/wp-json\/wp\/v2\/categories?post=14170"},{"taxonomy":"post_tag","embeddable":true,"href":"https:\/\/sonomalandtrust.org\/es\/wp-json\/wp\/v2\/tags?post=14170"}],"curies":[{"name":"wp","href":"https:\/\/api.w.org\/{rel}","templated":true}]}}