{"id":14166,"date":"2018-09-21T00:00:00","date_gmt":"2018-09-21T07:00:00","guid":{"rendered":"https:\/\/sonomalandtrust.org\/blog\/haz-una-excursion-de-mar-a-cielo\/"},"modified":"2018-09-21T00:00:00","modified_gmt":"2018-09-21T07:00:00","slug":"haz-una-excursion-de-mar-a-cielo","status":"publish","type":"post","link":"https:\/\/sonomalandtrust.org\/es\/blog\/haz-una-excursion-de-mar-a-cielo\/","title":{"rendered":"haz una excursi\u00f3n de \u00abmar a cielo\u00bb"},"content":{"rendered":"<h2 class=\"wsite-content-title\">por Bob Neale<\/h2>\n<div class=\"paragraph\">\n<span>Una hermosa y relajante ma\u00f1ana en la cima del Monte Polo. Por supuesto, tom\u00e9 el camino m\u00e1s f\u00e1cil para subir con nuestro cami\u00f3n y nuestros voluntarios, Tovar y Louise. Quer\u00edamos asegurarnos de estar en la cima de la monta\u00f1a para saludar a los primeros excursionistas, obtener sus primeras impresiones y darles sombreros y choca esos cinco del Sonoma Land Trust en este fin de semana inaugural. S\u00ed, por fin est\u00e1 abierto el Sendero del Mar al Cielo, desde la autopista 1, a las afueras de Jenner, hasta la cima del Monte Pole. En este hermoso d\u00eda de principios de oto\u00f1o llegaron a la cima 18 inspiradores excursionistas. Siempre he pensado que se trata de una excursi\u00f3n de ida y vuelta de 24 km al punto m\u00e1s alto de la costa. Pero a juzgar por las caras de los excursionistas, estaba totalmente equivocada. Sonrisas por todas partes. De todas las edades: hombres y mujeres, j\u00f3venes y mayores, senderistas de velocidad y corredores (s\u00ed&#8230; \u00a1al menos tres corredores ese s\u00e1bado!), excursionistas y caminantes lentos. La mayor\u00eda de la gente era nueva en Pole Mountain, pero algunos eran voluntarios y amigos que ya hab\u00edan estado all\u00ed antes. Todos hablaban maravillas de la belleza, del sendero, de las vistas, de su entusiasmo. Me siento inspirada por su entusiasmo y energ\u00eda, y muy contenta de que el Land Trust y nuestros socios,           <\/span> <span><span><a href=\"http:\/\/www.wildlandsconservancy.org\/preserve_jenner.html\">The Wildlands Conservancy<\/a><\/span><\/span> <span>y <a href=\"https:\/\/www.sonomaopenspace.org\/\">Sonoma Ag + Open<\/a> Space, pueden llevar a la costa esta oportunidad \u00fanica de hacer senderismo.<\/span><br \/><span><\/span>\n<\/div>\n<div>\n<div class=\"wsite-image wsite-image-border-medium\" style=\"padding-top:5px;padding-bottom:10px;margin-left:0px;margin-right:10px;text-align:right\">\n<a><img decoding=\"async\" alt=\"Fotograf\u00eda\" src=\"https:\/\/sonomalandtrust.org\/wp-content\/uploads\/2025\/09\/cover-photo-pole-mt-12_orig.jpg\" style=\"width:auto;max-width:100%\"><\/a><\/p>\n<div style=\"display:block;font-size:90%\"><\/div>\n<\/div>\n<\/div>\n<div>\n<!--BLOG_SUMMARY_END-->\n<\/div>\n<div class=\"paragraph\">\n<span>La mayor\u00eda de los excursionistas rellenaron sencillas encuestas para compartir su experiencia y ayudar a orientar nuestra gesti\u00f3n futura. En general, la gente tard\u00f3 entre 3 y 4 horas en llegar a la cima (supongo que otras 2-3 en bajar) y la mayor\u00eda, sabiamente, llev\u00f3 2-3 litros de agua. Sin tocar demasiado la bocina, algunos de los comentarios que compartieron son:  <\/span><br \/><span><\/span>\n<\/div>\n<blockquote style=\"text-align:center;\"><p>\n\u00a1Uno de los mejores senderos del condado!\n<\/p><\/blockquote>\n<div class=\"wsite-spacer\" style=\"height:10px;\"><\/div>\n<blockquote style=\"text-align:center;\"><p>\nMe encantaron las vistas cerca de Raptor Ridge.\n<\/p><\/blockquote>\n<div class=\"wsite-spacer\" style=\"height:10px;\"><\/div>\n<blockquote style=\"text-align:center;\"><p>\nLas vistas de la cima hacen que el entrenamiento de<br \/>merezca la pena.\n<\/p><\/blockquote>\n<div class=\"wsite-spacer\" style=\"height:10px;\"><\/div>\n<div class=\"paragraph\">\nLa mayor\u00eda de la gente se describi\u00f3 a s\u00ed misma como en buena o excelente forma y calific\u00f3 la ruta de 5 a 7 en una escala de 10. Algunos la describieron como \u00ab\u00a1Dif\u00edcil! Algunos describieron la caminata como \u00ab\u00a1Dif\u00edcil!\u00bb, o incluso \u00abBrutal\u00bb, pero la mayor\u00eda dijo simplemente que la caminata es \u00ab\u00a1Genial!\u00bb. <\/p>\n<p>Como residentes en California, todos sabemos que ahora mismo hace el mejor tiempo del a\u00f1o, sobre todo en la costa. Lo que quiero saber es, \u00bfa qu\u00e9 esperas? \u00a1Sal y prueba el Sendero del Mar al Cielo! No te decepcionar\u00e1. Para saber c\u00f3mo llegar, visita nuestro sitio web <a href=\"http:\/\/www.sonomalandtrust.org\/\">sonomalandtrust.org<\/a>. All\u00ed encontrar\u00e1s un mapa descargable que muestra el sendero a Pole Mountain, as\u00ed como otros senderos (menos arduos) de la Reserva de Jenner Headlands. Recuerda, lleva calzado adecuado para hacer senderismo, crema solar y sombrero (puede hacer mucho sol ah\u00ed fuera), y 2-3 litros de agua por persona. Aqu\u00ed tienes tambi\u00e9n un consejo secreto: Aunque la mayor\u00eda de la gente se para en la cima y mira hacia el oeste y el sur a lo largo de la costa, las vistas verdaderamente \u00fanicas y asombrosas son hacia el este y el norte a trav\u00e9s del interior del Condado. Realmente no creo que tengas una vista como \u00e9sta en ning\u00fan otro lugar accesible al p\u00fablico. As\u00ed que coge tu bast\u00f3n y tu gorp -las viejas pasas y cacahuetes- y \u00a1ven con nosotros!         <\/div>\n<div>\n<div style=\"height: 20px; overflow: hidden; width: 100%;\"><\/div>\n<hr class=\"styled-hr\" style=\"width:100%;\">\n<div style=\"height: 20px; overflow: hidden; width: 100%;\"><\/div>\n<\/div>\n<h2 class=\"wsite-content-title\" style=\"text-align:center;\">Mapa del sendero del Mar al Cielo<\/h2>\n<div class=\"wsite-scribd\">\n<div id=\"doc_389157541\" style=\"background-color:#fff\" title=\"Scribd: slt_sea_to_sky_trail_jhp_pmp_06september2018.pdf\"><\/div>\n<p><script data-cfasync=\"false\" src=\"\/cdn-cgi\/scripts\/5c5dd728\/cloudflare-static\/email-decode.min.js\"><\/script><script type=\"text\/javascript\"> if (!window.scribd_js_loaded) { window.scribd_js_loaded = true; document.write(\"<scr\"+\"ipt type=\"text\/javascript\" src=\"\/\/www.scribd.com\/javascripts\/scribd_api.js\"><\/scr\"+\"ipt&gt;\"); } <\/script> <script type=\"text\/javascript\"> var scribd_doc_389157541 = scribd.Document.getDoc(389157541, \"key-KqIT4YFGblqSBO9n38FK\"); scribd_doc_389157541.addParam(\"jsapi_version\", 2); scribd_doc_389157541.addParam(\"height\", 500); scribd_doc_389157541.addParam(\"width\", \"100%\"); scribd_doc_389157541.write(\"doc_389157541\"); <\/script>\n<\/div>\n<div>\n<div style=\"height: 20px; overflow: hidden; width: 100%;\"><\/div>\n<hr class=\"styled-hr\" style=\"width:100%;\">\n<div style=\"height: 20px; overflow: hidden; width: 100%;\"><\/div>\n<\/div>\n<h2 class=\"wsite-content-title\" style=\"text-align:center;\">\u00a1Mira las fotos del fin de semana de la inauguraci\u00f3n!<\/h2>\n<div>\n<div style=\"height: 20px; overflow: hidden;\"><\/div>\n<div class=\"imageGallery\" id=\"847823021991137254-gallery\" style=\"line-height: 0px; padding: 0; margin: 0\">\n<div id=\"847823021991137254-imageContainer0\" style=\"float:left;width:33.28%;margin:0;\">\n<div id=\"847823021991137254-insideImageContainer0\" style=\"position:relative;margin:5px;\">\n<div class=\"galleryImageHolder\" style=\"position:relative; width:100%; padding:0 0 75%;overflow:hidden;\">\n<div class=\"galleryInnerImageHolder\">\n<a href=\"\/uploads\/5\/6\/4\/8\/56487571\/41237147-10156123384936339-3202927743087935488-o_orig.jpg\" rel=\"lightbox[gallery847823021991137254]\"><img decoding=\"async\" class=\"galleryImage\" src=\"https:\/\/sonomalandtrust.org\/wp-content\/uploads\/2025\/09\/41237147-10156123384936339-3202927743087935488-o.jpg\" style=\"position:absolute;border:0;width:112.36%;top:0%;left:-6.18%\"><\/a>\n<\/div>\n<\/div>\n<\/div>\n<\/div>\n<div id=\"847823021991137254-imageContainer1\" style=\"float:left;width:33.28%;margin:0;\">\n<div id=\"847823021991137254-insideImageContainer1\" style=\"position:relative;margin:5px;\">\n<div class=\"galleryImageHolder\" style=\"position:relative; width:100%; padding:0 0 75%;overflow:hidden;\">\n<div class=\"galleryInnerImageHolder\">\n<a href=\"\/uploads\/5\/6\/4\/8\/56487571\/jenner-2_orig.jpg\" rel=\"lightbox[gallery847823021991137254]\"><img decoding=\"async\" class=\"galleryImage\" src=\"https:\/\/sonomalandtrust.org\/wp-content\/uploads\/2025\/09\/jenner-2.jpg\" style=\"position:absolute;border:0;width:112.36%;top:0%;left:-6.18%\"><\/a>\n<\/div>\n<\/div>\n<\/div>\n<\/div>\n<div id=\"847823021991137254-imageContainer2\" style=\"float:left;width:33.28%;margin:0;\">\n<div id=\"847823021991137254-insideImageContainer2\" style=\"position:relative;margin:5px;\">\n<div class=\"galleryImageHolder\" style=\"position:relative; width:100%; padding:0 0 75%;overflow:hidden;\">\n<div class=\"galleryInnerImageHolder\">\n<a href=\"\/uploads\/5\/6\/4\/8\/56487571\/jenner-10_orig.jpg\" rel=\"lightbox[gallery847823021991137254]\"><img decoding=\"async\" class=\"galleryImage\" src=\"https:\/\/sonomalandtrust.org\/wp-content\/uploads\/2025\/09\/jenner-10.jpg\" style=\"position:absolute;border:0;width:150%;top:0%;left:-25%\"><\/a>\n<\/div>\n<\/div>\n<\/div>\n<\/div>\n<div id=\"847823021991137254-imageContainer3\" style=\"float:left;width:33.28%;margin:0;\">\n<div id=\"847823021991137254-insideImageContainer3\" style=\"position:relative;margin:5px;\">\n<div class=\"galleryImageHolder\" style=\"position:relative; width:100%; padding:0 0 75%;overflow:hidden;\">\n<div class=\"galleryInnerImageHolder\">\n<a href=\"\/uploads\/5\/6\/4\/8\/56487571\/jenner-19_orig.jpg\" rel=\"lightbox[gallery847823021991137254]\"><img decoding=\"async\" class=\"galleryImage\" src=\"https:\/\/sonomalandtrust.org\/wp-content\/uploads\/2025\/09\/jenner-19.jpg\" style=\"position:absolute;border:0;width:150%;top:0%;left:-25%\"><\/a>\n<\/div>\n<\/div>\n<\/div>\n<\/div>\n<div id=\"847823021991137254-imageContainer4\" style=\"float:left;width:33.28%;margin:0;\">\n<div id=\"847823021991137254-insideImageContainer4\" style=\"position:relative;margin:5px;\">\n<div class=\"galleryImageHolder\" style=\"position:relative; width:100%; padding:0 0 75%;overflow:hidden;\">\n<div class=\"galleryInnerImageHolder\">\n<a href=\"\/uploads\/5\/6\/4\/8\/56487571\/jenner-20_orig.jpg\" rel=\"lightbox[gallery847823021991137254]\"><img decoding=\"async\" class=\"galleryImage\" src=\"https:\/\/sonomalandtrust.org\/wp-content\/uploads\/2025\/09\/jenner-20.jpg\" style=\"position:absolute;border:0;width:112.36%;top:0%;left:-6.18%\"><\/a>\n<\/div>\n<\/div>\n<\/div>\n<\/div>\n<div id=\"847823021991137254-imageContainer5\" style=\"float:left;width:33.28%;margin:0;\">\n<div id=\"847823021991137254-insideImageContainer5\" style=\"position:relative;margin:5px;\">\n<div class=\"galleryImageHolder\" style=\"position:relative; width:100%; padding:0 0 75%;overflow:hidden;\">\n<div class=\"galleryInnerImageHolder\">\n<a href=\"\/uploads\/5\/6\/4\/8\/56487571\/jenner-58_orig.jpg\" rel=\"lightbox[gallery847823021991137254]\"><img decoding=\"async\" class=\"galleryImage\" src=\"https:\/\/sonomalandtrust.org\/wp-content\/uploads\/2025\/09\/jenner-58.jpg\" style=\"position:absolute;border:0;width:112.36%;top:0%;left:-6.18%\"><\/a>\n<\/div>\n<\/div>\n<\/div>\n<\/div>\n<p><span style=\"display: block; clear: both; height: 0px; overflow: hidden;\"><\/span>\n<\/div>\n<div style=\"height: 20px; overflow: hidden;\"><\/div>\n<\/div>\n<div>\n<div style=\"height: 20px; overflow: hidden; width: 100%;\"><\/div>\n<hr class=\"styled-hr\" style=\"width:100%;\">\n<div style=\"height: 20px; overflow: hidden; width: 100%;\"><\/div>\n<\/div>\n<h2 class=\"wsite-content-title\" style=\"text-align:center;\">M\u00e1s informaci\u00f3n sobre el Monte Pole y los Jenner Headlands<\/p>\n<\/h2>\n<div>\n<div align=\"center\" class=\"wcustomhtml\" id=\"117102434842857365\" style=\"width: 100%; overflow-y: hidden;\">\n<iframe allowfullscreen=\"true\" allowtransparency=\"true\" frameborder=\"0\" height=\"315\" scrolling=\"no\" src=\"https:\/\/www.facebook.com\/plugins\/video.php?href=https%3A%2F%2Fwww.facebook.com%2Fsonomalandtrust%2Fvideos%2F10156123368801339%2F&amp;show_text=0&amp;width=560\" style=\"border:none;overflow:hidden\" width=\"560\"><\/iframe>\n<\/div>\n<\/div>\n<div>\n<div class=\"wsite-image wsite-image-border-none\" style=\"padding-top:10px;padding-bottom:10px;margin-left:0px;margin-right:0px;text-align:center\">\n<a href=\"https:\/\/www.pressdemocrat.com\/news\/8702308-181\/sprawling-jenner-headlands-preserve-on?artslide=1\" target=\"_blank\"><img decoding=\"async\" alt=\"Fotograf\u00eda\" src=\"https:\/\/sonomalandtrust.org\/wp-content\/uploads\/2025\/09\/copy-of-copy-of-mice.png\" style=\"width:auto;max-width:100%\"><\/a><\/p>\n<div style=\"display:block;font-size:90%\"><\/div>\n<\/div>\n<\/div>\n<div>\n<div style=\"height: 20px; overflow: hidden; width: 100%;\"><\/div>\n<hr class=\"styled-hr\" style=\"width:100%;\">\n<div style=\"height: 20px; overflow: hidden; width: 100%;\"><\/div>\n<\/div>\n<div class=\"paragraph\">\n<em>Bob Neale es director de administraci\u00f3n de Sonoma Land Trust.  <\/em>\n<\/div>\n<div>\n<div style=\"height: 20px; overflow: hidden; width: 100%;\"><\/div>\n<hr class=\"styled-hr\" style=\"width:100%;\">\n<div style=\"height: 20px; overflow: hidden; width: 100%;\"><\/div>\n<\/div>\n<\/div>\n","protected":false},"excerpt":{"rendered":"<p>Una hermosa y relajante ma\u00f1ana en la cima del Monte Polo. Por supuesto, tom\u00e9 el camino m\u00e1s f\u00e1cil para subir con nuestro cami\u00f3n y nuestros voluntarios, Tovar y Louise. Quer\u00edamos asegurarnos de estar en la cima de la monta\u00f1a para saludar a los primeros excursionistas, obtener sus primeras impresiones y darles sombreros y choca esos [&hellip;]<\/p>\n","protected":false},"author":1,"featured_media":14168,"comment_status":"closed","ping_status":"closed","sticky":false,"template":"","format":"standard","meta":{"_acf_changed":false,"footnotes":""},"categories":[110],"tags":[],"class_list":["post-14166","post","type-post","status-publish","format-standard","has-post-thumbnail","hentry","category-corresponsabilidad"],"acf":[],"yoast_head":"<!-- This site is optimized with the Yoast SEO plugin v27.3 - https:\/\/yoast.com\/product\/yoast-seo-wordpress\/ -->\n<title>haz una excursi\u00f3n de &quot;mar a cielo&quot; &#8212; Sonoma Land Trust<\/title>\n<meta name=\"description\" content=\"por Bob Neale Una hermosa y relajante ma\u00f1ana en la cima del Monte Polo. Por supuesto, tom\u00e9 el camino m\u00e1s f\u00e1cil para subir con nuestro cami\u00f3n y nuestros\" \/>\n<meta name=\"robots\" content=\"index, follow, max-snippet:-1, max-image-preview:large, max-video-preview:-1\" \/>\n<link rel=\"canonical\" href=\"https:\/\/sonomalandtrust.org\/es\/blog\/haz-una-excursion-de-mar-a-cielo\/\" \/>\n<meta property=\"og:locale\" content=\"es_ES\" \/>\n<meta property=\"og:type\" content=\"article\" \/>\n<meta property=\"og:title\" content=\"haz una excursi\u00f3n de &quot;mar a cielo&quot; &#8212; Sonoma Land Trust\" \/>\n<meta property=\"og:description\" content=\"por Bob Neale Una hermosa y relajante ma\u00f1ana en la cima del Monte Polo. Por supuesto, tom\u00e9 el camino m\u00e1s f\u00e1cil para subir con nuestro cami\u00f3n y nuestros\" \/>\n<meta property=\"og:url\" content=\"https:\/\/sonomalandtrust.org\/es\/blog\/haz-una-excursion-de-mar-a-cielo\/\" \/>\n<meta property=\"og:site_name\" content=\"Sonoma Land Trust\" \/>\n<meta property=\"article:publisher\" content=\"http:\/\/www.facebook.com\/Sonoma-Land-Trust\/\" \/>\n<meta property=\"article:published_time\" content=\"2018-09-21T07:00:00+00:00\" \/>\n<meta property=\"og:image\" content=\"https:\/\/slt-2026.eclipse-dev.com\/wp-content\/uploads\/2025\/09\/cover-photo-pole-mt-12_orig.jpg\" \/>\n\t<meta property=\"og:image:width\" content=\"1024\" \/>\n\t<meta property=\"og:image:height\" content=\"397\" \/>\n\t<meta property=\"og:image:type\" content=\"image\/jpeg\" \/>\n<meta name=\"twitter:card\" content=\"summary_large_image\" \/>\n<meta name=\"twitter:label1\" content=\"Written by\" \/>\n\t<meta name=\"twitter:data1\" content=\"eclipse\" \/>\n\t<meta name=\"twitter:label2\" content=\"Est. reading time\" \/>\n\t<meta name=\"twitter:data2\" content=\"3 minuto\" \/>\n<script type=\"application\/ld+json\" class=\"yoast-schema-graph\">{\"@context\":\"https:\\\/\\\/schema.org\",\"@graph\":[{\"@type\":\"Article\",\"@id\":\"https:\\\/\\\/sonomalandtrust.org\\\/es\\\/blog\\\/haz-una-excursion-de-mar-a-cielo\\\/#article\",\"isPartOf\":{\"@id\":\"https:\\\/\\\/sonomalandtrust.org\\\/es\\\/blog\\\/haz-una-excursion-de-mar-a-cielo\\\/\"},\"author\":{\"name\":\"eclipse\",\"@id\":\"https:\\\/\\\/slt-2026.eclipse-dev.com\\\/#\\\/schema\\\/person\\\/c289b2019a1bd6706f93278c6def96b7\"},\"headline\":\"haz una excursi\u00f3n de \u00abmar a cielo\u00bb\",\"datePublished\":\"2018-09-21T07:00:00+00:00\",\"mainEntityOfPage\":{\"@id\":\"https:\\\/\\\/sonomalandtrust.org\\\/es\\\/blog\\\/haz-una-excursion-de-mar-a-cielo\\\/\"},\"wordCount\":643,\"publisher\":{\"@id\":\"https:\\\/\\\/slt-2026.eclipse-dev.com\\\/#organization\"},\"image\":{\"@id\":\"https:\\\/\\\/sonomalandtrust.org\\\/es\\\/blog\\\/haz-una-excursion-de-mar-a-cielo\\\/#primaryimage\"},\"thumbnailUrl\":\"https:\\\/\\\/sonomalandtrust.org\\\/wp-content\\\/uploads\\\/2025\\\/09\\\/cover-photo-pole-mt-12_orig.jpg\",\"articleSection\":[\"Corresponsabilidad\"],\"inLanguage\":\"es\"},{\"@type\":\"WebPage\",\"@id\":\"https:\\\/\\\/sonomalandtrust.org\\\/es\\\/blog\\\/haz-una-excursion-de-mar-a-cielo\\\/\",\"url\":\"https:\\\/\\\/sonomalandtrust.org\\\/es\\\/blog\\\/haz-una-excursion-de-mar-a-cielo\\\/\",\"name\":\"haz una excursi\u00f3n de \\\"mar a cielo\\\" &#8212; Sonoma Land Trust\",\"isPartOf\":{\"@id\":\"https:\\\/\\\/slt-2026.eclipse-dev.com\\\/#website\"},\"primaryImageOfPage\":{\"@id\":\"https:\\\/\\\/sonomalandtrust.org\\\/es\\\/blog\\\/haz-una-excursion-de-mar-a-cielo\\\/#primaryimage\"},\"image\":{\"@id\":\"https:\\\/\\\/sonomalandtrust.org\\\/es\\\/blog\\\/haz-una-excursion-de-mar-a-cielo\\\/#primaryimage\"},\"thumbnailUrl\":\"https:\\\/\\\/sonomalandtrust.org\\\/wp-content\\\/uploads\\\/2025\\\/09\\\/cover-photo-pole-mt-12_orig.jpg\",\"datePublished\":\"2018-09-21T07:00:00+00:00\",\"description\":\"por Bob Neale Una hermosa y relajante ma\u00f1ana en la cima del Monte Polo. Por supuesto, tom\u00e9 el camino m\u00e1s f\u00e1cil para subir con nuestro cami\u00f3n y nuestros\",\"breadcrumb\":{\"@id\":\"https:\\\/\\\/sonomalandtrust.org\\\/es\\\/blog\\\/haz-una-excursion-de-mar-a-cielo\\\/#breadcrumb\"},\"inLanguage\":\"es\",\"potentialAction\":[{\"@type\":\"ReadAction\",\"target\":[\"https:\\\/\\\/sonomalandtrust.org\\\/es\\\/blog\\\/haz-una-excursion-de-mar-a-cielo\\\/\"]}]},{\"@type\":\"ImageObject\",\"inLanguage\":\"es\",\"@id\":\"https:\\\/\\\/sonomalandtrust.org\\\/es\\\/blog\\\/haz-una-excursion-de-mar-a-cielo\\\/#primaryimage\",\"url\":\"https:\\\/\\\/sonomalandtrust.org\\\/wp-content\\\/uploads\\\/2025\\\/09\\\/cover-photo-pole-mt-12_orig.jpg\",\"contentUrl\":\"https:\\\/\\\/sonomalandtrust.org\\\/wp-content\\\/uploads\\\/2025\\\/09\\\/cover-photo-pole-mt-12_orig.jpg\",\"width\":1024,\"height\":397},{\"@type\":\"BreadcrumbList\",\"@id\":\"https:\\\/\\\/sonomalandtrust.org\\\/es\\\/blog\\\/haz-una-excursion-de-mar-a-cielo\\\/#breadcrumb\",\"itemListElement\":[{\"@type\":\"ListItem\",\"position\":1,\"name\":\"Home\",\"item\":\"https:\\\/\\\/sonomalandtrust.org\\\/es\\\/inicio\\\/\"},{\"@type\":\"ListItem\",\"position\":2,\"name\":\"haz una excursi\u00f3n de &#8220;mar a cielo&#8221;\"}]},{\"@type\":\"WebSite\",\"@id\":\"https:\\\/\\\/slt-2026.eclipse-dev.com\\\/#website\",\"url\":\"https:\\\/\\\/slt-2026.eclipse-dev.com\\\/\",\"name\":\"Sonoma Land Trust\",\"description\":\"\",\"publisher\":{\"@id\":\"https:\\\/\\\/slt-2026.eclipse-dev.com\\\/#organization\"},\"potentialAction\":[{\"@type\":\"SearchAction\",\"target\":{\"@type\":\"EntryPoint\",\"urlTemplate\":\"https:\\\/\\\/slt-2026.eclipse-dev.com\\\/?s={search_term_string}\"},\"query-input\":{\"@type\":\"PropertyValueSpecification\",\"valueRequired\":true,\"valueName\":\"search_term_string\"}}],\"inLanguage\":\"es\"},{\"@type\":\"Organization\",\"@id\":\"https:\\\/\\\/slt-2026.eclipse-dev.com\\\/#organization\",\"name\":\"Fondo de Tierras de Sonoma\",\"url\":\"https:\\\/\\\/slt-2026.eclipse-dev.com\\\/\",\"logo\":{\"@type\":\"ImageObject\",\"inLanguage\":\"es\",\"@id\":\"https:\\\/\\\/slt-2026.eclipse-dev.com\\\/#\\\/schema\\\/logo\\\/image\\\/\",\"url\":\"https:\\\/\\\/sonomalandtrust.org\\\/wp-content\\\/uploads\\\/2025\\\/10\\\/slt-logo.png\",\"contentUrl\":\"https:\\\/\\\/sonomalandtrust.org\\\/wp-content\\\/uploads\\\/2025\\\/10\\\/slt-logo.png\",\"width\":549,\"height\":333,\"caption\":\"Fondo de Tierras de Sonoma\"},\"image\":{\"@id\":\"https:\\\/\\\/slt-2026.eclipse-dev.com\\\/#\\\/schema\\\/logo\\\/image\\\/\"},\"sameAs\":[\"http:\\\/\\\/www.facebook.com\\\/Sonoma-Land-Trust\\\/\",\"https:\\\/\\\/www.instagram.com\\\/sonomalandtrust\\\/\",\"https:\\\/\\\/bsky.app\\\/profile\\\/sonomalandtrust.bsky.social\",\"https:\\\/\\\/www.youtube.com\\\/user\\\/SonomaLandTrust\\\/\",\"http:\\\/\\\/www.linkedin.com\\\/company\\\/1090048?trk=tyah\"]},{\"@type\":\"Person\",\"@id\":\"https:\\\/\\\/slt-2026.eclipse-dev.com\\\/#\\\/schema\\\/person\\\/c289b2019a1bd6706f93278c6def96b7\",\"name\":\"eclipse\",\"image\":{\"@type\":\"ImageObject\",\"inLanguage\":\"es\",\"@id\":\"https:\\\/\\\/secure.gravatar.com\\\/avatar\\\/a57eb78d56d01cafd540f163cbd4c579fb8c9fffb50c37d90cc94108dbdf7a0e?s=96&d=mm&r=g\",\"url\":\"https:\\\/\\\/secure.gravatar.com\\\/avatar\\\/a57eb78d56d01cafd540f163cbd4c579fb8c9fffb50c37d90cc94108dbdf7a0e?s=96&d=mm&r=g\",\"contentUrl\":\"https:\\\/\\\/secure.gravatar.com\\\/avatar\\\/a57eb78d56d01cafd540f163cbd4c579fb8c9fffb50c37d90cc94108dbdf7a0e?s=96&d=mm&r=g\",\"caption\":\"eclipse\"},\"sameAs\":[\"http:\\\/\\\/sonomalandtrust.org\"]}]}<\/script>\n<!-- \/ Yoast SEO plugin. -->","yoast_head_json":{"title":"haz una excursi\u00f3n de \"mar a cielo\" &#8212; Sonoma Land Trust","description":"por Bob Neale Una hermosa y relajante ma\u00f1ana en la cima del Monte Polo. Por supuesto, tom\u00e9 el camino m\u00e1s f\u00e1cil para subir con nuestro cami\u00f3n y nuestros","robots":{"index":"index","follow":"follow","max-snippet":"max-snippet:-1","max-image-preview":"max-image-preview:large","max-video-preview":"max-video-preview:-1"},"canonical":"https:\/\/sonomalandtrust.org\/es\/blog\/haz-una-excursion-de-mar-a-cielo\/","og_locale":"es_ES","og_type":"article","og_title":"haz una excursi\u00f3n de \"mar a cielo\" &#8212; Sonoma Land Trust","og_description":"por Bob Neale Una hermosa y relajante ma\u00f1ana en la cima del Monte Polo. Por supuesto, tom\u00e9 el camino m\u00e1s f\u00e1cil para subir con nuestro cami\u00f3n y nuestros","og_url":"https:\/\/sonomalandtrust.org\/es\/blog\/haz-una-excursion-de-mar-a-cielo\/","og_site_name":"Sonoma Land Trust","article_publisher":"http:\/\/www.facebook.com\/Sonoma-Land-Trust\/","article_published_time":"2018-09-21T07:00:00+00:00","og_image":[{"width":1024,"height":397,"url":"https:\/\/slt-2026.eclipse-dev.com\/wp-content\/uploads\/2025\/09\/cover-photo-pole-mt-12_orig.jpg","type":"image\/jpeg"}],"twitter_card":"summary_large_image","twitter_misc":{"Written by":"eclipse","Est. reading time":"3 minuto"},"schema":{"@context":"https:\/\/schema.org","@graph":[{"@type":"Article","@id":"https:\/\/sonomalandtrust.org\/es\/blog\/haz-una-excursion-de-mar-a-cielo\/#article","isPartOf":{"@id":"https:\/\/sonomalandtrust.org\/es\/blog\/haz-una-excursion-de-mar-a-cielo\/"},"author":{"name":"eclipse","@id":"https:\/\/slt-2026.eclipse-dev.com\/#\/schema\/person\/c289b2019a1bd6706f93278c6def96b7"},"headline":"haz una excursi\u00f3n de \u00abmar a cielo\u00bb","datePublished":"2018-09-21T07:00:00+00:00","mainEntityOfPage":{"@id":"https:\/\/sonomalandtrust.org\/es\/blog\/haz-una-excursion-de-mar-a-cielo\/"},"wordCount":643,"publisher":{"@id":"https:\/\/slt-2026.eclipse-dev.com\/#organization"},"image":{"@id":"https:\/\/sonomalandtrust.org\/es\/blog\/haz-una-excursion-de-mar-a-cielo\/#primaryimage"},"thumbnailUrl":"https:\/\/sonomalandtrust.org\/wp-content\/uploads\/2025\/09\/cover-photo-pole-mt-12_orig.jpg","articleSection":["Corresponsabilidad"],"inLanguage":"es"},{"@type":"WebPage","@id":"https:\/\/sonomalandtrust.org\/es\/blog\/haz-una-excursion-de-mar-a-cielo\/","url":"https:\/\/sonomalandtrust.org\/es\/blog\/haz-una-excursion-de-mar-a-cielo\/","name":"haz una excursi\u00f3n de \"mar a cielo\" &#8212; Sonoma Land Trust","isPartOf":{"@id":"https:\/\/slt-2026.eclipse-dev.com\/#website"},"primaryImageOfPage":{"@id":"https:\/\/sonomalandtrust.org\/es\/blog\/haz-una-excursion-de-mar-a-cielo\/#primaryimage"},"image":{"@id":"https:\/\/sonomalandtrust.org\/es\/blog\/haz-una-excursion-de-mar-a-cielo\/#primaryimage"},"thumbnailUrl":"https:\/\/sonomalandtrust.org\/wp-content\/uploads\/2025\/09\/cover-photo-pole-mt-12_orig.jpg","datePublished":"2018-09-21T07:00:00+00:00","description":"por Bob Neale Una hermosa y relajante ma\u00f1ana en la cima del Monte Polo. Por supuesto, tom\u00e9 el camino m\u00e1s f\u00e1cil para subir con nuestro cami\u00f3n y nuestros","breadcrumb":{"@id":"https:\/\/sonomalandtrust.org\/es\/blog\/haz-una-excursion-de-mar-a-cielo\/#breadcrumb"},"inLanguage":"es","potentialAction":[{"@type":"ReadAction","target":["https:\/\/sonomalandtrust.org\/es\/blog\/haz-una-excursion-de-mar-a-cielo\/"]}]},{"@type":"ImageObject","inLanguage":"es","@id":"https:\/\/sonomalandtrust.org\/es\/blog\/haz-una-excursion-de-mar-a-cielo\/#primaryimage","url":"https:\/\/sonomalandtrust.org\/wp-content\/uploads\/2025\/09\/cover-photo-pole-mt-12_orig.jpg","contentUrl":"https:\/\/sonomalandtrust.org\/wp-content\/uploads\/2025\/09\/cover-photo-pole-mt-12_orig.jpg","width":1024,"height":397},{"@type":"BreadcrumbList","@id":"https:\/\/sonomalandtrust.org\/es\/blog\/haz-una-excursion-de-mar-a-cielo\/#breadcrumb","itemListElement":[{"@type":"ListItem","position":1,"name":"Home","item":"https:\/\/sonomalandtrust.org\/es\/inicio\/"},{"@type":"ListItem","position":2,"name":"haz una excursi\u00f3n de &#8220;mar a cielo&#8221;"}]},{"@type":"WebSite","@id":"https:\/\/slt-2026.eclipse-dev.com\/#website","url":"https:\/\/slt-2026.eclipse-dev.com\/","name":"Sonoma Land Trust","description":"","publisher":{"@id":"https:\/\/slt-2026.eclipse-dev.com\/#organization"},"potentialAction":[{"@type":"SearchAction","target":{"@type":"EntryPoint","urlTemplate":"https:\/\/slt-2026.eclipse-dev.com\/?s={search_term_string}"},"query-input":{"@type":"PropertyValueSpecification","valueRequired":true,"valueName":"search_term_string"}}],"inLanguage":"es"},{"@type":"Organization","@id":"https:\/\/slt-2026.eclipse-dev.com\/#organization","name":"Fondo de Tierras de Sonoma","url":"https:\/\/slt-2026.eclipse-dev.com\/","logo":{"@type":"ImageObject","inLanguage":"es","@id":"https:\/\/slt-2026.eclipse-dev.com\/#\/schema\/logo\/image\/","url":"https:\/\/sonomalandtrust.org\/wp-content\/uploads\/2025\/10\/slt-logo.png","contentUrl":"https:\/\/sonomalandtrust.org\/wp-content\/uploads\/2025\/10\/slt-logo.png","width":549,"height":333,"caption":"Fondo de Tierras de Sonoma"},"image":{"@id":"https:\/\/slt-2026.eclipse-dev.com\/#\/schema\/logo\/image\/"},"sameAs":["http:\/\/www.facebook.com\/Sonoma-Land-Trust\/","https:\/\/www.instagram.com\/sonomalandtrust\/","https:\/\/bsky.app\/profile\/sonomalandtrust.bsky.social","https:\/\/www.youtube.com\/user\/SonomaLandTrust\/","http:\/\/www.linkedin.com\/company\/1090048?trk=tyah"]},{"@type":"Person","@id":"https:\/\/slt-2026.eclipse-dev.com\/#\/schema\/person\/c289b2019a1bd6706f93278c6def96b7","name":"eclipse","image":{"@type":"ImageObject","inLanguage":"es","@id":"https:\/\/secure.gravatar.com\/avatar\/a57eb78d56d01cafd540f163cbd4c579fb8c9fffb50c37d90cc94108dbdf7a0e?s=96&d=mm&r=g","url":"https:\/\/secure.gravatar.com\/avatar\/a57eb78d56d01cafd540f163cbd4c579fb8c9fffb50c37d90cc94108dbdf7a0e?s=96&d=mm&r=g","contentUrl":"https:\/\/secure.gravatar.com\/avatar\/a57eb78d56d01cafd540f163cbd4c579fb8c9fffb50c37d90cc94108dbdf7a0e?s=96&d=mm&r=g","caption":"eclipse"},"sameAs":["http:\/\/sonomalandtrust.org"]}]}},"_links":{"self":[{"href":"https:\/\/sonomalandtrust.org\/es\/wp-json\/wp\/v2\/posts\/14166","targetHints":{"allow":["GET"]}}],"collection":[{"href":"https:\/\/sonomalandtrust.org\/es\/wp-json\/wp\/v2\/posts"}],"about":[{"href":"https:\/\/sonomalandtrust.org\/es\/wp-json\/wp\/v2\/types\/post"}],"author":[{"embeddable":true,"href":"https:\/\/sonomalandtrust.org\/es\/wp-json\/wp\/v2\/users\/1"}],"replies":[{"embeddable":true,"href":"https:\/\/sonomalandtrust.org\/es\/wp-json\/wp\/v2\/comments?post=14166"}],"version-history":[{"count":0,"href":"https:\/\/sonomalandtrust.org\/es\/wp-json\/wp\/v2\/posts\/14166\/revisions"}],"wp:featuredmedia":[{"embeddable":true,"href":"https:\/\/sonomalandtrust.org\/es\/wp-json\/wp\/v2\/media\/14168"}],"wp:attachment":[{"href":"https:\/\/sonomalandtrust.org\/es\/wp-json\/wp\/v2\/media?parent=14166"}],"wp:term":[{"taxonomy":"category","embeddable":true,"href":"https:\/\/sonomalandtrust.org\/es\/wp-json\/wp\/v2\/categories?post=14166"},{"taxonomy":"post_tag","embeddable":true,"href":"https:\/\/sonomalandtrust.org\/es\/wp-json\/wp\/v2\/tags?post=14166"}],"curies":[{"name":"wp","href":"https:\/\/api.w.org\/{rel}","templated":true}]}}