{"id":14145,"date":"2023-10-01T09:21:00","date_gmt":"2023-10-01T16:21:00","guid":{"rendered":"https:\/\/sonomalandtrust.org\/blog\/harold-appleton-toda-una-vida-de-corresponsabilidad\/"},"modified":"2026-03-13T10:11:40","modified_gmt":"2026-03-13T17:11:40","slug":"harold-appleton-toda-una-vida-de-corresponsabilidad","status":"publish","type":"post","link":"https:\/\/sonomalandtrust.org\/es\/blog\/harold-appleton-toda-una-vida-de-corresponsabilidad\/","title":{"rendered":"Harold Appleton: Toda una vida de corresponsabilidad"},"content":{"rendered":"\n<p>Para Sonoma Land Trust, la administraci\u00f3n medioambiental es una fuerza motriz de nuestra organizaci\u00f3n y forma parte de todo lo que hacemos: desde conservar la tierra hasta encontrar soluciones basadas en la naturaleza para la resistencia clim\u00e1tica, pasando por fomentar la pr\u00f3xima generaci\u00f3n de administradores a trav\u00e9s de nuestra programaci\u00f3n educativa.<\/p>\n\n<p>Para el veterano voluntario, contratista, donante y Guardabosques Profesional Harold Appleton, la gesti\u00f3n medioambiental ha sido la fuerza motriz de toda su vida.<\/p>\n\n<p>Harold atribuye a una experiencia infantil en particular el haber encendido la chispa en \u00e9l. Mientras crec\u00eda en Long Island, a Harold y a sus amigos les encantaba jugar en un pantano cercano al que llamaban \u00abel pantano\u00bb, incluso patinaban sobre hielo en invierno. Pero un d\u00eda llegaron unos promotores y empezaron a pavimentar y construir casas en el amado pantano de los ni\u00f1os. Para colmo, las casas resultaron ser estructuralmente inseguras, ya que se construyeron sobre humedales inestables.   <\/p>\n\n<p>\u00abAprend\u00ed muy joven\u00bb, explica Harold, \u00abc\u00f3mo el desarrollo puede robarnos nuestros \u00abterrenos de juego naturales\u00bb\u00bb.<\/p>\n\n<p>Tras asistir al programa de Estudios Medioambientales de la UC Santa Cruz, Harold termin\u00f3 sus estudios de silvicultura en la UC Berkeley y empez\u00f3 a trabajar en el Parque Estatal de los Grandes \u00c1rboles de Calaveras a finales de la d\u00e9cada de 1970, bajo la direcci\u00f3n de un profesor em\u00e9rito de Silvicultura de la UC Berkeley llamado Harold Biswell.<\/p>\n\n<p>\u00abDe joven tuve la suerte de trabajar con el Dr. Biswell\u00bb, recuerda Harold. \u00abEn una \u00e9poca en que era una pr\u00e1ctica relativamente rara, \u00e9l fue uno de los primeros defensores de las quemas prescritas\u00bb. Harold recuerda que las ense\u00f1anzas del Dr. Biswell eran similares a la pr\u00e1ctica tradicional ind\u00edgena de utilizar el \u00abbuen fuego\u00bb como herramienta para la salud forestal. Pero por aquel entonces, cuando la supresi\u00f3n de incendios era la norma, el Dr. Biswell fue objeto de muchas cr\u00edticas por parte de profesionales del fuego, silvicultores e incluso colegas cient\u00edficos e investigadores que consideraban que sus ideas no coincid\u00edan con las suyas. Algunos incluso le llamaban \u00abHarry la Antorcha\u00bb.    <\/p>\n\n<p>Aunque no pod\u00eda saberlo en aquel momento, las lecciones que Harold aprendi\u00f3 de su mentor sobre el \u00abbuen fuego\u00bb completar\u00edan el c\u00edrculo mucho m\u00e1s tarde en su vida, incluso en el trabajo que hace hoy con Sonoma Land Trust.<\/p>\n\n<p>Mientras segu\u00eda trabajando como guarda forestal, Harold puso en marcha un vivero de plantas aut\u00f3ctonas que dirigi\u00f3 durante 18 a\u00f1os, primero en Mendocino y luego traslad\u00e1ndose al condado de Sonoma. A finales de la d\u00e9cada de 1980, empez\u00f3 a trabajar como voluntario en el Sonoma Land Trust como monitor de la propiedad Little Black Mountain del Land Trust, comprobando peri\u00f3dicamente si hab\u00eda signos de erosi\u00f3n e invasi\u00f3n de los l\u00edmites de la propiedad. <\/p>\n\n<p>A finales de los noventa, David Katz, director ejecutivo del Land Trust en aquel momento, pregunt\u00f3 a Harold si desarrollar\u00eda un plan de gesti\u00f3n forestal para Little Black Mountain, y as\u00ed comenz\u00f3 otra capa del compromiso de Harold con el Land Trust, esta vez como contratista profesional.<\/p>\n\n<p>Gracias al liderazgo de Harold, Sonoma Land Trust ha puesto en marcha multitud de proyectos a lo largo de los a\u00f1os sobre gesti\u00f3n de combustibles forestales y silvestres, infraestructuras de la propiedad, control de la erosi\u00f3n y desarrollo de senderos para preparar nuestras reservas para programas educativos y actividades recreativas.<\/p>\n\n<p>Luego, en 2017, llegaron los catastr\u00f3ficos incendios de Nuns y Tubbs. Por supuesto, Harold hab\u00eda visto muchos, muchos incendios forestales a lo largo de sus 40 a\u00f1os de trabajo en el sector forestal, pero nada le prepar\u00f3 para los megaincendios que arrasaron el condado de Sonoma aquel a\u00f1o. <\/p>\n\n<p>\u00abSab\u00edamos que los bosques estaban en un estado muy peligroso\u00bb, recuerda, refiri\u00e9ndose a los altos niveles de carga de combustible y a los a\u00f1os de sequ\u00eda. \u00abPero la gravedad de esos incendios sorprendi\u00f3 a todos: el comportamiento del fuego no se parec\u00eda a nada que hubi\u00e9ramos visto antes\u00bb. <\/p>\n\n<p>Sin embargo, tras el desastre, Harold ve un resquicio de esperanza en c\u00f3mo los propietarios de tierras, CAL FIRE, el Land Trust y sus socios se han unido para aplicar la quema prescrita y la gesti\u00f3n del combustible a un nivel muy serio. En sus cuatro d\u00e9cadas como silvicultor, emplear el \u00abfuego bueno\u00bb como hab\u00eda hecho con su viejo mentor, el Dr. Biswell, nunca hab\u00eda sido una opci\u00f3n. Harold recuerda haber trabajado en planes de gesti\u00f3n forestal con el Land Trust en los a\u00f1os previos a 2017, deseando que la quema prescrita pudiera ser una pr\u00e1ctica de gesti\u00f3n.  <\/p>\n\n<p>\u00abEn el fondo, quer\u00edamos hacer la quema prescrita, pero hab\u00eda demasiados obst\u00e1culos y consideraciones legales\u00bb, dice Harold. \u00abAhora se ha aprobado una legislaci\u00f3n para hacer precisamente eso\u00bb. <\/p>\n\n<p>Aunque se vaya jubilando, Harold piensa seguir colaborando con la Fundaci\u00f3n para el Suelo de Sonoma. \u00abEl hecho de que Sonoma Land Trust se tome tan en serio la gesti\u00f3n de la tierra es muy importante: es lo que me hace seguir con la organizaci\u00f3n. Eso y la gente con la que he trabajado aqu\u00ed\u00bb. Destaca su relaci\u00f3n con el anterior Director de Administraci\u00f3n, Bob Neale, y con Melina Hammar y Shanti Edwards.  <\/p>\n\n<p>\u00abShanti tiene una forma de mantenerme comprometido\u00bb, explica Harold, \u00abinvit\u00e1ndome siempre a distintos proyectos, ya sea como voluntario, contratista o por simple curiosidad\u00bb.<\/p>\n\n<p>Una teor\u00eda de la administraci\u00f3n medioambiental clasifica a los administradores en tres papeles: hacedores, donantes y profesionales. Harold Appleton es alguien que encarna los tres papeles a trav\u00e9s de su asociaci\u00f3n con la Fundaci\u00f3n para el Suelo de Sonoma y de su dedicaci\u00f3n de por vida a la gesti\u00f3n. <\/p>\n\n<p>Harold fue entrevistado por Jason Clay, de CAL FIRE, el 9 de octubre de 2023, durante la primera quema prescrita en Little Black Mountain, algo que \u00e9l ayud\u00f3 a preparar hace 20 a\u00f1os. <a href=\"https:\/\/youtu.be\/FrihpeIyFjY\">Mira este v\u00eddeo para saber m\u00e1s sobre sus pensamientos en ese d\u00eda hist\u00f3rico<\/a>.<\/p>\n","protected":false},"excerpt":{"rendered":"<p>Para Sonoma Land Trust, la administraci\u00f3n medioambiental es una fuerza motriz de nuestra organizaci\u00f3n y forma parte de todo lo que hacemos: desde conservar la tierra hasta encontrar soluciones basadas en la naturaleza para la resistencia clim\u00e1tica, pasando por fomentar la pr\u00f3xima generaci\u00f3n de administradores a trav\u00e9s de nuestra programaci\u00f3n educativa. Para el veterano voluntario, [&hellip;]<\/p>\n","protected":false},"author":1,"featured_media":14148,"comment_status":"closed","ping_status":"closed","sticky":false,"template":"","format":"standard","meta":{"_acf_changed":false,"footnotes":""},"categories":[110,85,115],"tags":[],"class_list":["post-14145","post","type-post","status-publish","format-standard","has-post-thumbnail","hentry","category-corresponsabilidad","category-enoticias","category-miembros-y-simpatizantes"],"acf":[],"yoast_head":"<!-- This site is optimized with the Yoast SEO plugin v27.3 - https:\/\/yoast.com\/product\/yoast-seo-wordpress\/ -->\n<title>Harold Appleton: Toda una vida de corresponsabilidad &#8212; Sonoma Land Trust<\/title>\n<meta name=\"description\" content=\"Para Sonoma Land Trust, la administraci\u00f3n medioambiental es una fuerza motriz de nuestra organizaci\u00f3n y forma parte de todo lo que hacemos: desde\" \/>\n<meta name=\"robots\" content=\"index, follow, max-snippet:-1, max-image-preview:large, max-video-preview:-1\" \/>\n<link rel=\"canonical\" href=\"https:\/\/sonomalandtrust.org\/es\/blog\/harold-appleton-toda-una-vida-de-corresponsabilidad\/\" \/>\n<meta property=\"og:locale\" content=\"es_ES\" \/>\n<meta property=\"og:type\" content=\"article\" \/>\n<meta property=\"og:title\" content=\"Harold Appleton: Toda una vida de corresponsabilidad &#8212; Sonoma Land Trust\" \/>\n<meta property=\"og:description\" content=\"Para Sonoma Land Trust, la administraci\u00f3n medioambiental es una fuerza motriz de nuestra organizaci\u00f3n y forma parte de todo lo que hacemos: desde\" \/>\n<meta property=\"og:url\" content=\"https:\/\/sonomalandtrust.org\/es\/blog\/harold-appleton-toda-una-vida-de-corresponsabilidad\/\" \/>\n<meta property=\"og:site_name\" content=\"Sonoma Land Trust\" \/>\n<meta property=\"article:publisher\" content=\"http:\/\/www.facebook.com\/Sonoma-Land-Trust\/\" \/>\n<meta property=\"article:published_time\" content=\"2023-10-01T16:21:00+00:00\" \/>\n<meta property=\"article:modified_time\" content=\"2026-03-13T17:11:40+00:00\" \/>\n<meta property=\"og:image\" content=\"https:\/\/slt-2026.eclipse-dev.com\/wp-content\/uploads\/2023\/10\/harold-appleton.jpg\" \/>\n\t<meta property=\"og:image:width\" content=\"1800\" \/>\n\t<meta property=\"og:image:height\" content=\"1200\" \/>\n\t<meta property=\"og:image:type\" content=\"image\/jpeg\" \/>\n<meta name=\"twitter:card\" content=\"summary_large_image\" \/>\n<meta name=\"twitter:label1\" content=\"Written by\" \/>\n\t<meta name=\"twitter:data1\" content=\"eclipse\" \/>\n\t<meta name=\"twitter:label2\" content=\"Est. reading time\" \/>\n\t<meta name=\"twitter:data2\" content=\"5 minuto\" \/>\n<script type=\"application\/ld+json\" class=\"yoast-schema-graph\">{\"@context\":\"https:\\\/\\\/schema.org\",\"@graph\":[{\"@type\":\"Article\",\"@id\":\"https:\\\/\\\/sonomalandtrust.org\\\/es\\\/blog\\\/harold-appleton-toda-una-vida-de-corresponsabilidad\\\/#article\",\"isPartOf\":{\"@id\":\"https:\\\/\\\/sonomalandtrust.org\\\/es\\\/blog\\\/harold-appleton-toda-una-vida-de-corresponsabilidad\\\/\"},\"author\":{\"name\":\"eclipse\",\"@id\":\"https:\\\/\\\/slt-2026.eclipse-dev.com\\\/#\\\/schema\\\/person\\\/c289b2019a1bd6706f93278c6def96b7\"},\"headline\":\"Harold Appleton: Toda una vida de corresponsabilidad\",\"datePublished\":\"2023-10-01T16:21:00+00:00\",\"dateModified\":\"2026-03-13T17:11:40+00:00\",\"mainEntityOfPage\":{\"@id\":\"https:\\\/\\\/sonomalandtrust.org\\\/es\\\/blog\\\/harold-appleton-toda-una-vida-de-corresponsabilidad\\\/\"},\"wordCount\":1040,\"publisher\":{\"@id\":\"https:\\\/\\\/slt-2026.eclipse-dev.com\\\/#organization\"},\"image\":{\"@id\":\"https:\\\/\\\/sonomalandtrust.org\\\/es\\\/blog\\\/harold-appleton-toda-una-vida-de-corresponsabilidad\\\/#primaryimage\"},\"thumbnailUrl\":\"https:\\\/\\\/sonomalandtrust.org\\\/wp-content\\\/uploads\\\/2023\\\/10\\\/harold-appleton.jpg\",\"articleSection\":[\"Corresponsabilidad\",\"eNoticias\",\"Miembros y simpatizantes\"],\"inLanguage\":\"es\"},{\"@type\":\"WebPage\",\"@id\":\"https:\\\/\\\/sonomalandtrust.org\\\/es\\\/blog\\\/harold-appleton-toda-una-vida-de-corresponsabilidad\\\/\",\"url\":\"https:\\\/\\\/sonomalandtrust.org\\\/es\\\/blog\\\/harold-appleton-toda-una-vida-de-corresponsabilidad\\\/\",\"name\":\"Harold Appleton: Toda una vida de corresponsabilidad &#8212; Sonoma Land Trust\",\"isPartOf\":{\"@id\":\"https:\\\/\\\/slt-2026.eclipse-dev.com\\\/#website\"},\"primaryImageOfPage\":{\"@id\":\"https:\\\/\\\/sonomalandtrust.org\\\/es\\\/blog\\\/harold-appleton-toda-una-vida-de-corresponsabilidad\\\/#primaryimage\"},\"image\":{\"@id\":\"https:\\\/\\\/sonomalandtrust.org\\\/es\\\/blog\\\/harold-appleton-toda-una-vida-de-corresponsabilidad\\\/#primaryimage\"},\"thumbnailUrl\":\"https:\\\/\\\/sonomalandtrust.org\\\/wp-content\\\/uploads\\\/2023\\\/10\\\/harold-appleton.jpg\",\"datePublished\":\"2023-10-01T16:21:00+00:00\",\"dateModified\":\"2026-03-13T17:11:40+00:00\",\"description\":\"Para Sonoma Land Trust, la administraci\u00f3n medioambiental es una fuerza motriz de nuestra organizaci\u00f3n y forma parte de todo lo que hacemos: desde\",\"breadcrumb\":{\"@id\":\"https:\\\/\\\/sonomalandtrust.org\\\/es\\\/blog\\\/harold-appleton-toda-una-vida-de-corresponsabilidad\\\/#breadcrumb\"},\"inLanguage\":\"es\",\"potentialAction\":[{\"@type\":\"ReadAction\",\"target\":[\"https:\\\/\\\/sonomalandtrust.org\\\/es\\\/blog\\\/harold-appleton-toda-una-vida-de-corresponsabilidad\\\/\"]}]},{\"@type\":\"ImageObject\",\"inLanguage\":\"es\",\"@id\":\"https:\\\/\\\/sonomalandtrust.org\\\/es\\\/blog\\\/harold-appleton-toda-una-vida-de-corresponsabilidad\\\/#primaryimage\",\"url\":\"https:\\\/\\\/sonomalandtrust.org\\\/wp-content\\\/uploads\\\/2023\\\/10\\\/harold-appleton.jpg\",\"contentUrl\":\"https:\\\/\\\/sonomalandtrust.org\\\/wp-content\\\/uploads\\\/2023\\\/10\\\/harold-appleton.jpg\",\"width\":1800,\"height\":1200},{\"@type\":\"BreadcrumbList\",\"@id\":\"https:\\\/\\\/sonomalandtrust.org\\\/es\\\/blog\\\/harold-appleton-toda-una-vida-de-corresponsabilidad\\\/#breadcrumb\",\"itemListElement\":[{\"@type\":\"ListItem\",\"position\":1,\"name\":\"Home\",\"item\":\"https:\\\/\\\/sonomalandtrust.org\\\/es\\\/inicio\\\/\"},{\"@type\":\"ListItem\",\"position\":2,\"name\":\"Harold Appleton: Toda una vida de corresponsabilidad\"}]},{\"@type\":\"WebSite\",\"@id\":\"https:\\\/\\\/slt-2026.eclipse-dev.com\\\/#website\",\"url\":\"https:\\\/\\\/slt-2026.eclipse-dev.com\\\/\",\"name\":\"Sonoma Land Trust\",\"description\":\"\",\"publisher\":{\"@id\":\"https:\\\/\\\/slt-2026.eclipse-dev.com\\\/#organization\"},\"potentialAction\":[{\"@type\":\"SearchAction\",\"target\":{\"@type\":\"EntryPoint\",\"urlTemplate\":\"https:\\\/\\\/slt-2026.eclipse-dev.com\\\/?s={search_term_string}\"},\"query-input\":{\"@type\":\"PropertyValueSpecification\",\"valueRequired\":true,\"valueName\":\"search_term_string\"}}],\"inLanguage\":\"es\"},{\"@type\":\"Organization\",\"@id\":\"https:\\\/\\\/slt-2026.eclipse-dev.com\\\/#organization\",\"name\":\"Fondo de Tierras de Sonoma\",\"url\":\"https:\\\/\\\/slt-2026.eclipse-dev.com\\\/\",\"logo\":{\"@type\":\"ImageObject\",\"inLanguage\":\"es\",\"@id\":\"https:\\\/\\\/slt-2026.eclipse-dev.com\\\/#\\\/schema\\\/logo\\\/image\\\/\",\"url\":\"https:\\\/\\\/sonomalandtrust.org\\\/wp-content\\\/uploads\\\/2025\\\/10\\\/slt-logo.png\",\"contentUrl\":\"https:\\\/\\\/sonomalandtrust.org\\\/wp-content\\\/uploads\\\/2025\\\/10\\\/slt-logo.png\",\"width\":549,\"height\":333,\"caption\":\"Fondo de Tierras de Sonoma\"},\"image\":{\"@id\":\"https:\\\/\\\/slt-2026.eclipse-dev.com\\\/#\\\/schema\\\/logo\\\/image\\\/\"},\"sameAs\":[\"http:\\\/\\\/www.facebook.com\\\/Sonoma-Land-Trust\\\/\",\"https:\\\/\\\/www.instagram.com\\\/sonomalandtrust\\\/\",\"https:\\\/\\\/bsky.app\\\/profile\\\/sonomalandtrust.bsky.social\",\"https:\\\/\\\/www.youtube.com\\\/user\\\/SonomaLandTrust\\\/\",\"http:\\\/\\\/www.linkedin.com\\\/company\\\/1090048?trk=tyah\"]},{\"@type\":\"Person\",\"@id\":\"https:\\\/\\\/slt-2026.eclipse-dev.com\\\/#\\\/schema\\\/person\\\/c289b2019a1bd6706f93278c6def96b7\",\"name\":\"eclipse\",\"image\":{\"@type\":\"ImageObject\",\"inLanguage\":\"es\",\"@id\":\"https:\\\/\\\/secure.gravatar.com\\\/avatar\\\/a57eb78d56d01cafd540f163cbd4c579fb8c9fffb50c37d90cc94108dbdf7a0e?s=96&d=mm&r=g\",\"url\":\"https:\\\/\\\/secure.gravatar.com\\\/avatar\\\/a57eb78d56d01cafd540f163cbd4c579fb8c9fffb50c37d90cc94108dbdf7a0e?s=96&d=mm&r=g\",\"contentUrl\":\"https:\\\/\\\/secure.gravatar.com\\\/avatar\\\/a57eb78d56d01cafd540f163cbd4c579fb8c9fffb50c37d90cc94108dbdf7a0e?s=96&d=mm&r=g\",\"caption\":\"eclipse\"},\"sameAs\":[\"http:\\\/\\\/sonomalandtrust.org\"]}]}<\/script>\n<!-- \/ Yoast SEO plugin. -->","yoast_head_json":{"title":"Harold Appleton: Toda una vida de corresponsabilidad &#8212; Sonoma Land Trust","description":"Para Sonoma Land Trust, la administraci\u00f3n medioambiental es una fuerza motriz de nuestra organizaci\u00f3n y forma parte de todo lo que hacemos: desde","robots":{"index":"index","follow":"follow","max-snippet":"max-snippet:-1","max-image-preview":"max-image-preview:large","max-video-preview":"max-video-preview:-1"},"canonical":"https:\/\/sonomalandtrust.org\/es\/blog\/harold-appleton-toda-una-vida-de-corresponsabilidad\/","og_locale":"es_ES","og_type":"article","og_title":"Harold Appleton: Toda una vida de corresponsabilidad &#8212; Sonoma Land Trust","og_description":"Para Sonoma Land Trust, la administraci\u00f3n medioambiental es una fuerza motriz de nuestra organizaci\u00f3n y forma parte de todo lo que hacemos: desde","og_url":"https:\/\/sonomalandtrust.org\/es\/blog\/harold-appleton-toda-una-vida-de-corresponsabilidad\/","og_site_name":"Sonoma Land Trust","article_publisher":"http:\/\/www.facebook.com\/Sonoma-Land-Trust\/","article_published_time":"2023-10-01T16:21:00+00:00","article_modified_time":"2026-03-13T17:11:40+00:00","og_image":[{"width":1800,"height":1200,"url":"https:\/\/slt-2026.eclipse-dev.com\/wp-content\/uploads\/2023\/10\/harold-appleton.jpg","type":"image\/jpeg"}],"twitter_card":"summary_large_image","twitter_misc":{"Written by":"eclipse","Est. reading time":"5 minuto"},"schema":{"@context":"https:\/\/schema.org","@graph":[{"@type":"Article","@id":"https:\/\/sonomalandtrust.org\/es\/blog\/harold-appleton-toda-una-vida-de-corresponsabilidad\/#article","isPartOf":{"@id":"https:\/\/sonomalandtrust.org\/es\/blog\/harold-appleton-toda-una-vida-de-corresponsabilidad\/"},"author":{"name":"eclipse","@id":"https:\/\/slt-2026.eclipse-dev.com\/#\/schema\/person\/c289b2019a1bd6706f93278c6def96b7"},"headline":"Harold Appleton: Toda una vida de corresponsabilidad","datePublished":"2023-10-01T16:21:00+00:00","dateModified":"2026-03-13T17:11:40+00:00","mainEntityOfPage":{"@id":"https:\/\/sonomalandtrust.org\/es\/blog\/harold-appleton-toda-una-vida-de-corresponsabilidad\/"},"wordCount":1040,"publisher":{"@id":"https:\/\/slt-2026.eclipse-dev.com\/#organization"},"image":{"@id":"https:\/\/sonomalandtrust.org\/es\/blog\/harold-appleton-toda-una-vida-de-corresponsabilidad\/#primaryimage"},"thumbnailUrl":"https:\/\/sonomalandtrust.org\/wp-content\/uploads\/2023\/10\/harold-appleton.jpg","articleSection":["Corresponsabilidad","eNoticias","Miembros y simpatizantes"],"inLanguage":"es"},{"@type":"WebPage","@id":"https:\/\/sonomalandtrust.org\/es\/blog\/harold-appleton-toda-una-vida-de-corresponsabilidad\/","url":"https:\/\/sonomalandtrust.org\/es\/blog\/harold-appleton-toda-una-vida-de-corresponsabilidad\/","name":"Harold Appleton: Toda una vida de corresponsabilidad &#8212; Sonoma Land Trust","isPartOf":{"@id":"https:\/\/slt-2026.eclipse-dev.com\/#website"},"primaryImageOfPage":{"@id":"https:\/\/sonomalandtrust.org\/es\/blog\/harold-appleton-toda-una-vida-de-corresponsabilidad\/#primaryimage"},"image":{"@id":"https:\/\/sonomalandtrust.org\/es\/blog\/harold-appleton-toda-una-vida-de-corresponsabilidad\/#primaryimage"},"thumbnailUrl":"https:\/\/sonomalandtrust.org\/wp-content\/uploads\/2023\/10\/harold-appleton.jpg","datePublished":"2023-10-01T16:21:00+00:00","dateModified":"2026-03-13T17:11:40+00:00","description":"Para Sonoma Land Trust, la administraci\u00f3n medioambiental es una fuerza motriz de nuestra organizaci\u00f3n y forma parte de todo lo que hacemos: desde","breadcrumb":{"@id":"https:\/\/sonomalandtrust.org\/es\/blog\/harold-appleton-toda-una-vida-de-corresponsabilidad\/#breadcrumb"},"inLanguage":"es","potentialAction":[{"@type":"ReadAction","target":["https:\/\/sonomalandtrust.org\/es\/blog\/harold-appleton-toda-una-vida-de-corresponsabilidad\/"]}]},{"@type":"ImageObject","inLanguage":"es","@id":"https:\/\/sonomalandtrust.org\/es\/blog\/harold-appleton-toda-una-vida-de-corresponsabilidad\/#primaryimage","url":"https:\/\/sonomalandtrust.org\/wp-content\/uploads\/2023\/10\/harold-appleton.jpg","contentUrl":"https:\/\/sonomalandtrust.org\/wp-content\/uploads\/2023\/10\/harold-appleton.jpg","width":1800,"height":1200},{"@type":"BreadcrumbList","@id":"https:\/\/sonomalandtrust.org\/es\/blog\/harold-appleton-toda-una-vida-de-corresponsabilidad\/#breadcrumb","itemListElement":[{"@type":"ListItem","position":1,"name":"Home","item":"https:\/\/sonomalandtrust.org\/es\/inicio\/"},{"@type":"ListItem","position":2,"name":"Harold Appleton: Toda una vida de corresponsabilidad"}]},{"@type":"WebSite","@id":"https:\/\/slt-2026.eclipse-dev.com\/#website","url":"https:\/\/slt-2026.eclipse-dev.com\/","name":"Sonoma Land Trust","description":"","publisher":{"@id":"https:\/\/slt-2026.eclipse-dev.com\/#organization"},"potentialAction":[{"@type":"SearchAction","target":{"@type":"EntryPoint","urlTemplate":"https:\/\/slt-2026.eclipse-dev.com\/?s={search_term_string}"},"query-input":{"@type":"PropertyValueSpecification","valueRequired":true,"valueName":"search_term_string"}}],"inLanguage":"es"},{"@type":"Organization","@id":"https:\/\/slt-2026.eclipse-dev.com\/#organization","name":"Fondo de Tierras de Sonoma","url":"https:\/\/slt-2026.eclipse-dev.com\/","logo":{"@type":"ImageObject","inLanguage":"es","@id":"https:\/\/slt-2026.eclipse-dev.com\/#\/schema\/logo\/image\/","url":"https:\/\/sonomalandtrust.org\/wp-content\/uploads\/2025\/10\/slt-logo.png","contentUrl":"https:\/\/sonomalandtrust.org\/wp-content\/uploads\/2025\/10\/slt-logo.png","width":549,"height":333,"caption":"Fondo de Tierras de Sonoma"},"image":{"@id":"https:\/\/slt-2026.eclipse-dev.com\/#\/schema\/logo\/image\/"},"sameAs":["http:\/\/www.facebook.com\/Sonoma-Land-Trust\/","https:\/\/www.instagram.com\/sonomalandtrust\/","https:\/\/bsky.app\/profile\/sonomalandtrust.bsky.social","https:\/\/www.youtube.com\/user\/SonomaLandTrust\/","http:\/\/www.linkedin.com\/company\/1090048?trk=tyah"]},{"@type":"Person","@id":"https:\/\/slt-2026.eclipse-dev.com\/#\/schema\/person\/c289b2019a1bd6706f93278c6def96b7","name":"eclipse","image":{"@type":"ImageObject","inLanguage":"es","@id":"https:\/\/secure.gravatar.com\/avatar\/a57eb78d56d01cafd540f163cbd4c579fb8c9fffb50c37d90cc94108dbdf7a0e?s=96&d=mm&r=g","url":"https:\/\/secure.gravatar.com\/avatar\/a57eb78d56d01cafd540f163cbd4c579fb8c9fffb50c37d90cc94108dbdf7a0e?s=96&d=mm&r=g","contentUrl":"https:\/\/secure.gravatar.com\/avatar\/a57eb78d56d01cafd540f163cbd4c579fb8c9fffb50c37d90cc94108dbdf7a0e?s=96&d=mm&r=g","caption":"eclipse"},"sameAs":["http:\/\/sonomalandtrust.org"]}]}},"_links":{"self":[{"href":"https:\/\/sonomalandtrust.org\/es\/wp-json\/wp\/v2\/posts\/14145","targetHints":{"allow":["GET"]}}],"collection":[{"href":"https:\/\/sonomalandtrust.org\/es\/wp-json\/wp\/v2\/posts"}],"about":[{"href":"https:\/\/sonomalandtrust.org\/es\/wp-json\/wp\/v2\/types\/post"}],"author":[{"embeddable":true,"href":"https:\/\/sonomalandtrust.org\/es\/wp-json\/wp\/v2\/users\/1"}],"replies":[{"embeddable":true,"href":"https:\/\/sonomalandtrust.org\/es\/wp-json\/wp\/v2\/comments?post=14145"}],"version-history":[{"count":0,"href":"https:\/\/sonomalandtrust.org\/es\/wp-json\/wp\/v2\/posts\/14145\/revisions"}],"wp:featuredmedia":[{"embeddable":true,"href":"https:\/\/sonomalandtrust.org\/es\/wp-json\/wp\/v2\/media\/14148"}],"wp:attachment":[{"href":"https:\/\/sonomalandtrust.org\/es\/wp-json\/wp\/v2\/media?parent=14145"}],"wp:term":[{"taxonomy":"category","embeddable":true,"href":"https:\/\/sonomalandtrust.org\/es\/wp-json\/wp\/v2\/categories?post=14145"},{"taxonomy":"post_tag","embeddable":true,"href":"https:\/\/sonomalandtrust.org\/es\/wp-json\/wp\/v2\/tags?post=14145"}],"curies":[{"name":"wp","href":"https:\/\/api.w.org\/{rel}","templated":true}]}}