{"id":14109,"date":"2024-10-01T17:53:17","date_gmt":"2024-10-02T00:53:17","guid":{"rendered":"https:\/\/sonomalandtrust.org\/blog\/enews-de-octubre-de-2024\/"},"modified":"2024-10-01T17:53:17","modified_gmt":"2024-10-02T00:53:17","slug":"enews-de-octubre-de-2024","status":"publish","type":"post","link":"https:\/\/sonomalandtrust.org\/es\/blog\/enews-de-octubre-de-2024\/","title":{"rendered":"eNews de octubre de 2024"},"content":{"rendered":"<div id=\"lakeville-creek-restoration-winter-update\"><\/div>\n<h2>Las tormentas invernales ponen a prueba Lakeville Creek: Las plantas permanecen enraizadas<\/h2>\n<figure class=\"wp-block-image size-large\"><a href=\"https:\/\/www.youtube.com\/watch?v=pVnXSVtpGVM\"><img decoding=\"async\" src=\"https:\/\/sonomalandtrust.org\/wp-content\/uploads\/2024\/10\/SLT_eNews_October2024_Article1.jpg\" alt=\"\"><\/a><\/figure>\n<p><span class=\"TextRun SCXW202104014 BCX2\" lang=\"EN-US\" data-contrast=\"none\"><span class=\"NormalTextRun SCXW202104014 BCX2\">Hemos alcanzado un hito importante en el proyecto de restauraci\u00f3n de la Fase Cero del arroyo Lakeville, al cumplirse en agosto el primer aniversario. Aunque a\u00fan estamos en las primeras fases del proceso, vemos indicios de que algunas cosas funcionan seg\u00fan lo previsto, pero crear resiliencia lleva su tiempo. <\/span><\/span><span class=\"TextRun SCXW202104014 BCX2\" lang=\"EN-US\" data-contrast=\"auto\"><span class=\"NormalTextRun SCXW202104014 BCX2\">Se necesita tiempo para desarrollarse, para que las plantas arraiguen y para que el agua fluya, se extienda y se hunda eficazmente.<\/span><\/span><span class=\"TextRun SCXW202104014 BCX2\" lang=\"EN-US\" data-contrast=\"none\"><span class=\"NormalTextRun SCXW202104014 BCX2\">. Los r\u00edos atmosf\u00e9ricos de febrero -algunos extremadamente intensos- pusieron a prueba el lugar. \u00abPiensa en tu jard\u00edn y luego echarle una manguera de incendios antes de que nada haya echado ra\u00edces&#8230; va a causar algunos problemas\u00bb, explic\u00f3 Julian Meisler durante una entrevista reciente. Mira este breve v\u00eddeo para ver c\u00f3mo toma forma la resiliencia. Muestra signos prometedores y revela algunas lecciones de nuestro equipo en su informe posterior al invierno.<\/span><\/span><\/p>\n<p><span data-contrast=\"none\">Revisa el progreso de este proyecto de Fase Cero y observa las 35.000 nuevas plantas visitando <a href=\"\/lakeville-creek-restoration-project\/\">nuestra p\u00e1gina web<\/a>.  <\/span><span data-ccp-props=\"{\"201341983\":0,\"335559740\":259}\"> <\/span><\/p>\n<hr class=\"wp-block-separator\">\n<div id=\"adapting-through-fire\"><\/div>\n<h2>Adaptaci\u00f3n al cambio clim\u00e1tico mediante el fuego<\/h2>\n<figure class=\"wp-block-image size-large\"><img decoding=\"async\" src=\"https:\/\/sonomalandtrust.org\/wp-content\/uploads\/2024\/10\/SLT_eNews_October2024_Article2.jpg\" alt=\"\"><\/figure>\n<p><span data-contrast=\"auto\">Durante miles de a\u00f1os, el fuego dio forma a los ecosistemas del condado de Sonoma. Tanto las llamas naturales como las pr\u00e1cticas culturales ind\u00edgenas de quema enriquecieron el suelo, favorecieron el florecimiento de diversas especies aut\u00f3ctonas y fortificaron los paisajes contra los incendios forestales. Pero la colonizaci\u00f3n alter\u00f3 este equilibrio, diezmando a las poblaciones ind\u00edgenas, fragmentando la tierra y sustituyendo la gesti\u00f3n tradicional del fuego por una silvicultura centrada en la supresi\u00f3n. Como resultado, los bosques se sobrepoblaron, se debilitaron por el calor y la sequ\u00eda, y se volvieron m\u00e1s propensos a los incendios destructivos, amenazando a las comunidades cercanas. Nuestro programa Vivir con Fuego est\u00e1 invirtiendo esta tendencia asoci\u00e1ndose con gobiernos locales, comunidades, organizaciones sin \u00e1nimo de lucro y tribus ind\u00edgenas para restaurar las quemas prescritas, mejorando la biodiversidad, la salud de los ecosistemas y la resistencia a los incendios forestales. M\u00e1s informaci\u00f3n sobre los cambios positivos que ya se aprecian en nuestras reservas.     <\/span><span data-ccp-props=\"{\"201341983\":0,\"335559740\":259}\"> <\/span><\/p>\n<p><span data-contrast=\"auto\">Es gratificante lo r\u00e1pido que podemos observar los beneficios tangibles del Buen Fuego en nuestras reservas, y los impactos positivos siguen aumentando con el tiempo. El Director del Programa de Gesti\u00f3n, Chris Carlson, ha registrado los beneficios de dos temporadas consecutivas de quemas prescritas. <\/span><span data-contrast=\"none\">Los beneficios han incluido una disminuci\u00f3n de las especies de plantas invasoras, como el cardo estrella amarillo, un aumento de las especies de plantas aut\u00f3ctonas, como el tr\u00e9bol de b\u00faho, y una reducci\u00f3n del riesgo de incendios forestales en nuestra Reserva del Rancho Laufenburg en Knights Valley.<\/span><span data-ccp-props=\"{\"134233117\":false,\"134233118\":false,\"335559738\":0,\"335559739\":0}\"> <\/span><\/p>\n<p><strong>Gesti\u00f3n de especies invasoras  <\/strong><\/p>\n<p><span data-contrast=\"auto\">Si programamos cuidadosamente las quemas prescritas antes de la fase de desarrollo de las semillas de plantas invasoras como el cardo amarillo, la espiguilla o la hierba caprina, podemos interrumpir su ciclo natural de reproducci\u00f3n. Para ello debemos quemar en junio o julio. Realizamos nuestra primera quema prescrita en 2022 y, a trav\u00e9s de esta serie de fotos, podemos seguir la reducci\u00f3n de una parcela de cardo estrellado amarillo no aut\u00f3ctono a lo largo de tres a\u00f1os, como resultado de los constantes tratamientos de quema prescrita. Esto ha tenido un gran \u00e9xito, \u00a1con una tasa de reducci\u00f3n de cerca del 90%! <span class=\"TextRun SCXW14976522 BCX2\" lang=\"EN-US\" data-contrast=\"auto\"><span class=\"NormalTextRun SCXW14976522 BCX2\">(Mira la imagen de arriba para observar estos resultados). <\/span><\/span>Una tercera quema en primavera terminar\u00e1 esta secuencia de tratamientos, y el equipo podr\u00e1 pasar de centrarse en la reducci\u00f3n de invasoras a fomentar las gram\u00edneas aut\u00f3ctonas y cuidar la salud de los robles.   <\/span><span data-ccp-props=\"{}\"> <\/span><\/p>\n<p><strong>Reducir los combustibles y mejorar la salud de los prados  <\/strong><\/p>\n<p><span data-contrast=\"auto\">Nuestra segunda quema en la Reserva del Rancho Laufenburg fue en colaboraci\u00f3n con CAL FIRE y quemamos una unidad de 15 acres en oto\u00f1o de 2023. La unidad, una mezcla de pradera y bosque de robles, no hab\u00eda sufrido incendios en m\u00e1s de 50 a\u00f1os. Hist\u00f3ricamente, se cree que este tipo de bosque se quemaba cada 5 \u00f3 15 a\u00f1os. Nos complace informar de que, al reintroducir el fuego beneficioso en la zona, hemos logrado muchos de nuestros objetivos: aumentar la resistencia tanto del bosque como de las comunidades cercanas al cambio clim\u00e1tico y a los incendios incontrolados.   <\/span><span data-ccp-props=\"{}\"> <\/span><span data-ccp-props=\"{}\"> <\/span><\/p>\n<p><img decoding=\"async\" class=\"aligncenter size-large wp-image-39143\" src=\"https:\/\/sonomalandtrust.org\/wp-content\/uploads\/2024\/10\/SLT_eNews_October2024_Article2_BeforeAfter2-1024x488.jpg\" alt=\"\" width=\"1024\" height=\"488\"><\/p>\n<p><span data-contrast=\"auto\">Densidad arb\u00f3rea: Si no se gestionan, los bosques de robles se llenan de maleza y \u00e1rboles peque\u00f1os en el sotobosque. Estos \u00e1rboles y arbustos m\u00e1s peque\u00f1os roban agua y nutrientes a los \u00e1rboles m\u00e1s grandes que los rodean, haciendo que cada uno compita por los recursos. El resultado son \u00e1rboles desnutridos, sedientos y propensos a las enfermedades, lo que los hace m\u00e1s susceptibles a los incendios forestales graves. En este conjunto de fotos, puedes ver que la quema redujo con \u00e9xito la densidad de \u00e1rboles y arbustos peque\u00f1os, pero tuvo un impacto m\u00ednimo en los \u00e1rboles m\u00e1s grandes.   <\/span><span data-ccp-props=\"{\"335559685\":0}\"> <\/span><\/p>\n<p><span data-contrast=\"auto\">Combustibles forestales: Cuando esos \u00e1rboles y matorrales del sotobosque poco saludables mueren, se acumulan en una masa de vegetaci\u00f3n seca que act\u00faa como le\u00f1a para un incendio. Esta quema redujo con \u00e9xito el matorral del suelo y los combustibles de escalera (vegetaci\u00f3n que permite que un incendio se propague desde el suelo hasta la copa de los \u00e1rboles), lo que puede ralentizar la propagaci\u00f3n de un incendio forestal en esa zona. Al quemar proactivamente estos combustibles, tambi\u00e9n reciclamos nutrientes importantes y apoyamos la salud de los \u00e1rboles restantes.  <\/span><span data-ccp-props=\"{\"335559685\":0}\"> <\/span><\/p>\n<p><img decoding=\"async\" class=\"aligncenter wp-image-39142 size-large\" src=\"https:\/\/sonomalandtrust.org\/wp-content\/uploads\/2024\/10\/SLT_eNews_October2024_Article2_BeforeAfter-1024x488.jpg\" alt=\"\" width=\"1024\" height=\"488\"><\/p>\n<p><span data-contrast=\"auto\">Gesti\u00f3n de los pastos: Con el tiempo no s\u00f3lo pueden acumularse \u00e1rboles peque\u00f1os y maleza, sino tambi\u00e9n una capa densa y compactada de hierbas muertas llamada \u00abpaja\u00bb. Durante esta quema, el fuego de baja intensidad redujo con \u00e9xito la paja y despej\u00f3 el espacio, permitiendo el regreso de un n\u00famero r\u00e9cord de flores aut\u00f3ctonas.   <\/span><span data-ccp-props=\"{\"201341983\":0,\"335559740\":259}\"> <\/span><\/p>\n<hr class=\"wp-block-separator\">\n<div id=\"adapting-through-fire-spanish\"><\/div>\n<h2>Adaptaci\u00f3n al cambio clim\u00e1tico mediante el fuego<\/h2>\n<p><span data-contrast=\"auto\">Durante miles de a\u00f1os, el fuego dio forma a los ecosistemas del condado de Sonoma. Tanto las llamas naturales como las pr\u00e1cticas culturales ind\u00edgenas de quema enriquecieron el suelo, favorecieron el florecimiento de diversas especies aut\u00f3ctonas y fortificaron los paisajes ante los incendios forestales. Pero la colonizaci\u00f3n alter\u00f3 este equilibrio, diezmando las poblaciones ind\u00edgenas, fragmentando la tierra y sustituyendo la gesti\u00f3n tradicional del fuego por una silvicultura centrada en la supresi\u00f3n. Como resultado, los bosques se sobrepoblaron, se debilitaron por el calor y la sequ\u00eda y se volvieron m\u00e1s propensos a los incendios forestales destructivos, amenazando a las comunidades cercanas. Nuestro programa Viviendo con Incendios est\u00e1 invirtiendo esta tendencia, colaborando con gobiernos locales, comunidades, organizaciones sin \u00e1nimo de lucro y tribus ind\u00edgenas para comenzar de nuevo las quemas controladas, mejorando la biodiversidad, la salud de los ecosistemas y la resiliencia ante los incendios forestales. Ahora se pueden observar los cambios positivos en nuestras reservas.       <\/span><span data-ccp-props=\"{\"134233117\":false,\"134233118\":false,\"201341983\":0,\"335551550\":0,\"335551620\":0,\"335559738\":0,\"335559739\":160,\"335559740\":276}\"> <\/span><\/p>\n<p><span data-contrast=\"auto\">Es gratificante la rapidez con la que podemos observar los beneficios tangibles del Buen Fuego en nuestras reservas y los impactos positivos siguen aumentando con el tiempo. Chris Carlson, Director del Programa de Gesti\u00f3n y Protecci\u00f3n, ha registrado los beneficios de tres temporadas consecutivas de quemas controladas. Entre ellos, la disminuci\u00f3n de especies de plantas invasoras como el cardo estrellado amarillo, el aumento de especies de plantas aut\u00f3ctonas, como el pincel de indio morado, y la reducci\u00f3n del riesgo de incendios forestales en nuestra reserva del Rancho Laufenburg en Knights Valley.    <\/span><span data-ccp-props=\"{\"134233117\":false,\"134233118\":false,\"201341983\":0,\"335551550\":0,\"335551620\":0,\"335559738\":0,\"335559739\":160,\"335559740\":276}\"> <\/span><\/p>\n<p><strong>Gestionar las especies invasoras  <\/strong><\/p>\n<p><span data-contrast=\"auto\">Si programamos cuidadosamente las quemas controladas antes de la fase de desarrollo de las semillas de plantas invasoras como el cardo estrellado amarillo, la hierba cabeza de medusa o la hierba rompesacos, podremos detener su ciclo de reproducci\u00f3n natural. Por eso debemos quemar en junio o julio. Realizamos nuestra primera quema controlada en 2022 y, a trav\u00e9s de esta serie de fotos, podemos observar una parcela de cardo estrellado amarillo no aut\u00f3ctono que se ha ido reduciendo a lo largo de tres a\u00f1os como resultado de los constantes tratamientos de quema controlada. El \u00e9xito ha sido enorme, con una tasa de reducci\u00f3n de cerca del 90%. Una tercera quema finalizar\u00e1 esta secuencia de tratamiento, y el equipo podr\u00e1 centrarse en otras zonas mientras mantiene y supervisa las mejoras conseguidas.      <\/span><span data-ccp-props=\"{\"134233117\":false,\"134233118\":false,\"201341983\":0,\"335551550\":0,\"335551620\":0,\"335559738\":0,\"335559739\":160,\"335559740\":276}\"> <\/span><\/p>\n<p><strong>Reducir los combustibles y mejorar la salud de los pastizales  <\/strong><\/p>\n<p><span data-contrast=\"auto\">Nuestra segunda quema en la reserva del Rancho Laufenburg se llev\u00f3 a cabo con la colaboraci\u00f3n de CAL FIRE y quem\u00f3 una unidad de 15 acres en el oto\u00f1o de 2023. La unidad, una mezcla de pastizales y bosques de robles, no hab\u00eda experimentado incendios en m\u00e1s de 50 a\u00f1os. Hist\u00f3ricamente, se cree que este tipo de bosque se quemaba cada cinco a 15 a\u00f1os. Nos complace informar de que, al reintroducir el fuego beneficioso en la zona, hemos logrado muchos de nuestros objetivos: mejorar la resiliencia tanto del bosque como de las comunidades cercanas ante el cambio clim\u00e1tico y los incendios no controlados.     <\/span><span data-ccp-props=\"{\"134233117\":false,\"134233118\":false,\"201341983\":0,\"335551550\":0,\"335551620\":0,\"335559738\":0,\"335559739\":160,\"335559740\":276}\"> <\/span><\/p>\n<p><span data-contrast=\"auto\">Densidad arb\u00f3rea: Si no se gestionan, los robledales se llenan de maleza y \u00e1rboles peque\u00f1os. Estos \u00e1rboles y arbustos m\u00e1s peque\u00f1os roban agua y nutrientes de los \u00e1rboles m\u00e1s grandes que los rodean, haciendo que cada uno compita por los recursos. El resultado son \u00e1rboles desnutridos, sedientos y propensos a las enfermedades, lo que los hace m\u00e1s susceptibles de sufrir graves incendios forestales. En esta foto se puede ver que la quema redujo con \u00e9xito la densidad de \u00e1rboles y arbustos peque\u00f1os, pero tuvo un impacto m\u00ednimo en los \u00e1rboles m\u00e1s grandes.     <\/span><span data-ccp-props=\"{\"134233117\":false,\"134233118\":false,\"201341983\":0,\"335551550\":0,\"335551620\":0,\"335559738\":0,\"335559739\":160,\"335559740\":276}\"> <\/span><\/p>\n<p><span data-contrast=\"auto\">Combustibles forestales: Cuando los \u00e1rboles y matorrales del sotobosque mueren, se acumulan en una masa de vegetaci\u00f3n seca que sirve de combustible para un incendio. Esta quema redujo con \u00e9xito la maleza del suelo y los combustibles de escalera (vegetaci\u00f3n que permite que un incendio se propague desde el suelo hasta la copa de los \u00e1rboles), lo que puede ralentizar la propagaci\u00f3n de un incendio forestal en esa zona. Cuando quemamos estos combustibles de forma proactiva, tambi\u00e9n reciclamos nutrientes importantes y apoyamos la salud de los \u00e1rboles restantes.    <\/span><span data-ccp-props=\"{\"134233117\":false,\"134233118\":false,\"201341983\":0,\"335551550\":0,\"335551620\":0,\"335559738\":0,\"335559739\":160,\"335559740\":276}\"> <\/span><\/p>\n<p><span data-contrast=\"auto\">Gesti\u00f3n de pastizales: Con el tiempo no s\u00f3lo pueden acumularse \u00e1rboles peque\u00f1os y maleza, sino tambi\u00e9n una capa densa y compacta de hierbas muertas. Durante esta quema, realizamos un fuego de baja intensidad que redujo con \u00e9xito la paja. La limpieza de ese espacio permiti\u00f3 que volviera un n\u00famero r\u00e9cord de flores aut\u00f3ctonas.  <\/span><span data-ccp-props=\"{\"134233117\":false,\"134233118\":false,\"201341983\":0,\"335551550\":0,\"335551620\":0,\"335559738\":0,\"335559739\":160,\"335559740\":276}\"> <\/span><\/p>\n<hr class=\"wp-block-separator\">\n<div id=\"stewardship-technicians-contributions\"><\/div>\n<h2>Al d\u00eda con nuestros t\u00e9cnicos de corresponsabilidad esta temporada<\/h2>\n<figure class=\"wp-block-image size-large\"><img decoding=\"async\" src=\"https:\/\/sonomalandtrust.org\/wp-content\/uploads\/2024\/10\/SLT_eNews_October2024_Article3.jpg\" alt=\"\"><\/figure>\n<p><span data-contrast=\"none\">A menudo compartimos historias de nuestros proyectos de administraci\u00f3n y restauraci\u00f3n a gran escala -los arroyos de Lakeville y las quemas prescritas-, pero hay muchos otros aspectos del trabajo de nuestro equipo de administraci\u00f3n que no reciben la atenci\u00f3n que merecen porque pueden parecer rutinarios. No podr\u00eda estar m\u00e1s lejos de la realidad, ya que estas tareas y proyectos cotidianos de administraci\u00f3n nos permiten llevar a cabo los trabajos de mayor envergadura. <\/span><span data-ccp-props=\"{}\"> <\/span><\/p>\n<p><span data-contrast=\"none\">Nuestros dedicados y talentosos T\u00e9cnicos de Custodia, Grant Coleman y Bianca Sophia Vargas, que se incorporaron al equipo en marzo, pasan gran parte de su tiempo fuera de la oficina y en el terreno, conociendo los h\u00e1bitats y ecosistemas de nuestras reservas y servidumbres de conservaci\u00f3n, y los retos a los que se enfrentan y que requieren su atenci\u00f3n y cuidado. Grant y Bianca desempe\u00f1an un papel crucial en nuestros esfuerzos de conservaci\u00f3n, asumiendo tareas que a menudo pasan desapercibidas pero que son vitales. Sus jornadas van desde vigilar a las aves que anidan antes de segar, a probar c\u00f3mo responden los pastos a las peque\u00f1as quemas, o instalar estaciones de desinfecci\u00f3n de botas para proteger los robles de las enfermedades. Estos proyectos cotidianos son esenciales para salvaguardar nuestros paisajes y comunidades frente al cambio clim\u00e1tico.   <\/span><span data-ccp-props=\"{\"134233117\":false,\"134233118\":false,\"201341983\":0,\"335559738\":240,\"335559739\":240,\"335559740\":259}\"> <\/span><\/p>\n<p><b><span data-contrast=\"none\">Notas de campo de Bianca:<\/span><\/b><span data-ccp-props=\"{\"134233117\":false,\"134233118\":false,\"335559738\":240,\"335559739\":240}\"> <\/span><\/p>\n<p><span style=\"text-decoration: underline\">Regar los humedales  <\/span><\/p>\n<p><span data-contrast=\"auto\">El otro d\u00eda, Grant y yo est\u00e1bamos en el lugar de nuestro proyecto de Lakeville Creek ayudando a Riley Scaff, Director del Proyecto de Gesti\u00f3n, en las tareas de restauraci\u00f3n de los humedales. Nos preocupaba que la maquinaria pesada que mov\u00eda la tierra pudiera da\u00f1ar el sistema de riego, as\u00ed que regamos las nuevas plantas &#8211; sauces de Arroyo, junco b\u00e1ltico, junco de cabeza marr\u00f3n, junco del Pac\u00edfico y junco gris de California &#8211; a mano con una manguera de 2 pulgadas. La capa superior del suelo es arenosa, pero debajo hay arcilla, y un buen remojo es todo lo que necesitan los juncos y sauces, ya que la arcilla puede retener el agua durante mucho tiempo.  <\/span><span data-ccp-props=\"{\"134233117\":false,\"134233118\":false,\"201341983\":0,\"335559738\":0,\"335559739\":160,\"335559740\":276}\"> <\/span><\/p>\n<p><span style=\"text-decoration: underline\">Vigilancia del Ca\u00f1\u00f3n del Oso  <\/span><\/p>\n<p><span data-contrast=\"auto\">Es importante llevar a cabo un control rutinario de nuestras reservas, y las inspecciones anuales son fundamentales para determinar qu\u00e9 tipo de gesti\u00f3n del terreno puede ser necesaria en el futuro en funci\u00f3n de lo que vaya ocurriendo en la propiedad a lo largo del tiempo. Por ejemplo, el Ca\u00f1\u00f3n del Oso experiment\u00f3 una serie de corrimientos de tierras en los \u00faltimos a\u00f1os, que sepultaron parcialmente los senderos establecidos, por lo que habr\u00e1 que prestarle atenci\u00f3n. La \u00faltima vez que estuve all\u00ed tuve que sortear estos desprendimientos y desviarme de nuevo hasta la entrada. Me llev\u00f3 un poco m\u00e1s de tiempo, pero lo bueno es que acab\u00e9 encontrando unas vistas preciosas.   <\/span><span data-ccp-props=\"{\"134233117\":false,\"134233118\":false,\"201341983\":0,\"335551550\":1,\"335551620\":1,\"335559685\":0,\"335559737\":0,\"335559738\":0,\"335559739\":160,\"335559740\":276}\"> <\/span><\/p>\n<p><span style=\"text-decoration: underline\">Mesa de picnic mal colocada  <\/span><\/p>\n<p><span data-contrast=\"auto\">Esta fue una extra\u00f1a \u00abb\u00fasqueda secundaria\u00bb durante nuestra jornada de trabajo: hab\u00eda una mesa de picnic que se desliz\u00f3 colina abajo en Pole Mountain y que tuvimos que rescatar. Desconcertados por c\u00f3mo hab\u00eda llegado hasta all\u00ed, decidimos devolverla a su sitio. As\u00ed que la empujamos colina abajo, la pusimos en un UTV y la llevamos de vuelta a la cima de la monta\u00f1a. Sospechamos que una vaca la desplaz\u00f3, pero puede que ese misterio nunca se resuelva. Aprendimos dos cosas: \u00a1las mesas de picnic son sorprendentemente pesadas, y las empanadas de vaca te sorprenden cuando no est\u00e1s mirando!    <\/span><span data-ccp-props=\"{\"134233117\":false,\"134233118\":false,\"201341983\":0,\"335559738\":0,\"335559739\":160,\"335559740\":276}\"> <\/span><\/p>\n<p><b><span data-contrast=\"auto\">Notas de campo de Grant<\/span><\/b><span data-ccp-props=\"{\"134233117\":false,\"134233118\":false,\"335559738\":240,\"335559739\":240}\"> <\/span><\/p>\n<p><span style=\"text-decoration: underline\">Prospecci\u00f3n de osos negros  <\/span><\/p>\n<p><span data-contrast=\"auto\">Hace poco me asoci\u00e9 con <\/span><a href=\"https:\/\/www.youtube.com\/watch?v=Cgz41au5wqA\"><span data-contrast=\"none\">Colaboraci\u00f3n Oso del Norte de la Bah\u00eda<\/span><\/a><span data-contrast=\"auto\"> Megan Walla-Murphy para codirigir los estudios sobre el oso negro en nuestras reservas de los ranchos Laufenburg y Live Oaks. Lo hacemos recogiendo muestras de excrementos y extrayendo ADN para seguir a los osos a lo largo del tiempo y comprender mejor sus movimientos, preferencias de h\u00e1bitat y necesidades. Esto forma parte de un estudio plurianual para evaluar los patrones de poblaci\u00f3n y dispersi\u00f3n de los osos negros en los condados de Napa, Sonoma y Marin. Los datos recopilados ayudar\u00e1n a tomar decisiones cr\u00edticas sobre la conectividad del h\u00e1bitat, los corredores para la fauna salvaje y la conservaci\u00f3n de la biodiversidad.<\/span><span data-ccp-props=\"{\"134233117\":false,\"134233118\":false,\"201341983\":0,\"335559738\":0,\"335559739\":160,\"335559740\":276}\"> <\/span><\/p>\n<p><span style=\"text-decoration: underline\">Supervisar la restauraci\u00f3n en la costa  <\/span><\/p>\n<p><span data-contrast=\"auto\">He estado colaborando en un proyecto de restauraci\u00f3n de robledales en nuestras propiedades costeras de Little Black Mountain y Pole Mountain, centrado en la creaci\u00f3n de l\u00edneas de control de incendios prescritos y en el aclareo de la salud forestal. Este proyecto es de peque\u00f1o alcance, y el trabajo en s\u00ed es t\u00edpico de los tratamientos de l\u00edneas de fuego, pero el terreno desafiante -principalmente crestas y pendientes entre dos propiedades- dificulta la navegaci\u00f3n de las cuadrillas. Por eso es importante que estemos presentes para supervisar de cerca y apoyar el trabajo que se realiza por seguridad. Mi papel ha consistido en ayudar a los contratistas en sus visitas a las licitaciones, entregar el <\/span><a href=\"https:\/\/bof.fire.ca.gov\/projects-and-programs\/calvtp-homepage-and-storymap\/\"><span data-contrast=\"none\">Programa de Tratamiento de la Vegetaci\u00f3n de California (CalVTP)<\/span><\/a><span data-contrast=\"auto\"> a la cuadrilla, responder a preguntas sobre el alcance del proyecto, garantizar que se siguen las mejores pr\u00e1cticas de gesti\u00f3n y mantener el control de calidad.<\/span><span data-ccp-props=\"{\"134233117\":false,\"134233118\":false,\"201341983\":0,\"335559738\":0,\"335559739\":160,\"335559740\":276}\"> <\/span><\/p>\n<hr class=\"wp-block-separator\">\n<div id=\"reviving-tolay-creek\"><\/div>\n<h2>Reviviendo el Arroyo Tolay: Una d\u00e9cada de restauraci\u00f3n y renovaci\u00f3n<\/h2>\n<figure class=\"wp-block-image size-large\"><img decoding=\"async\" src=\"https:\/\/sonomalandtrust.org\/wp-content\/uploads\/2024\/10\/SLT_eNews_October2024_Article4-1.jpg\" alt=\"\"><\/figure>\n<p><span data-contrast=\"none\">En diciembre de 2007, Sonoma Land Trust compr\u00f3 el Rancho Tolay Creek, de 1.665 acres, para proteger permanentemente el espacio abierto y mejorar y restaurar el arroyo Tolay. Una vez restaurado, el plan era transferir la propiedad a los Parques Regionales del Condado de Sonoma para su inclusi\u00f3n en el Parque Regional del Lago Tolay. En noviembre de 2009, se elabor\u00f3 un s\u00f3lido plan de restauraci\u00f3n centrado en dos objetivos principales: replantar las zonas ribere\u00f1as con especies aut\u00f3ctonas y protegerlo del pastoreo de ganado, que era la fuente de gran parte de la degradaci\u00f3n de esta zona.    <\/span><span data-ccp-props=\"{\"134233117\":false,\"134233118\":false,\"201341983\":0,\"335551550\":1,\"335551620\":1,\"335559685\":0,\"335559737\":0,\"335559738\":0,\"335559739\":0,\"335559740\":275}\"> <\/span><\/p>\n<p><span data-contrast=\"none\">En enero de 2013, Sonoma Land Trust y Caltrans firmaron un acuerdo para completar la aplicaci\u00f3n del plan de restauraci\u00f3n ribere\u00f1a y proporcionar la financiaci\u00f3n de los fondos de mitigaci\u00f3n fuera del emplazamiento para el Proyecto de Ensanchamiento de la Autopista 101 Marin-Sonoma Narrows HOV.<\/span><span data-ccp-props=\"{\"134233117\":false,\"134233118\":false,\"201341983\":0,\"335559738\":0,\"335559739\":0,\"335559740\":235}\"> <\/span><\/p>\n<p><span data-contrast=\"none\">Durante los diez a\u00f1os que dur\u00f3 la restauraci\u00f3n, instalamos m\u00e1s de 30.000 pies de vallas respetuosas con la vida salvaje para impedir que el ganado entrara en la zona del proyecto a lo largo del arroyo y erosionara a\u00fan m\u00e1s la orilla. Tambi\u00e9n se instal\u00f3 una estructura para ayudar a estabilizar 1.200 metros de la secci\u00f3n aguas arriba de un afluente principal, evitando as\u00ed que se produjera m\u00e1s erosi\u00f3n. En la zona de la cuenca, se plantaron y mantuvieron 3.503 robles, sauces y otros \u00e1rboles aut\u00f3ctonos junto al tronco principal y cuatro afluentes a lo largo de 26.500 pies lineales (cinco millas) del arroyo Tolay. Adem\u00e1s, unos 700 robles aut\u00f3ctonos que brotaron de semillas tambi\u00e9n se protegieron con jaulas para evitar que los ciervos los ramonearan y se mantuvieron para mejorar su tasa de supervivencia.     <\/span><\/p>\n<p><span data-contrast=\"none\">En estos esfuerzos participaron muchas manos, incluidos cientos de estudiantes voluntarios de STRAW (Students and Teachers Restoring a Wetland), un programa de Point Blue Conservation Science. Estos voluntarios aprendieron a plantar \u00e1rboles correctamente, entre otras habilidades pr\u00e1cticas para administrar nuestros recursos naturales. Los voluntarios del Sonoma Land Trust proporcionaron ayuda adicional con el mantenimiento anual y la eliminaci\u00f3n de plantas invasoras para garantizar que las nuevas plantaciones estuvieran sanas y se afianzaran.    <\/span><\/p>\n<p><span data-contrast=\"none\">Hoy finaliza el proyecto de restauraci\u00f3n de diez a\u00f1os y se transfiere a los Parques Regionales, que seguir\u00e1n manteniendo la salud de esta zona restaurada.<\/span><\/p>\n<p><span data-contrast=\"none\">Estamos orgullosos de este logro que alcanz\u00f3 un \u00e9xito notable con una tasa de supervivencia del 84% en el A\u00f1o 10, superando el 65% exigido para este periodo. Y quiz\u00e1 la m\u00e9trica del \u00e9xito que m\u00e1s celebramos es el retorno del algodoncillo nativo de hoja estrecha y la mariposa Monarca migratoria que se ha encontrado en la zona ribere\u00f1a \u00a1durante los 3 \u00faltimos a\u00f1os consecutivos! <\/span><\/p>\n<p><span data-contrast=\"none\">Estamos agradecidos a los financiadores, socios y voluntarios que han contribuido a que esta transici\u00f3n haya sido un \u00e9xito y nos entusiasma verla florecer bajo el cuidado de su nuevo equipo de administraci\u00f3n de tierras.<\/span><span data-ccp-props=\"{\"134233117\":false,\"134233118\":false,\"201341983\":0,\"335559738\":0,\"335559739\":0,\"335559740\":235}\"> <\/span><\/p>\n<hr class=\"wp-block-separator\">\n<figure class=\"wp-block-image size-large\"><a href=\"https:\/\/www.youtube.com\/watch?v=TWB-u0JohT0\"><img decoding=\"async\" src=\"https:\/\/sonomalandtrust.org\/wp-content\/uploads\/2024\/10\/SLT_eNews_October2024_MemberDay.jpg\" alt=\"\"><\/a><\/figure>\n<p><span data-contrast=\"auto\">Gracias a todos los que asistieron al D\u00eda de Agradecimiento a los Socios en el Rancho Laufenburg. Fue maravilloso ver a viejos amigos y hacer otros nuevos. La fresca ma\u00f1ana fue perfecta para una experiencia de sanaci\u00f3n con sonido, que dio paso a una encantadora tarde de senderismo, visitas guiadas, m\u00fasica, comida y mucho m\u00e1s. Esperamos que os lo pasarais muy bien y esperamos volver a recibiros el a\u00f1o que viene.     <\/span><span data-ccp-props=\"{}\"> <\/span><\/p>\n<p><span data-contrast=\"auto\">Si a\u00fan no eres miembro <\/span><a href=\"https:\/\/give.sonomalandtrust.org\/give\/190506\/#!\/donation\/checkout?c_src=eNews\"><span data-contrast=\"none\">ahora es el momento de afiliarte<\/span><\/a><span data-contrast=\"auto\">. Tu apoyo ayuda a proteger, cuidar y conectar a las personas con la tierra.<\/span><span data-ccp-props=\"{}\"> <\/span><\/p>\n<hr class=\"wp-block-separator\">\n<h2>Formas inteligentes de ayudar fiscalmente<\/h2>\n<figure class=\"wp-block-image size-large\"><img decoding=\"async\" src=\"https:\/\/sonomalandtrust.org\/wp-content\/uploads\/2024\/10\/SLT_eNews_October2024_Vote_StockGifts.jpg\" alt=\"\"><\/figure>\n<p><span data-contrast=\"auto\">El trabajo de Sonoma Land Trust para conservar permanentemente la tierra es una de las defensas m\u00e1s poderosas para protegerse de los impactos clim\u00e1ticos. Puedes impulsar nuestros esfuerzos para construir un futuro m\u00e1s resistente, preservar los h\u00e1bitats de la vida silvestre, conectar las zonas urbanas con la naturaleza y formar a la pr\u00f3xima generaci\u00f3n de l\u00edderes de la conservaci\u00f3n teniendo en cuenta estas <\/span><span data-contrast=\"auto\">tres t<\/span><span data-contrast=\"auto\">as formas inteligentes de apoyar nuestro trabajo:<\/span><span data-ccp-props=\"{}\"> <\/span><\/p>\n<ul>\n<li data-leveltext=\"-\" data-font=\"Calibri\" data-listid=\"22\" data-list-defn-props=\"{\"335552541\":1,\"335559685\":720,\"335559991\":360,\"469769226\":\"Calibri\",\"469769242\":[8226],\"469777803\":\"left\",\"469777804\":\"-\",\"469777815\":\"hybridMultilevel\"}\" data-aria-posinset=\"1\" data-aria-level=\"1\"><a href=\"https:\/\/sonomalandtrust.org\/taxsmart\/\"><span data-contrast=\"none\">Regalo de acciones<\/span><\/a><span data-contrast=\"auto\">: Donar acciones cuyo valor se ha revalorizado te ayuda a ahorrar en impuestos y a marcar una diferencia duradera. <\/span> <span data-ccp-props=\"{}\"> <\/span><\/li>\n<\/ul>\n<ul>\n<li data-leveltext=\"-\" data-font=\"Calibri\" data-listid=\"22\" data-list-defn-props=\"{\"335552541\":1,\"335559685\":720,\"335559991\":360,\"469769226\":\"Calibri\",\"469769242\":[8226],\"469777803\":\"left\",\"469777804\":\"-\",\"469777815\":\"hybridMultilevel\"}\" data-aria-posinset=\"2\" data-aria-level=\"1\"><a href=\"https:\/\/sonomalandtrust.org\/taxsmart\/\"><span data-contrast=\"none\">Fondo asesorado por donantes (DAF)<\/span><\/a><span data-contrast=\"auto\">: Si tienes un DAF, recomienda una subvenci\u00f3n (o subvenci\u00f3n recurrente) a Sonoma Land Trust.<\/span><span data-ccp-props=\"{}\"> <\/span><\/li>\n<\/ul>\n<ul>\n<li data-leveltext=\"-\" data-font=\"Calibri\" data-listid=\"22\" data-list-defn-props=\"{\"335552541\":1,\"335559685\":720,\"335559991\":360,\"469769226\":\"Calibri\",\"469769242\":[8226],\"469777803\":\"left\",\"469777804\":\"-\",\"469777815\":\"hybridMultilevel\"}\" data-aria-posinset=\"3\" data-aria-level=\"1\"><span data-contrast=\"auto\">La Distribuci\u00f3n Ben\u00e9fica Cualificada (o QCD) puede reducir la parte imponible de los ingresos de tu cuenta IRA cuando realices la Distribuci\u00f3n M\u00ednima Obligatoria (RMD).  <\/span><span data-ccp-props=\"{}\"><br \/>\n<\/span><\/li>\n<\/ul>\n<p><span data-contrast=\"auto\">Por favor, inf\u00f3rmanos de tu donaci\u00f3n para que podamos actualizar nuestros registros y facilitarte un recibo fiscal. Contacta con <\/span><a href=\"mailto:shawnalee@sonomalandlandtrust.org\"><span data-contrast=\"none\">shawnalee@sonomalandlandtrust.org<\/span><\/a><span data-contrast=\"auto\"> o (707) 526-6194, ext. 832.<\/span><span data-ccp-props=\"{}\"> <\/span><\/p>\n<hr class=\"wp-block-separator\">\n<figure class=\"wp-block-image size-large\"><img decoding=\"async\" src=\"https:\/\/sonomalandtrust.org\/wp-content\/uploads\/2024\/10\/SLT_eNews_October2024_Vote_Prop4.jpg\" alt=\"\"><\/figure>\n<p><span data-contrast=\"auto\">En noviembre, los californianos tendr\u00e1n la oportunidad de apoyar una medida electoral sin precedentes tanto por su importancia como por su potencial para combatir el cambio clim\u00e1tico. La Proposici\u00f3n 4, la Ley de Bonos para el Agua Potable, la Prevenci\u00f3n de Incendios Forestales, la Preparaci\u00f3n para la Sequ\u00eda y el Aire Limpio, ofrece financiaci\u00f3n estatal (\u00a110.000 millones de d\u00f3lares!) para proyectos y programas cruciales que aprovechen el poder de la naturaleza para proteger a nuestras comunidades y paisajes de los peores efectos de la crisis clim\u00e1tica.  <\/span><\/p>\n<p><span data-contrast=\"auto\">La Prop. 4 est\u00e1 en consonancia con el trabajo que estamos realizando con nuestros socios para alcanzar nuestros objetivos 30\u00d730, y representa la mayor inversi\u00f3n para proteger el medio ambiente y hacer frente a los retos del cambio clim\u00e1tico en la historia de California. <\/span><a href=\"http:\/\/sonomalandtrust.org\/prop4\"><span data-contrast=\"none\">M\u00e1s informaci\u00f3n<\/span><\/a><span data-contrast=\"auto\">.<\/span><span data-ccp-props=\"{}\"> <\/span><\/p>\n<hr class=\"wp-block-separator\">\n<h2>\u00bfQu\u00e9 debo esperar de una quema prescrita?<\/h2>\n<figure class=\"wp-block-image size-large\"><a href=\"https:\/\/youtu.be\/9u-CuKOtTiQ\"><img decoding=\"async\" src=\"https:\/\/sonomalandtrust.org\/wp-content\/uploads\/2024\/10\/SLT_eNews_October2024_RX.jpg\" alt=\"\"><\/a><\/figure>\n<p><span data-contrast=\"auto\">Devolver el fuego bueno a la tierra es una herramienta esencial para restablecer el equilibrio y la resistencia de nuestros bosques. Un par de horas de humo procedente de una quema prescrita podr\u00eda reducir el riesgo de d\u00edas y semanas de humo nocivo procedente de un incendio forestal. <\/span><a href=\"https:\/\/youtu.be\/9u-CuKOtTiQ\"><span data-contrast=\"none\">Mira este v\u00eddeo<\/span><\/a><span data-contrast=\"auto\"> para escuchar a los expertos.<\/span><span data-ccp-props=\"{}\"> <\/span><\/p>\n<hr class=\"wp-block-separator\">\n<div id=\"latino-conservation-week\"><\/div>\n<h2>Celebraci\u00f3n de la Semana Latina de la Conservaci\u00f3n<\/h2>\n<figure class=\"wp-block-image size-large\"><img decoding=\"async\" src=\"https:\/\/sonomalandtrust.org\/wp-content\/uploads\/2024\/10\/SLT_eNews_October2024_LSP.jpg\" alt=\"\"><\/figure>\n<p><span data-contrast=\"auto\">Estuvimos encantados de asociarnos con Latino Service Providers (LSP) en una excursi\u00f3n especial en septiembre para celebrar la Semana Latina de la Conservaci\u00f3n 2024. Pasamos una tarde haciendo senderismo y explorando el Rancho Foppiano, una propiedad de servidumbre de conservaci\u00f3n de 758 acres cerca de Healdsburg que protegimos en 2021. Nuestro grupo aprendi\u00f3 sobre la variedad de h\u00e1bitats de la propiedad -bosques de roble, praderas serpenteantes y h\u00e1bitats ribere\u00f1os- y las especies especiales que viven all\u00ed. Los j\u00f3venes participantes sintieron especial curiosidad por los l\u00edquenes, el musgo y los laureles, y tuvieron la oportunidad de examinar una piel de serpiente totalmente intacta y reci\u00e9n mudada.     <\/span><span data-ccp-props=\"{}\"> <\/span><\/p>\n<p><span data-contrast=\"auto\">LSP trabaja para implicar activamente a la comunidad latina en las cuestiones relacionadas con la salud que afectan al condado de Sonoma y para inspirar a la pr\u00f3xima generaci\u00f3n de profesionales de la salud de la comunidad a trav\u00e9s de su programa de pr\u00e1cticas para j\u00f3venes. Esta colaboraci\u00f3n es s\u00f3lo una de las formas en que estamos conectando a los j\u00f3venes con la naturaleza y fomentando juntos la comunidad. <\/span><span data-ccp-props=\"{}\"> <\/span><\/p>\n<hr class=\"wp-block-separator\">\n<div id=\"latino-conservation-week-spanish\"><\/div>\n<p><span data-contrast=\"auto\">Estuvimos encantados de asociarnos con Latino Service Providers (LSP) en una excursi\u00f3n especial para celebrar la Semana Latina de la Conservaci\u00f3n 2024. Pasamos una tarde caminando y explorando el Rancho Foppiano, una propiedad con servidumbre de conservaci\u00f3n de 758 acres cerca de Healdsburg que protegimos en 2021. Nuestro grupo aprendi\u00f3 sobre la variedad de h\u00e1bitats en la propiedad: bosques de robles, pastizales serpentinos, h\u00e1bitats ribere\u00f1os y las especies especiales que viven all\u00ed. Los j\u00f3venes participantes tuvieron ganas de aprender acerca de los l\u00edquenes, el musgo y los laureles. Adem\u00e1s, tuvieron la oportunidad de examinar la piel de serpiente completamente intacta y reci\u00e9n mudada.      <\/span><\/p>\n<p><span data-contrast=\"auto\">LSP trabaja para implicar activamente a la comunidad latina en asuntos relacionados con la salud que afectan al condado de Sonoma e inspirar a la pr\u00f3xima generaci\u00f3n de profesionales de la salud comunitaria a trav\u00e9s de su programa de pasant\u00edas para j\u00f3venes. Esta colaboraci\u00f3n es s\u00f3lo una de las formas en que conectamos a los j\u00f3venes con la naturaleza y fomentamos juntos la comunidad. <\/span><span data-ccp-props=\"{}\"> <\/span><\/p>\n<hr class=\"wp-block-separator\">\n<h2>Webinarios gratuitos sobre la Lengua de la Tierra<\/h2>\n<h3>El lenguaje de la tierra: Justicia medioambiental y cambio clim\u00e1tico<\/h3>\n<figure class=\"wp-block-image size-large\"><img decoding=\"async\" src=\"https:\/\/sonomalandtrust.org\/wp-content\/uploads\/2024\/10\/SLT_eNews_October2024_LOtL.jpg\" alt=\"\"><\/figure>\n<p><span data-contrast=\"auto\">\u00danete a Sonoma Land Trust el 23 de octubre a las 19:00 para asistir a una presentaci\u00f3n de Beatriz Guerrero Auna, una pionera planificadora de la salud y la equidad y una voz destacada en materia de justicia medioambiental en el \u00c1rea de la Bah\u00eda. En esta charla, Beatriz abordar\u00e1 la intersecci\u00f3n del cambio clim\u00e1tico, la salud y la equidad social, destacando estrategias locales de \u00e9xito para empoderar a las comunidades prioritarias para la equidad y fomentar entornos urbanos sostenibles.  Se proporciona interpretaci\u00f3n al espa\u00f1ol.<\/span><span data-ccp-props=\"{\"469777462\":[720],\"469777927\":[0],\"469777928\":[8]}\"> <\/span><\/p>\n<p><a href=\"https:\/\/sonomalandtrust.zoom.us\/webinar\/register\/7217277171249\/WN_So4SG5Z-S9iaCeuvll-FwQ\"><span data-contrast=\"none\">Register today \/ Reg\u00edstrese hoy<\/span><\/a><span data-ccp-props=\"{\"134233117\":false,\"134233118\":false,\"201341983\":0,\"335551550\":1,\"335551620\":1,\"335559685\":0,\"335559737\":0,\"335559738\":0,\"335559739\":0,\"335559740\":259}\"> <\/span><\/p>\n<hr class=\"wp-block-separator\">\n<h3>Ver a la carta: Proposici\u00f3n 4, financiaci\u00f3n clim\u00e1tica de California<\/h3>\n<figure class=\"wp-block-image size-large\"><img decoding=\"async\" src=\"https:\/\/sonomalandtrust.org\/wp-content\/uploads\/2024\/10\/SLT_eNews_October2024_LOtL_Demand.jpg\" alt=\"\"><\/figure>\n<p><span data-contrast=\"auto\">El 5 de noviembre, los californianos tendr\u00e1n la oportunidad de votar sobre la Prop. 4, que proporcionar\u00eda 10.000 millones de d\u00f3lares de financiaci\u00f3n para hacer frente a las crisis clim\u00e1tica y de biodiversidad. Obt\u00e9n m\u00e1s informaci\u00f3n sobre la Prop. 4 y sobre c\u00f3mo la financiaci\u00f3n proporcionada a trav\u00e9s de este bono apoyar\u00e1 nuestra resiliencia clim\u00e1tica y las prioridades 30&#215;30. La consultora pol\u00edtica Kim Delfino y la Directora del Programa de Pol\u00edtica y Financiaci\u00f3n del SLT Ariana Rickard hablan de c\u00f3mo se beneficiar\u00edan nuestros proyectos si la Prop. 4 es aprobada por los votantes este noviembre, y comparten c\u00f3mo puedes participar en la campa\u00f1a.     <\/span><span data-ccp-props=\"{}\"> <\/span><span data-ccp-props=\"{}\"> <\/span><\/p>\n<p><a href=\"https:\/\/youtu.be\/gQyTwkWNn0I\"><span data-contrast=\"none\">Mira ahora<\/span><\/a><span data-contrast=\"none\"> \/ <\/span><a href=\"https:\/\/youtu.be\/aoK2u3pe4xg\"><span data-contrast=\"none\">Ver ahora<\/span><\/a><span data-ccp-props=\"{\"134233117\":false,\"134233118\":false,\"201341983\":0,\"335551550\":1,\"335551620\":1,\"335559685\":0,\"335559737\":0,\"335559738\":0,\"335559739\":0,\"335559740\":259}\"> <\/span><\/p>\n<hr class=\"wp-block-separator\">\n<h2>Salidas gratuitas<\/h2>\n<figure class=\"wp-block-image size-large\"><img decoding=\"async\" src=\"https:\/\/sonomalandtrust.org\/wp-content\/uploads\/2024\/10\/outings-oct.jpg\" alt=\"\"><\/figure>\n<p><span data-contrast=\"auto\">\u00a1\u00danete a nosotros en la naturaleza este mes! Adem\u00e1s de nuestro programa mensual biling\u00fce <\/span><i><span data-contrast=\"auto\">Familias al Aire Libre\/Families Outdoors<\/span><\/i><span data-contrast=\"auto\"> estamos organizando una serie de excursiones de fin de semana por todo el condado, y los paseos para observar aves rapaces con Larry Broderick, naturalista certificado por California, est\u00e1n en pleno apogeo. <\/span> <span data-ccp-props=\"{}\"> <\/span><\/p>\n<p><i><span data-contrast=\"auto\">Muchas de estas excursiones se realizan en colaboraci\u00f3n con Ag + Open Space del condado de Sonoma.<\/span><\/i><span data-ccp-props=\"{}\"> <\/span><\/p>\n<hr class=\"wp-block-separator\">\n<h2>\u00a1Comprueba tu censo electoral!<\/h2>\n<figure class=\"wp-block-image size-large\"><img decoding=\"async\" src=\"https:\/\/sonomalandtrust.org\/wp-content\/uploads\/2024\/10\/SLT_eNews_October2024_Vote.jpg\" alt=\"\"><\/figure>\n<p><span data-contrast=\"auto\">A medida que se acercan estas importantes elecciones, es una buena idea volver a comprobar tu censo electoral y asegurarte de que tus datos son correctos y est\u00e1n actualizados. Puedes <\/span><a href=\"https:\/\/voterstatus.sos.ca.gov\/\"><span data-contrast=\"none\">comprobar el estado de tu censo electoral aqu\u00ed<\/span><\/a><span data-contrast=\"auto\">y <\/span><a href=\"https:\/\/registertovote.ca.gov\/\"><span data-contrast=\"none\">inscribirte para votar aqu\u00ed<\/span><\/a><span data-contrast=\"auto\">. El plazo para inscribirse para votar en California es de 15 d\u00edas antes de las elecciones, as\u00ed que aseg\u00farate de que el matasellos o el env\u00edo electr\u00f3nico de tu inscripci\u00f3n no sea posterior al 21 de octubre.<\/span><span data-ccp-props=\"{}\"> <\/span><\/p>\n<hr class=\"wp-block-separator\">\n<div id=\"recommendation\"><\/div>\n<h2>Recomendaci\u00f3n del personal<\/h2>\n<figure class=\"wp-block-image size-large\"><img decoding=\"async\" src=\"https:\/\/sonomalandtrust.org\/wp-content\/uploads\/2024\/10\/SLT_eNews_October2024_Recommendation.jpg\" alt=\"\"><\/figure>\n<p><a href=\"https:\/\/www.goodreads.com\/book\/show\/207933.The_Gift_of_Good_Land\"><span data-contrast=\"none\">El don de la buena tierra de Wendell Berry<\/span><\/a><span data-contrast=\"auto\"> <\/span><span data-ccp-props=\"{}\"> <\/span><\/p>\n<p><span data-contrast=\"auto\">Recomendado por Chris Carlson: \u00abWendell Berry es uno de los padres de la \u00e9tica moderna de la conservaci\u00f3n de la tierra, y en esta colecci\u00f3n explora la interdependencia, la totalidad y la unidad de los seres humanos, los animales y la tierra. Estos ensayos fundamentales, escritos entre 1978 y 1981, siguen siendo igual de relevantes hoy en d\u00eda\u00bb.<\/span><span data-ccp-props=\"{}\"> <\/span><\/p>\n","protected":false},"excerpt":{"rendered":"<p>Hemos alcanzado un hito importante en el proyecto de restauraci\u00f3n de la Fase Cero del arroyo Lakeville, al cumplirse en agosto el primer aniversario. Aunque a\u00fan estamos en las primeras fases del proceso, vemos indicios de que algunas cosas funcionan seg\u00fan lo previsto, pero crear resiliencia lleva su tiempo. Se necesita tiempo para desarrollarse, para [&hellip;]<\/p>\n","protected":false},"author":1,"featured_media":14111,"comment_status":"open","ping_status":"open","sticky":false,"template":"","format":"standard","meta":{"_acf_changed":false,"footnotes":""},"categories":[85],"tags":[],"class_list":["post-14109","post","type-post","status-publish","format-standard","has-post-thumbnail","hentry","category-enoticias"],"acf":[],"yoast_head":"<!-- This site is optimized with the Yoast SEO plugin v27.3 - https:\/\/yoast.com\/product\/yoast-seo-wordpress\/ -->\n<title>eNews de octubre de 2024 &#8212; Sonoma Land Trust<\/title>\n<meta name=\"description\" content=\"Las tormentas invernales ponen a prueba Lakeville Creek: Las plantas permanecen enraizadas Hemos alcanzado un hito importante en el proyecto de\" \/>\n<meta name=\"robots\" content=\"index, follow, max-snippet:-1, max-image-preview:large, max-video-preview:-1\" \/>\n<link rel=\"canonical\" href=\"https:\/\/sonomalandtrust.org\/es\/blog\/enews-de-octubre-de-2024\/\" \/>\n<meta property=\"og:locale\" content=\"es_ES\" \/>\n<meta property=\"og:type\" content=\"article\" \/>\n<meta property=\"og:title\" content=\"eNews de octubre de 2024 &#8212; Sonoma Land Trust\" \/>\n<meta property=\"og:description\" content=\"Las tormentas invernales ponen a prueba Lakeville Creek: Las plantas permanecen enraizadas Hemos alcanzado un hito importante en el proyecto de\" \/>\n<meta property=\"og:url\" content=\"https:\/\/sonomalandtrust.org\/es\/blog\/enews-de-octubre-de-2024\/\" \/>\n<meta property=\"og:site_name\" content=\"Sonoma Land Trust\" \/>\n<meta property=\"article:publisher\" content=\"http:\/\/www.facebook.com\/Sonoma-Land-Trust\/\" \/>\n<meta property=\"article:published_time\" content=\"2024-10-02T00:53:17+00:00\" \/>\n<meta property=\"og:image\" content=\"https:\/\/slt-2026.eclipse-dev.com\/wp-content\/uploads\/2024\/10\/planting-at-lakeville-creek.jpg\" \/>\n\t<meta property=\"og:image:width\" content=\"1800\" \/>\n\t<meta property=\"og:image:height\" content=\"1200\" \/>\n\t<meta property=\"og:image:type\" content=\"image\/jpeg\" \/>\n<meta name=\"twitter:card\" content=\"summary_large_image\" \/>\n<meta name=\"twitter:label1\" content=\"Written by\" \/>\n\t<meta name=\"twitter:data1\" content=\"eclipse\" \/>\n\t<meta name=\"twitter:label2\" content=\"Est. reading time\" \/>\n\t<meta name=\"twitter:data2\" content=\"23 minuto\" \/>\n<script type=\"application\/ld+json\" class=\"yoast-schema-graph\">{\"@context\":\"https:\\\/\\\/schema.org\",\"@graph\":[{\"@type\":\"Article\",\"@id\":\"https:\\\/\\\/sonomalandtrust.org\\\/es\\\/blog\\\/enews-de-octubre-de-2024\\\/#article\",\"isPartOf\":{\"@id\":\"https:\\\/\\\/sonomalandtrust.org\\\/es\\\/blog\\\/enews-de-octubre-de-2024\\\/\"},\"author\":{\"name\":\"eclipse\",\"@id\":\"https:\\\/\\\/slt-2026.eclipse-dev.com\\\/#\\\/schema\\\/person\\\/c289b2019a1bd6706f93278c6def96b7\"},\"headline\":\"eNews de octubre de 2024\",\"datePublished\":\"2024-10-02T00:53:17+00:00\",\"mainEntityOfPage\":{\"@id\":\"https:\\\/\\\/sonomalandtrust.org\\\/es\\\/blog\\\/enews-de-octubre-de-2024\\\/\"},\"wordCount\":4529,\"commentCount\":0,\"publisher\":{\"@id\":\"https:\\\/\\\/slt-2026.eclipse-dev.com\\\/#organization\"},\"image\":{\"@id\":\"https:\\\/\\\/sonomalandtrust.org\\\/es\\\/blog\\\/enews-de-octubre-de-2024\\\/#primaryimage\"},\"thumbnailUrl\":\"https:\\\/\\\/sonomalandtrust.org\\\/wp-content\\\/uploads\\\/2024\\\/10\\\/planting-at-lakeville-creek.jpg\",\"articleSection\":[\"eNoticias\"],\"inLanguage\":\"es\"},{\"@type\":\"WebPage\",\"@id\":\"https:\\\/\\\/sonomalandtrust.org\\\/es\\\/blog\\\/enews-de-octubre-de-2024\\\/\",\"url\":\"https:\\\/\\\/sonomalandtrust.org\\\/es\\\/blog\\\/enews-de-octubre-de-2024\\\/\",\"name\":\"eNews de octubre de 2024 &#8212; Sonoma Land Trust\",\"isPartOf\":{\"@id\":\"https:\\\/\\\/slt-2026.eclipse-dev.com\\\/#website\"},\"primaryImageOfPage\":{\"@id\":\"https:\\\/\\\/sonomalandtrust.org\\\/es\\\/blog\\\/enews-de-octubre-de-2024\\\/#primaryimage\"},\"image\":{\"@id\":\"https:\\\/\\\/sonomalandtrust.org\\\/es\\\/blog\\\/enews-de-octubre-de-2024\\\/#primaryimage\"},\"thumbnailUrl\":\"https:\\\/\\\/sonomalandtrust.org\\\/wp-content\\\/uploads\\\/2024\\\/10\\\/planting-at-lakeville-creek.jpg\",\"datePublished\":\"2024-10-02T00:53:17+00:00\",\"description\":\"Las tormentas invernales ponen a prueba Lakeville Creek: Las plantas permanecen enraizadas Hemos alcanzado un hito importante en el proyecto de\",\"breadcrumb\":{\"@id\":\"https:\\\/\\\/sonomalandtrust.org\\\/es\\\/blog\\\/enews-de-octubre-de-2024\\\/#breadcrumb\"},\"inLanguage\":\"es\",\"potentialAction\":[{\"@type\":\"ReadAction\",\"target\":[\"https:\\\/\\\/sonomalandtrust.org\\\/es\\\/blog\\\/enews-de-octubre-de-2024\\\/\"]}]},{\"@type\":\"ImageObject\",\"inLanguage\":\"es\",\"@id\":\"https:\\\/\\\/sonomalandtrust.org\\\/es\\\/blog\\\/enews-de-octubre-de-2024\\\/#primaryimage\",\"url\":\"https:\\\/\\\/sonomalandtrust.org\\\/wp-content\\\/uploads\\\/2024\\\/10\\\/planting-at-lakeville-creek.jpg\",\"contentUrl\":\"https:\\\/\\\/sonomalandtrust.org\\\/wp-content\\\/uploads\\\/2024\\\/10\\\/planting-at-lakeville-creek.jpg\",\"width\":1800,\"height\":1200,\"caption\":\"Una persona planta c\u00e9sped en Lakeville Creek\"},{\"@type\":\"BreadcrumbList\",\"@id\":\"https:\\\/\\\/sonomalandtrust.org\\\/es\\\/blog\\\/enews-de-octubre-de-2024\\\/#breadcrumb\",\"itemListElement\":[{\"@type\":\"ListItem\",\"position\":1,\"name\":\"Home\",\"item\":\"https:\\\/\\\/sonomalandtrust.org\\\/es\\\/inicio\\\/\"},{\"@type\":\"ListItem\",\"position\":2,\"name\":\"eNews de octubre de 2024\"}]},{\"@type\":\"WebSite\",\"@id\":\"https:\\\/\\\/slt-2026.eclipse-dev.com\\\/#website\",\"url\":\"https:\\\/\\\/slt-2026.eclipse-dev.com\\\/\",\"name\":\"Sonoma Land Trust\",\"description\":\"\",\"publisher\":{\"@id\":\"https:\\\/\\\/slt-2026.eclipse-dev.com\\\/#organization\"},\"potentialAction\":[{\"@type\":\"SearchAction\",\"target\":{\"@type\":\"EntryPoint\",\"urlTemplate\":\"https:\\\/\\\/slt-2026.eclipse-dev.com\\\/?s={search_term_string}\"},\"query-input\":{\"@type\":\"PropertyValueSpecification\",\"valueRequired\":true,\"valueName\":\"search_term_string\"}}],\"inLanguage\":\"es\"},{\"@type\":\"Organization\",\"@id\":\"https:\\\/\\\/slt-2026.eclipse-dev.com\\\/#organization\",\"name\":\"Fondo de Tierras de Sonoma\",\"url\":\"https:\\\/\\\/slt-2026.eclipse-dev.com\\\/\",\"logo\":{\"@type\":\"ImageObject\",\"inLanguage\":\"es\",\"@id\":\"https:\\\/\\\/slt-2026.eclipse-dev.com\\\/#\\\/schema\\\/logo\\\/image\\\/\",\"url\":\"https:\\\/\\\/sonomalandtrust.org\\\/wp-content\\\/uploads\\\/2025\\\/10\\\/slt-logo.png\",\"contentUrl\":\"https:\\\/\\\/sonomalandtrust.org\\\/wp-content\\\/uploads\\\/2025\\\/10\\\/slt-logo.png\",\"width\":549,\"height\":333,\"caption\":\"Fondo de Tierras de Sonoma\"},\"image\":{\"@id\":\"https:\\\/\\\/slt-2026.eclipse-dev.com\\\/#\\\/schema\\\/logo\\\/image\\\/\"},\"sameAs\":[\"http:\\\/\\\/www.facebook.com\\\/Sonoma-Land-Trust\\\/\",\"https:\\\/\\\/www.instagram.com\\\/sonomalandtrust\\\/\",\"https:\\\/\\\/bsky.app\\\/profile\\\/sonomalandtrust.bsky.social\",\"https:\\\/\\\/www.youtube.com\\\/user\\\/SonomaLandTrust\\\/\",\"http:\\\/\\\/www.linkedin.com\\\/company\\\/1090048?trk=tyah\"]},{\"@type\":\"Person\",\"@id\":\"https:\\\/\\\/slt-2026.eclipse-dev.com\\\/#\\\/schema\\\/person\\\/c289b2019a1bd6706f93278c6def96b7\",\"name\":\"eclipse\",\"image\":{\"@type\":\"ImageObject\",\"inLanguage\":\"es\",\"@id\":\"https:\\\/\\\/secure.gravatar.com\\\/avatar\\\/a57eb78d56d01cafd540f163cbd4c579fb8c9fffb50c37d90cc94108dbdf7a0e?s=96&d=mm&r=g\",\"url\":\"https:\\\/\\\/secure.gravatar.com\\\/avatar\\\/a57eb78d56d01cafd540f163cbd4c579fb8c9fffb50c37d90cc94108dbdf7a0e?s=96&d=mm&r=g\",\"contentUrl\":\"https:\\\/\\\/secure.gravatar.com\\\/avatar\\\/a57eb78d56d01cafd540f163cbd4c579fb8c9fffb50c37d90cc94108dbdf7a0e?s=96&d=mm&r=g\",\"caption\":\"eclipse\"},\"sameAs\":[\"http:\\\/\\\/sonomalandtrust.org\"]}]}<\/script>\n<!-- \/ Yoast SEO plugin. -->","yoast_head_json":{"title":"eNews de octubre de 2024 &#8212; Sonoma Land Trust","description":"Las tormentas invernales ponen a prueba Lakeville Creek: Las plantas permanecen enraizadas Hemos alcanzado un hito importante en el proyecto de","robots":{"index":"index","follow":"follow","max-snippet":"max-snippet:-1","max-image-preview":"max-image-preview:large","max-video-preview":"max-video-preview:-1"},"canonical":"https:\/\/sonomalandtrust.org\/es\/blog\/enews-de-octubre-de-2024\/","og_locale":"es_ES","og_type":"article","og_title":"eNews de octubre de 2024 &#8212; Sonoma Land Trust","og_description":"Las tormentas invernales ponen a prueba Lakeville Creek: Las plantas permanecen enraizadas Hemos alcanzado un hito importante en el proyecto de","og_url":"https:\/\/sonomalandtrust.org\/es\/blog\/enews-de-octubre-de-2024\/","og_site_name":"Sonoma Land Trust","article_publisher":"http:\/\/www.facebook.com\/Sonoma-Land-Trust\/","article_published_time":"2024-10-02T00:53:17+00:00","og_image":[{"width":1800,"height":1200,"url":"https:\/\/slt-2026.eclipse-dev.com\/wp-content\/uploads\/2024\/10\/planting-at-lakeville-creek.jpg","type":"image\/jpeg"}],"twitter_card":"summary_large_image","twitter_misc":{"Written by":"eclipse","Est. reading time":"23 minuto"},"schema":{"@context":"https:\/\/schema.org","@graph":[{"@type":"Article","@id":"https:\/\/sonomalandtrust.org\/es\/blog\/enews-de-octubre-de-2024\/#article","isPartOf":{"@id":"https:\/\/sonomalandtrust.org\/es\/blog\/enews-de-octubre-de-2024\/"},"author":{"name":"eclipse","@id":"https:\/\/slt-2026.eclipse-dev.com\/#\/schema\/person\/c289b2019a1bd6706f93278c6def96b7"},"headline":"eNews de octubre de 2024","datePublished":"2024-10-02T00:53:17+00:00","mainEntityOfPage":{"@id":"https:\/\/sonomalandtrust.org\/es\/blog\/enews-de-octubre-de-2024\/"},"wordCount":4529,"commentCount":0,"publisher":{"@id":"https:\/\/slt-2026.eclipse-dev.com\/#organization"},"image":{"@id":"https:\/\/sonomalandtrust.org\/es\/blog\/enews-de-octubre-de-2024\/#primaryimage"},"thumbnailUrl":"https:\/\/sonomalandtrust.org\/wp-content\/uploads\/2024\/10\/planting-at-lakeville-creek.jpg","articleSection":["eNoticias"],"inLanguage":"es"},{"@type":"WebPage","@id":"https:\/\/sonomalandtrust.org\/es\/blog\/enews-de-octubre-de-2024\/","url":"https:\/\/sonomalandtrust.org\/es\/blog\/enews-de-octubre-de-2024\/","name":"eNews de octubre de 2024 &#8212; Sonoma Land Trust","isPartOf":{"@id":"https:\/\/slt-2026.eclipse-dev.com\/#website"},"primaryImageOfPage":{"@id":"https:\/\/sonomalandtrust.org\/es\/blog\/enews-de-octubre-de-2024\/#primaryimage"},"image":{"@id":"https:\/\/sonomalandtrust.org\/es\/blog\/enews-de-octubre-de-2024\/#primaryimage"},"thumbnailUrl":"https:\/\/sonomalandtrust.org\/wp-content\/uploads\/2024\/10\/planting-at-lakeville-creek.jpg","datePublished":"2024-10-02T00:53:17+00:00","description":"Las tormentas invernales ponen a prueba Lakeville Creek: Las plantas permanecen enraizadas Hemos alcanzado un hito importante en el proyecto de","breadcrumb":{"@id":"https:\/\/sonomalandtrust.org\/es\/blog\/enews-de-octubre-de-2024\/#breadcrumb"},"inLanguage":"es","potentialAction":[{"@type":"ReadAction","target":["https:\/\/sonomalandtrust.org\/es\/blog\/enews-de-octubre-de-2024\/"]}]},{"@type":"ImageObject","inLanguage":"es","@id":"https:\/\/sonomalandtrust.org\/es\/blog\/enews-de-octubre-de-2024\/#primaryimage","url":"https:\/\/sonomalandtrust.org\/wp-content\/uploads\/2024\/10\/planting-at-lakeville-creek.jpg","contentUrl":"https:\/\/sonomalandtrust.org\/wp-content\/uploads\/2024\/10\/planting-at-lakeville-creek.jpg","width":1800,"height":1200,"caption":"Una persona planta c\u00e9sped en Lakeville Creek"},{"@type":"BreadcrumbList","@id":"https:\/\/sonomalandtrust.org\/es\/blog\/enews-de-octubre-de-2024\/#breadcrumb","itemListElement":[{"@type":"ListItem","position":1,"name":"Home","item":"https:\/\/sonomalandtrust.org\/es\/inicio\/"},{"@type":"ListItem","position":2,"name":"eNews de octubre de 2024"}]},{"@type":"WebSite","@id":"https:\/\/slt-2026.eclipse-dev.com\/#website","url":"https:\/\/slt-2026.eclipse-dev.com\/","name":"Sonoma Land Trust","description":"","publisher":{"@id":"https:\/\/slt-2026.eclipse-dev.com\/#organization"},"potentialAction":[{"@type":"SearchAction","target":{"@type":"EntryPoint","urlTemplate":"https:\/\/slt-2026.eclipse-dev.com\/?s={search_term_string}"},"query-input":{"@type":"PropertyValueSpecification","valueRequired":true,"valueName":"search_term_string"}}],"inLanguage":"es"},{"@type":"Organization","@id":"https:\/\/slt-2026.eclipse-dev.com\/#organization","name":"Fondo de Tierras de Sonoma","url":"https:\/\/slt-2026.eclipse-dev.com\/","logo":{"@type":"ImageObject","inLanguage":"es","@id":"https:\/\/slt-2026.eclipse-dev.com\/#\/schema\/logo\/image\/","url":"https:\/\/sonomalandtrust.org\/wp-content\/uploads\/2025\/10\/slt-logo.png","contentUrl":"https:\/\/sonomalandtrust.org\/wp-content\/uploads\/2025\/10\/slt-logo.png","width":549,"height":333,"caption":"Fondo de Tierras de Sonoma"},"image":{"@id":"https:\/\/slt-2026.eclipse-dev.com\/#\/schema\/logo\/image\/"},"sameAs":["http:\/\/www.facebook.com\/Sonoma-Land-Trust\/","https:\/\/www.instagram.com\/sonomalandtrust\/","https:\/\/bsky.app\/profile\/sonomalandtrust.bsky.social","https:\/\/www.youtube.com\/user\/SonomaLandTrust\/","http:\/\/www.linkedin.com\/company\/1090048?trk=tyah"]},{"@type":"Person","@id":"https:\/\/slt-2026.eclipse-dev.com\/#\/schema\/person\/c289b2019a1bd6706f93278c6def96b7","name":"eclipse","image":{"@type":"ImageObject","inLanguage":"es","@id":"https:\/\/secure.gravatar.com\/avatar\/a57eb78d56d01cafd540f163cbd4c579fb8c9fffb50c37d90cc94108dbdf7a0e?s=96&d=mm&r=g","url":"https:\/\/secure.gravatar.com\/avatar\/a57eb78d56d01cafd540f163cbd4c579fb8c9fffb50c37d90cc94108dbdf7a0e?s=96&d=mm&r=g","contentUrl":"https:\/\/secure.gravatar.com\/avatar\/a57eb78d56d01cafd540f163cbd4c579fb8c9fffb50c37d90cc94108dbdf7a0e?s=96&d=mm&r=g","caption":"eclipse"},"sameAs":["http:\/\/sonomalandtrust.org"]}]}},"_links":{"self":[{"href":"https:\/\/sonomalandtrust.org\/es\/wp-json\/wp\/v2\/posts\/14109","targetHints":{"allow":["GET"]}}],"collection":[{"href":"https:\/\/sonomalandtrust.org\/es\/wp-json\/wp\/v2\/posts"}],"about":[{"href":"https:\/\/sonomalandtrust.org\/es\/wp-json\/wp\/v2\/types\/post"}],"author":[{"embeddable":true,"href":"https:\/\/sonomalandtrust.org\/es\/wp-json\/wp\/v2\/users\/1"}],"replies":[{"embeddable":true,"href":"https:\/\/sonomalandtrust.org\/es\/wp-json\/wp\/v2\/comments?post=14109"}],"version-history":[{"count":0,"href":"https:\/\/sonomalandtrust.org\/es\/wp-json\/wp\/v2\/posts\/14109\/revisions"}],"wp:featuredmedia":[{"embeddable":true,"href":"https:\/\/sonomalandtrust.org\/es\/wp-json\/wp\/v2\/media\/14111"}],"wp:attachment":[{"href":"https:\/\/sonomalandtrust.org\/es\/wp-json\/wp\/v2\/media?parent=14109"}],"wp:term":[{"taxonomy":"category","embeddable":true,"href":"https:\/\/sonomalandtrust.org\/es\/wp-json\/wp\/v2\/categories?post=14109"},{"taxonomy":"post_tag","embeddable":true,"href":"https:\/\/sonomalandtrust.org\/es\/wp-json\/wp\/v2\/tags?post=14109"}],"curies":[{"name":"wp","href":"https:\/\/api.w.org\/{rel}","templated":true}]}}