{"id":14057,"date":"2025-09-02T15:25:00","date_gmt":"2025-09-02T22:25:00","guid":{"rendered":"https:\/\/sonomalandtrust.org\/blog\/un-celebre-lider-de-los-parques-nacionales-lleva-su-experiencia-a-sonoma\/"},"modified":"2026-03-13T09:49:51","modified_gmt":"2026-03-13T16:49:51","slug":"un-celebre-lider-de-los-parques-nacionales-lleva-su-experiencia-a-sonoma","status":"publish","type":"post","link":"https:\/\/sonomalandtrust.org\/es\/blog\/un-celebre-lider-de-los-parques-nacionales-lleva-su-experiencia-a-sonoma\/","title":{"rendered":"Un c\u00e9lebre l\u00edder de los Parques Nacionales lleva su experiencia a Sonoma"},"content":{"rendered":"\n<h3 class=\"wp-block-heading\">Miembro del Consejo destacado<\/h3>\n\n<p>Durante d\u00e9cadas, el \u00c1rea de la Bah\u00eda ha formado a algunos de los l\u00edderes conservacionistas m\u00e1s influyentes del pa\u00eds. Entre ellos se encuentra Frank Dean, cuyo viaje comenz\u00f3 como estudiante de geograf\u00eda inspirado por los activistas que luchaban por salvar la Bah\u00eda de San Francisco. De guardabosques a superintendente de parques y l\u00edder de organizaciones sin \u00e1nimo de lucro, Frank ha dedicado su vida a proteger la tierra y a ayudar a la gente a conectar con ella. Hoy aporta esa pasi\u00f3n y experiencia a Sonoma Land Trust.   <\/p>\n\n<p>Aunque Frank sent\u00eda inclinaci\u00f3n por el trabajo medioambiental, no siempre sab\u00eda d\u00f3nde encajaba \u00e9l en el panorama de la conservaci\u00f3n. Nacido en Filadelfia y criado en una familia de militares, se mud\u00f3 a menudo de ni\u00f1o antes de aterrizar en San Diego para cursar el bachillerato. Cuando lleg\u00f3 al norte para asistir a la Universidad Estatal de San Francisco, eligi\u00f3 estudiar geograf\u00eda, un campo que investiga c\u00f3mo las personas y el medio ambiente se dan forma mutuamente, y la Zona de la Bah\u00eda era el lugar perfecto para hacerlo. A medida que Frank fue conociendo la resplandeciente bah\u00eda y su historia, se enter\u00f3 de que mucha m\u00e1s parte de la bah\u00eda podr\u00eda haberse rellenado y urbanizado de no haber sido por los esfuerzos de los primeros ecologistas que se organizaron y lucharon para protegerla. \u00abAqu\u00ed hab\u00eda gente que quer\u00eda hacer lo correcto por la tierra, no s\u00f3lo ganar dinero\u00bb, recuerda. \u00ab\u00c9sa era mi gente\u00bb.     <\/p>\n\n<p>Un trabajo de verano en la universidad como guardabosques consolid\u00f3 su trayectoria. Destinado en la isla de Alcatraz, Frank hizo visitas guiadas en persona, compartiendo historias de la historia humana del parque con el tel\u00f3n de fondo de la bah\u00eda. Luego prest\u00f3 servicio en los Parques Nacionales de Sequoia, Gran Ca\u00f1\u00f3n y Yosemite, antes de volver al \u00c1rea Recreativa Nacional Golden Gate (GGNRA) y a la Costa Nacional de Point Reyes. Su carrera en el Servicio de Parques Nacionales culmin\u00f3 como superintendente de GGNRA, el mismo parque donde empez\u00f3. \u00abFue muy guay empezar y acabar en el mismo sitio\u00bb, dice, \u00abporque conoc\u00eda el parque lo suficiente como para saber lo que quer\u00eda arreglar y tener autoridad para cambiar las cosas\u00bb.    <\/p>\n\n<p>A lo largo de los a\u00f1os, Frank vio c\u00f3mo antiguos terrenos militares se transformaban en entra\u00f1ables espacios p\u00fablicos. Uno de los ejemplos m\u00e1s espectaculares fue Crissy Field. Cuando Frank empez\u00f3 en el servicio de parques, Crissy Field era una pista de aterrizaje fuera de servicio en el paseo mar\u00edtimo de Presidio. Cuando volvi\u00f3 a la GGNRA, la antigua pista de aterrizaje se hab\u00eda transformado en una marisma, una playa y uno de los lugares de reuni\u00f3n m\u00e1s populares de la ciudad. Particip\u00f3 en el Parque Tunnel Tops, un proyecto visionario que ayud\u00f3 a poner en marcha y que convirti\u00f3 una antigua autopista del centro de la ciudad en un parque galardonado a nivel nacional, con zonas de juegos naturales, miradores y vistas panor\u00e1micas de la Bah\u00eda.    <\/p>\n\n<p>Desde el servicio de parques, Frank pas\u00f3 a dirigir la Yosemite Conservancy durante una d\u00e9cada, recaudando millones de d\u00f3lares para la restauraci\u00f3n de senderos, la recuperaci\u00f3n de h\u00e1bitats y adquisiciones hist\u00f3ricas, incluido un sistema de praderas de 400 acres que ahora est\u00e1 oficialmente protegido como parte del Parque Nacional de Yosemite. Bajo su direcci\u00f3n, la degradada pradera volvi\u00f3 a convertirse en un pr\u00f3spero h\u00e1bitat para diversas especies vegetales y animales raras, incluida la rara poblaci\u00f3n de b\u00fahos grises de Yosemite, y se transfiri\u00f3 al parque. Vio de primera mano c\u00f3mo la filantrop\u00eda pod\u00eda actuar r\u00e1pidamente donde el gobierno no pod\u00eda, y eso le convenci\u00f3 del poder de las organizaciones sin \u00e1nimo de lucro para impulsar la conservaci\u00f3n.  <\/p>\n\n<p>Cuando la pandemia le retuvo m\u00e1s cerca de casa, en Petaluma, Frank empez\u00f3 a explorar m\u00e1s profundamente el condado de Sonoma. \u00abMe di cuenta de lo hermoso que es, y sent\u00ed que quer\u00eda devolver algo, utilizar lo que hab\u00eda aprendido en mi carrera para ayudar en asuntos locales\u00bb, dice. Empez\u00f3 a estudiar las organizaciones que realizaban trabajos de conservaci\u00f3n en el condado y enseguida se sinti\u00f3 atra\u00eddo por Sonoma Land Trust. Destacaba, recuerda, por ser a la vez eficaz y financieramente estable: lo bastante grande para marcar la diferencia, pero lo bastante \u00e1gil para actuar con rapidez. Tras ponerse en contacto con colegas y amigos que llevaban mucho tiempo trabajando en la Fundaci\u00f3n, supo que era el lugar donde pod\u00eda aportar su experiencia de forma m\u00e1s significativa.    <\/p>\n\n<p>Hoy, Frank forma parte de nuestro consejo de administraci\u00f3n y es el reci\u00e9n nombrado presidente del comit\u00e9 de filantrop\u00eda, donde ayuda a reforzar nuestra capacidad para actuar cuando llegue el momento. \u00abSe trata de aumentar nuestras reservas para que podamos ser \u00e1giles\u00bb, afirma. \u00abSi sale a la venta una propiedad estrat\u00e9gicamente cr\u00edtica, queremos estar preparados para actuar\u00bb. Se\u00f1ala proyectos como la adquisici\u00f3n y restauraci\u00f3n de Baylands, que antes era una \u00fanica iniciativa a escala de paisaje y ahora es un programa visionario que reconecta los humedales mareales y prepara a la regi\u00f3n para la subida del nivel del mar. Tambi\u00e9n se\u00f1ala un nuevo proyecto en la costa que proporcionar\u00e1 m\u00e1s acceso p\u00fablico y protecci\u00f3n del h\u00e1bitat como ejemplo de c\u00f3mo el Land Trust a\u00fana ciencia, estrategia y asociaciones en el momento adecuado para cumplir nuestra audaz visi\u00f3n de la conservaci\u00f3n.    <\/p>\n\n<p>Para Frank, el trabajo tambi\u00e9n tiene que ver con la visibilidad y la inspiraci\u00f3n. Espera que m\u00e1s personas reconozcan el papel de Sonoma Land Trust en la conservaci\u00f3n de los paisajes que aman y se vean a s\u00ed mismas como parte de ese esfuerzo. \u00abEste condado es muy diverso: oc\u00e9ano, bah\u00eda, regi\u00f3n vin\u00edcola, monta\u00f1as\u00bb, afirma. \u00abGente de todo el pa\u00eds conoce el nombre de Sonoma. Tenemos la responsabilidad de mantenerlo especial\u00bb.   <\/p>\n\n<p>De guardabosques a superintendente y l\u00edder de organizaciones sin \u00e1nimo de lucro, la carrera de Frank se ha centrado en proteger la tierra y conectar a la gente con ella. Ahora, con Sonoma Land Trust, est\u00e1 ayudando a dar forma al siguiente cap\u00edtulo; uno en el que la conservaci\u00f3n sea proactiva, estrat\u00e9gica y arraigada en la comunidad. \u00abSomos lo bastante grandes para hacer que ocurran cosas\u00bb, dice, \u00aby lo bastante peque\u00f1os para seguir centrados en lo que m\u00e1s importa\u00bb.  <\/p>\n","protected":false},"excerpt":{"rendered":"<p>Durante d\u00e9cadas, el \u00c1rea de la Bah\u00eda ha formado a algunos de los l\u00edderes conservacionistas m\u00e1s influyentes del pa\u00eds. Entre ellos se encuentra Frank Dean, cuyo viaje comenz\u00f3 como estudiante de geograf\u00eda inspirado por los activistas que luchaban por salvar la Bah\u00eda de San Francisco. De guardabosques a superintendente de parques y l\u00edder de organizaciones [&hellip;]<\/p>\n","protected":false},"author":1,"featured_media":14058,"comment_status":"closed","ping_status":"closed","sticky":false,"template":"","format":"standard","meta":{"_acf_changed":false,"footnotes":""},"categories":[108,85],"tags":[],"class_list":["post-14057","post","type-post","status-publish","format-standard","has-post-thumbnail","hentry","category-actualizaciones-de-la-organizacion","category-enoticias"],"acf":[],"yoast_head":"<!-- This site is optimized with the Yoast SEO plugin v27.3 - https:\/\/yoast.com\/product\/yoast-seo-wordpress\/ -->\n<title>Un c\u00e9lebre l\u00edder de los Parques Nacionales lleva su experiencia a Sonoma &#8212; Sonoma Land Trust<\/title>\n<meta name=\"description\" content=\"Miembro del Consejo destacado Durante d\u00e9cadas, el \u00c1rea de la Bah\u00eda ha formado a algunos de los l\u00edderes conservacionistas m\u00e1s influyentes del pa\u00eds. Entre\" \/>\n<meta name=\"robots\" content=\"index, follow, max-snippet:-1, max-image-preview:large, max-video-preview:-1\" \/>\n<link rel=\"canonical\" href=\"https:\/\/sonomalandtrust.org\/es\/blog\/un-celebre-lider-de-los-parques-nacionales-lleva-su-experiencia-a-sonoma\/\" \/>\n<meta property=\"og:locale\" content=\"es_ES\" \/>\n<meta property=\"og:type\" content=\"article\" \/>\n<meta property=\"og:title\" content=\"Un c\u00e9lebre l\u00edder de los Parques Nacionales lleva su experiencia a Sonoma &#8212; Sonoma Land Trust\" \/>\n<meta property=\"og:description\" content=\"Miembro del Consejo destacado Durante d\u00e9cadas, el \u00c1rea de la Bah\u00eda ha formado a algunos de los l\u00edderes conservacionistas m\u00e1s influyentes del pa\u00eds. Entre\" \/>\n<meta property=\"og:url\" content=\"https:\/\/sonomalandtrust.org\/es\/blog\/un-celebre-lider-de-los-parques-nacionales-lleva-su-experiencia-a-sonoma\/\" \/>\n<meta property=\"og:site_name\" content=\"Sonoma Land Trust\" \/>\n<meta property=\"article:publisher\" content=\"http:\/\/www.facebook.com\/Sonoma-Land-Trust\/\" \/>\n<meta property=\"article:published_time\" content=\"2025-09-02T22:25:00+00:00\" \/>\n<meta property=\"article:modified_time\" content=\"2026-03-13T16:49:51+00:00\" \/>\n<meta property=\"og:image\" content=\"https:\/\/slt-2026.eclipse-dev.com\/wp-content\/uploads\/2025\/09\/board-member-frank-dean.jpg\" \/>\n\t<meta property=\"og:image:width\" content=\"1800\" \/>\n\t<meta property=\"og:image:height\" content=\"1200\" \/>\n\t<meta property=\"og:image:type\" content=\"image\/jpeg\" \/>\n<meta name=\"twitter:card\" content=\"summary_large_image\" \/>\n<meta name=\"twitter:label1\" content=\"Written by\" \/>\n\t<meta name=\"twitter:data1\" content=\"eclipse\" \/>\n\t<meta name=\"twitter:label2\" content=\"Est. reading time\" \/>\n\t<meta name=\"twitter:data2\" content=\"6 minuto\" \/>\n<script type=\"application\/ld+json\" class=\"yoast-schema-graph\">{\"@context\":\"https:\\\/\\\/schema.org\",\"@graph\":[{\"@type\":\"Article\",\"@id\":\"https:\\\/\\\/sonomalandtrust.org\\\/es\\\/blog\\\/un-celebre-lider-de-los-parques-nacionales-lleva-su-experiencia-a-sonoma\\\/#article\",\"isPartOf\":{\"@id\":\"https:\\\/\\\/sonomalandtrust.org\\\/es\\\/blog\\\/un-celebre-lider-de-los-parques-nacionales-lleva-su-experiencia-a-sonoma\\\/\"},\"author\":{\"name\":\"eclipse\",\"@id\":\"https:\\\/\\\/slt-2026.eclipse-dev.com\\\/#\\\/schema\\\/person\\\/c289b2019a1bd6706f93278c6def96b7\"},\"headline\":\"Un c\u00e9lebre l\u00edder de los Parques Nacionales lleva su experiencia a Sonoma\",\"datePublished\":\"2025-09-02T22:25:00+00:00\",\"dateModified\":\"2026-03-13T16:49:51+00:00\",\"mainEntityOfPage\":{\"@id\":\"https:\\\/\\\/sonomalandtrust.org\\\/es\\\/blog\\\/un-celebre-lider-de-los-parques-nacionales-lleva-su-experiencia-a-sonoma\\\/\"},\"wordCount\":1141,\"publisher\":{\"@id\":\"https:\\\/\\\/slt-2026.eclipse-dev.com\\\/#organization\"},\"image\":{\"@id\":\"https:\\\/\\\/sonomalandtrust.org\\\/es\\\/blog\\\/un-celebre-lider-de-los-parques-nacionales-lleva-su-experiencia-a-sonoma\\\/#primaryimage\"},\"thumbnailUrl\":\"https:\\\/\\\/sonomalandtrust.org\\\/wp-content\\\/uploads\\\/2025\\\/09\\\/board-member-frank-dean.jpg\",\"articleSection\":[\"Actualizaciones de la organizaci\u00f3n\",\"eNoticias\"],\"inLanguage\":\"es\"},{\"@type\":\"WebPage\",\"@id\":\"https:\\\/\\\/sonomalandtrust.org\\\/es\\\/blog\\\/un-celebre-lider-de-los-parques-nacionales-lleva-su-experiencia-a-sonoma\\\/\",\"url\":\"https:\\\/\\\/sonomalandtrust.org\\\/es\\\/blog\\\/un-celebre-lider-de-los-parques-nacionales-lleva-su-experiencia-a-sonoma\\\/\",\"name\":\"Un c\u00e9lebre l\u00edder de los Parques Nacionales lleva su experiencia a Sonoma &#8212; Sonoma Land Trust\",\"isPartOf\":{\"@id\":\"https:\\\/\\\/slt-2026.eclipse-dev.com\\\/#website\"},\"primaryImageOfPage\":{\"@id\":\"https:\\\/\\\/sonomalandtrust.org\\\/es\\\/blog\\\/un-celebre-lider-de-los-parques-nacionales-lleva-su-experiencia-a-sonoma\\\/#primaryimage\"},\"image\":{\"@id\":\"https:\\\/\\\/sonomalandtrust.org\\\/es\\\/blog\\\/un-celebre-lider-de-los-parques-nacionales-lleva-su-experiencia-a-sonoma\\\/#primaryimage\"},\"thumbnailUrl\":\"https:\\\/\\\/sonomalandtrust.org\\\/wp-content\\\/uploads\\\/2025\\\/09\\\/board-member-frank-dean.jpg\",\"datePublished\":\"2025-09-02T22:25:00+00:00\",\"dateModified\":\"2026-03-13T16:49:51+00:00\",\"description\":\"Miembro del Consejo destacado Durante d\u00e9cadas, el \u00c1rea de la Bah\u00eda ha formado a algunos de los l\u00edderes conservacionistas m\u00e1s influyentes del pa\u00eds. Entre\",\"breadcrumb\":{\"@id\":\"https:\\\/\\\/sonomalandtrust.org\\\/es\\\/blog\\\/un-celebre-lider-de-los-parques-nacionales-lleva-su-experiencia-a-sonoma\\\/#breadcrumb\"},\"inLanguage\":\"es\",\"potentialAction\":[{\"@type\":\"ReadAction\",\"target\":[\"https:\\\/\\\/sonomalandtrust.org\\\/es\\\/blog\\\/un-celebre-lider-de-los-parques-nacionales-lleva-su-experiencia-a-sonoma\\\/\"]}]},{\"@type\":\"ImageObject\",\"inLanguage\":\"es\",\"@id\":\"https:\\\/\\\/sonomalandtrust.org\\\/es\\\/blog\\\/un-celebre-lider-de-los-parques-nacionales-lleva-su-experiencia-a-sonoma\\\/#primaryimage\",\"url\":\"https:\\\/\\\/sonomalandtrust.org\\\/wp-content\\\/uploads\\\/2025\\\/09\\\/board-member-frank-dean.jpg\",\"contentUrl\":\"https:\\\/\\\/sonomalandtrust.org\\\/wp-content\\\/uploads\\\/2025\\\/09\\\/board-member-frank-dean.jpg\",\"width\":1800,\"height\":1200,\"caption\":\"Frank Dean, miembro de la junta del Sonoma Land Trust\"},{\"@type\":\"BreadcrumbList\",\"@id\":\"https:\\\/\\\/sonomalandtrust.org\\\/es\\\/blog\\\/un-celebre-lider-de-los-parques-nacionales-lleva-su-experiencia-a-sonoma\\\/#breadcrumb\",\"itemListElement\":[{\"@type\":\"ListItem\",\"position\":1,\"name\":\"Home\",\"item\":\"https:\\\/\\\/sonomalandtrust.org\\\/es\\\/inicio\\\/\"},{\"@type\":\"ListItem\",\"position\":2,\"name\":\"Un c\u00e9lebre l\u00edder de los Parques Nacionales lleva su experiencia a Sonoma\"}]},{\"@type\":\"WebSite\",\"@id\":\"https:\\\/\\\/slt-2026.eclipse-dev.com\\\/#website\",\"url\":\"https:\\\/\\\/slt-2026.eclipse-dev.com\\\/\",\"name\":\"Sonoma Land Trust\",\"description\":\"\",\"publisher\":{\"@id\":\"https:\\\/\\\/slt-2026.eclipse-dev.com\\\/#organization\"},\"potentialAction\":[{\"@type\":\"SearchAction\",\"target\":{\"@type\":\"EntryPoint\",\"urlTemplate\":\"https:\\\/\\\/slt-2026.eclipse-dev.com\\\/?s={search_term_string}\"},\"query-input\":{\"@type\":\"PropertyValueSpecification\",\"valueRequired\":true,\"valueName\":\"search_term_string\"}}],\"inLanguage\":\"es\"},{\"@type\":\"Organization\",\"@id\":\"https:\\\/\\\/slt-2026.eclipse-dev.com\\\/#organization\",\"name\":\"Fondo de Tierras de Sonoma\",\"url\":\"https:\\\/\\\/slt-2026.eclipse-dev.com\\\/\",\"logo\":{\"@type\":\"ImageObject\",\"inLanguage\":\"es\",\"@id\":\"https:\\\/\\\/slt-2026.eclipse-dev.com\\\/#\\\/schema\\\/logo\\\/image\\\/\",\"url\":\"https:\\\/\\\/sonomalandtrust.org\\\/wp-content\\\/uploads\\\/2025\\\/10\\\/slt-logo.png\",\"contentUrl\":\"https:\\\/\\\/sonomalandtrust.org\\\/wp-content\\\/uploads\\\/2025\\\/10\\\/slt-logo.png\",\"width\":549,\"height\":333,\"caption\":\"Fondo de Tierras de Sonoma\"},\"image\":{\"@id\":\"https:\\\/\\\/slt-2026.eclipse-dev.com\\\/#\\\/schema\\\/logo\\\/image\\\/\"},\"sameAs\":[\"http:\\\/\\\/www.facebook.com\\\/Sonoma-Land-Trust\\\/\",\"https:\\\/\\\/www.instagram.com\\\/sonomalandtrust\\\/\",\"https:\\\/\\\/bsky.app\\\/profile\\\/sonomalandtrust.bsky.social\",\"https:\\\/\\\/www.youtube.com\\\/user\\\/SonomaLandTrust\\\/\",\"http:\\\/\\\/www.linkedin.com\\\/company\\\/1090048?trk=tyah\"]},{\"@type\":\"Person\",\"@id\":\"https:\\\/\\\/slt-2026.eclipse-dev.com\\\/#\\\/schema\\\/person\\\/c289b2019a1bd6706f93278c6def96b7\",\"name\":\"eclipse\",\"image\":{\"@type\":\"ImageObject\",\"inLanguage\":\"es\",\"@id\":\"https:\\\/\\\/secure.gravatar.com\\\/avatar\\\/a57eb78d56d01cafd540f163cbd4c579fb8c9fffb50c37d90cc94108dbdf7a0e?s=96&d=mm&r=g\",\"url\":\"https:\\\/\\\/secure.gravatar.com\\\/avatar\\\/a57eb78d56d01cafd540f163cbd4c579fb8c9fffb50c37d90cc94108dbdf7a0e?s=96&d=mm&r=g\",\"contentUrl\":\"https:\\\/\\\/secure.gravatar.com\\\/avatar\\\/a57eb78d56d01cafd540f163cbd4c579fb8c9fffb50c37d90cc94108dbdf7a0e?s=96&d=mm&r=g\",\"caption\":\"eclipse\"},\"sameAs\":[\"http:\\\/\\\/sonomalandtrust.org\"]}]}<\/script>\n<!-- \/ Yoast SEO plugin. -->","yoast_head_json":{"title":"Un c\u00e9lebre l\u00edder de los Parques Nacionales lleva su experiencia a Sonoma &#8212; Sonoma Land Trust","description":"Miembro del Consejo destacado Durante d\u00e9cadas, el \u00c1rea de la Bah\u00eda ha formado a algunos de los l\u00edderes conservacionistas m\u00e1s influyentes del pa\u00eds. Entre","robots":{"index":"index","follow":"follow","max-snippet":"max-snippet:-1","max-image-preview":"max-image-preview:large","max-video-preview":"max-video-preview:-1"},"canonical":"https:\/\/sonomalandtrust.org\/es\/blog\/un-celebre-lider-de-los-parques-nacionales-lleva-su-experiencia-a-sonoma\/","og_locale":"es_ES","og_type":"article","og_title":"Un c\u00e9lebre l\u00edder de los Parques Nacionales lleva su experiencia a Sonoma &#8212; Sonoma Land Trust","og_description":"Miembro del Consejo destacado Durante d\u00e9cadas, el \u00c1rea de la Bah\u00eda ha formado a algunos de los l\u00edderes conservacionistas m\u00e1s influyentes del pa\u00eds. Entre","og_url":"https:\/\/sonomalandtrust.org\/es\/blog\/un-celebre-lider-de-los-parques-nacionales-lleva-su-experiencia-a-sonoma\/","og_site_name":"Sonoma Land Trust","article_publisher":"http:\/\/www.facebook.com\/Sonoma-Land-Trust\/","article_published_time":"2025-09-02T22:25:00+00:00","article_modified_time":"2026-03-13T16:49:51+00:00","og_image":[{"width":1800,"height":1200,"url":"https:\/\/slt-2026.eclipse-dev.com\/wp-content\/uploads\/2025\/09\/board-member-frank-dean.jpg","type":"image\/jpeg"}],"twitter_card":"summary_large_image","twitter_misc":{"Written by":"eclipse","Est. reading time":"6 minuto"},"schema":{"@context":"https:\/\/schema.org","@graph":[{"@type":"Article","@id":"https:\/\/sonomalandtrust.org\/es\/blog\/un-celebre-lider-de-los-parques-nacionales-lleva-su-experiencia-a-sonoma\/#article","isPartOf":{"@id":"https:\/\/sonomalandtrust.org\/es\/blog\/un-celebre-lider-de-los-parques-nacionales-lleva-su-experiencia-a-sonoma\/"},"author":{"name":"eclipse","@id":"https:\/\/slt-2026.eclipse-dev.com\/#\/schema\/person\/c289b2019a1bd6706f93278c6def96b7"},"headline":"Un c\u00e9lebre l\u00edder de los Parques Nacionales lleva su experiencia a Sonoma","datePublished":"2025-09-02T22:25:00+00:00","dateModified":"2026-03-13T16:49:51+00:00","mainEntityOfPage":{"@id":"https:\/\/sonomalandtrust.org\/es\/blog\/un-celebre-lider-de-los-parques-nacionales-lleva-su-experiencia-a-sonoma\/"},"wordCount":1141,"publisher":{"@id":"https:\/\/slt-2026.eclipse-dev.com\/#organization"},"image":{"@id":"https:\/\/sonomalandtrust.org\/es\/blog\/un-celebre-lider-de-los-parques-nacionales-lleva-su-experiencia-a-sonoma\/#primaryimage"},"thumbnailUrl":"https:\/\/sonomalandtrust.org\/wp-content\/uploads\/2025\/09\/board-member-frank-dean.jpg","articleSection":["Actualizaciones de la organizaci\u00f3n","eNoticias"],"inLanguage":"es"},{"@type":"WebPage","@id":"https:\/\/sonomalandtrust.org\/es\/blog\/un-celebre-lider-de-los-parques-nacionales-lleva-su-experiencia-a-sonoma\/","url":"https:\/\/sonomalandtrust.org\/es\/blog\/un-celebre-lider-de-los-parques-nacionales-lleva-su-experiencia-a-sonoma\/","name":"Un c\u00e9lebre l\u00edder de los Parques Nacionales lleva su experiencia a Sonoma &#8212; Sonoma Land Trust","isPartOf":{"@id":"https:\/\/slt-2026.eclipse-dev.com\/#website"},"primaryImageOfPage":{"@id":"https:\/\/sonomalandtrust.org\/es\/blog\/un-celebre-lider-de-los-parques-nacionales-lleva-su-experiencia-a-sonoma\/#primaryimage"},"image":{"@id":"https:\/\/sonomalandtrust.org\/es\/blog\/un-celebre-lider-de-los-parques-nacionales-lleva-su-experiencia-a-sonoma\/#primaryimage"},"thumbnailUrl":"https:\/\/sonomalandtrust.org\/wp-content\/uploads\/2025\/09\/board-member-frank-dean.jpg","datePublished":"2025-09-02T22:25:00+00:00","dateModified":"2026-03-13T16:49:51+00:00","description":"Miembro del Consejo destacado Durante d\u00e9cadas, el \u00c1rea de la Bah\u00eda ha formado a algunos de los l\u00edderes conservacionistas m\u00e1s influyentes del pa\u00eds. Entre","breadcrumb":{"@id":"https:\/\/sonomalandtrust.org\/es\/blog\/un-celebre-lider-de-los-parques-nacionales-lleva-su-experiencia-a-sonoma\/#breadcrumb"},"inLanguage":"es","potentialAction":[{"@type":"ReadAction","target":["https:\/\/sonomalandtrust.org\/es\/blog\/un-celebre-lider-de-los-parques-nacionales-lleva-su-experiencia-a-sonoma\/"]}]},{"@type":"ImageObject","inLanguage":"es","@id":"https:\/\/sonomalandtrust.org\/es\/blog\/un-celebre-lider-de-los-parques-nacionales-lleva-su-experiencia-a-sonoma\/#primaryimage","url":"https:\/\/sonomalandtrust.org\/wp-content\/uploads\/2025\/09\/board-member-frank-dean.jpg","contentUrl":"https:\/\/sonomalandtrust.org\/wp-content\/uploads\/2025\/09\/board-member-frank-dean.jpg","width":1800,"height":1200,"caption":"Frank Dean, miembro de la junta del Sonoma Land Trust"},{"@type":"BreadcrumbList","@id":"https:\/\/sonomalandtrust.org\/es\/blog\/un-celebre-lider-de-los-parques-nacionales-lleva-su-experiencia-a-sonoma\/#breadcrumb","itemListElement":[{"@type":"ListItem","position":1,"name":"Home","item":"https:\/\/sonomalandtrust.org\/es\/inicio\/"},{"@type":"ListItem","position":2,"name":"Un c\u00e9lebre l\u00edder de los Parques Nacionales lleva su experiencia a Sonoma"}]},{"@type":"WebSite","@id":"https:\/\/slt-2026.eclipse-dev.com\/#website","url":"https:\/\/slt-2026.eclipse-dev.com\/","name":"Sonoma Land Trust","description":"","publisher":{"@id":"https:\/\/slt-2026.eclipse-dev.com\/#organization"},"potentialAction":[{"@type":"SearchAction","target":{"@type":"EntryPoint","urlTemplate":"https:\/\/slt-2026.eclipse-dev.com\/?s={search_term_string}"},"query-input":{"@type":"PropertyValueSpecification","valueRequired":true,"valueName":"search_term_string"}}],"inLanguage":"es"},{"@type":"Organization","@id":"https:\/\/slt-2026.eclipse-dev.com\/#organization","name":"Fondo de Tierras de Sonoma","url":"https:\/\/slt-2026.eclipse-dev.com\/","logo":{"@type":"ImageObject","inLanguage":"es","@id":"https:\/\/slt-2026.eclipse-dev.com\/#\/schema\/logo\/image\/","url":"https:\/\/sonomalandtrust.org\/wp-content\/uploads\/2025\/10\/slt-logo.png","contentUrl":"https:\/\/sonomalandtrust.org\/wp-content\/uploads\/2025\/10\/slt-logo.png","width":549,"height":333,"caption":"Fondo de Tierras de Sonoma"},"image":{"@id":"https:\/\/slt-2026.eclipse-dev.com\/#\/schema\/logo\/image\/"},"sameAs":["http:\/\/www.facebook.com\/Sonoma-Land-Trust\/","https:\/\/www.instagram.com\/sonomalandtrust\/","https:\/\/bsky.app\/profile\/sonomalandtrust.bsky.social","https:\/\/www.youtube.com\/user\/SonomaLandTrust\/","http:\/\/www.linkedin.com\/company\/1090048?trk=tyah"]},{"@type":"Person","@id":"https:\/\/slt-2026.eclipse-dev.com\/#\/schema\/person\/c289b2019a1bd6706f93278c6def96b7","name":"eclipse","image":{"@type":"ImageObject","inLanguage":"es","@id":"https:\/\/secure.gravatar.com\/avatar\/a57eb78d56d01cafd540f163cbd4c579fb8c9fffb50c37d90cc94108dbdf7a0e?s=96&d=mm&r=g","url":"https:\/\/secure.gravatar.com\/avatar\/a57eb78d56d01cafd540f163cbd4c579fb8c9fffb50c37d90cc94108dbdf7a0e?s=96&d=mm&r=g","contentUrl":"https:\/\/secure.gravatar.com\/avatar\/a57eb78d56d01cafd540f163cbd4c579fb8c9fffb50c37d90cc94108dbdf7a0e?s=96&d=mm&r=g","caption":"eclipse"},"sameAs":["http:\/\/sonomalandtrust.org"]}]}},"_links":{"self":[{"href":"https:\/\/sonomalandtrust.org\/es\/wp-json\/wp\/v2\/posts\/14057","targetHints":{"allow":["GET"]}}],"collection":[{"href":"https:\/\/sonomalandtrust.org\/es\/wp-json\/wp\/v2\/posts"}],"about":[{"href":"https:\/\/sonomalandtrust.org\/es\/wp-json\/wp\/v2\/types\/post"}],"author":[{"embeddable":true,"href":"https:\/\/sonomalandtrust.org\/es\/wp-json\/wp\/v2\/users\/1"}],"replies":[{"embeddable":true,"href":"https:\/\/sonomalandtrust.org\/es\/wp-json\/wp\/v2\/comments?post=14057"}],"version-history":[{"count":0,"href":"https:\/\/sonomalandtrust.org\/es\/wp-json\/wp\/v2\/posts\/14057\/revisions"}],"wp:featuredmedia":[{"embeddable":true,"href":"https:\/\/sonomalandtrust.org\/es\/wp-json\/wp\/v2\/media\/14058"}],"wp:attachment":[{"href":"https:\/\/sonomalandtrust.org\/es\/wp-json\/wp\/v2\/media?parent=14057"}],"wp:term":[{"taxonomy":"category","embeddable":true,"href":"https:\/\/sonomalandtrust.org\/es\/wp-json\/wp\/v2\/categories?post=14057"},{"taxonomy":"post_tag","embeddable":true,"href":"https:\/\/sonomalandtrust.org\/es\/wp-json\/wp\/v2\/tags?post=14057"}],"curies":[{"name":"wp","href":"https:\/\/api.w.org\/{rel}","templated":true}]}}