{"id":14044,"date":"2025-06-03T16:11:00","date_gmt":"2025-06-03T23:11:00","guid":{"rendered":"https:\/\/sonomalandtrust.org\/blog\/una-vida-enraizada-en-la-naturaleza-conoce-a-sarah-reid-miembro-de-la-liga-del-legado\/"},"modified":"2026-03-13T09:49:50","modified_gmt":"2026-03-13T16:49:50","slug":"una-vida-enraizada-en-la-naturaleza-conoce-a-sarah-reid-miembro-de-la-liga-del-legado","status":"publish","type":"post","link":"https:\/\/sonomalandtrust.org\/es\/blog\/una-vida-enraizada-en-la-naturaleza-conoce-a-sarah-reid-miembro-de-la-liga-del-legado\/","title":{"rendered":"Una vida enraizada en la naturaleza: conoce a Sarah Reid, miembro de la Liga del Legado"},"content":{"rendered":"\n<p>Para Sarah Reid, la naturaleza siempre ha sido algo m\u00e1s que un lugar de visita: es una forma de vida. Al crecer en el condado de Sonoma, el amor de Sarah por la tierra se despert\u00f3 en las acampadas de su infancia, en las que pasaba los veranos explorando bosques, r\u00edos y parques nacionales con su familia. Estas experiencias tempranas sentaron las bases de un compromiso de por vida con la conservaci\u00f3n y la administraci\u00f3n.    <\/p>\n\n<p>Sarah lleva d\u00e9cadas como voluntaria en parques y reservas, acumulando miles de horas de trabajo con organizaciones como los Parques Regionales del Condado de Sonoma, los Parques Estatales de California y el Sonoma Land Trust. Su dedicaci\u00f3n a preservar y compartir la belleza natural del condado de Sonoma es inquebrantable, desde la direcci\u00f3n de programas educativos hasta la realizaci\u00f3n de estudios sobre la vida salvaje y el patrullaje de senderos a caballo. Naturalista generalista y \u00e1vida colaboradora de iNaturalist (@wildmare64) con casi 50.000 observaciones, Sarah disfruta documentando la diversa flora y fauna que hacen tan especial esta regi\u00f3n.    <\/p>\n\n<p>Su pasi\u00f3n por el acceso p\u00fablico a la naturaleza est\u00e1 profundamente arraigada en su creencia de que la gente protege lo que conoce y ama. \u00abCuando las personas desarrollan una conexi\u00f3n personal con un lugar, se convierten en mejores guardianes del mismo\u00bb, afirma. Aunque defiende firmemente el mantenimiento de los senderos y el acceso a los espacios abiertos, tambi\u00e9n reconoce la importancia de conservar algunas tierras para la restauraci\u00f3n del h\u00e1bitat y el equilibrio ecol\u00f3gico.    <\/p>\n\n<p>El amor de Sarah y su marido por el condado de Sonoma va m\u00e1s all\u00e1 de sus vidas. Como miembros de la Liga del Legado, han optado por dejar un impacto duradero apoyando a la Fundaci\u00f3n para el Suelo de Sonoma en sus planes sucesorios. \u00abNo tenemos hijos, as\u00ed que cuando pensamos ad\u00f3nde quer\u00edamos que fuera nuestro legado, fue una elecci\u00f3n f\u00e1cil\u00bb, explica. \u00abLa misi\u00f3n de Sonoma Land Trust coincide con todo aquello en lo que creemos: proteger la tierra, restaurar los h\u00e1bitats y garantizar que las generaciones futuras puedan disfrutar de los mismos lugares salvajes que nosotros apreciamos hoy.\u00bb     <\/p>\n\n<p>Con su incansable voluntariado y su compromiso con la conservaci\u00f3n, Sarah encarna el esp\u00edritu de la administraci\u00f3n. Su historia es un testimonio del poder de la conexi\u00f3n personal con la tierra y del impacto duradero de devolver algo a los lugares que nos dan forma.   <\/p>\n","protected":false},"excerpt":{"rendered":"<p>Para Sarah Reid, la naturaleza siempre ha sido algo m\u00e1s que un lugar de visita: es una forma de vida. Al crecer en el condado de Sonoma, el amor de Sarah por la tierra se despert\u00f3 en las acampadas de su infancia, en las que pasaba los veranos explorando bosques, r\u00edos y parques nacionales con [&hellip;]<\/p>\n","protected":false},"author":1,"featured_media":14048,"comment_status":"closed","ping_status":"closed","sticky":false,"template":"","format":"standard","meta":{"_acf_changed":false,"footnotes":""},"categories":[85,115],"tags":[],"class_list":["post-14044","post","type-post","status-publish","format-standard","has-post-thumbnail","hentry","category-enoticias","category-miembros-y-simpatizantes"],"acf":[],"yoast_head":"<!-- This site is optimized with the Yoast SEO plugin v27.3 - https:\/\/yoast.com\/product\/yoast-seo-wordpress\/ -->\n<title>Una vida enraizada en la naturaleza: conoce a Sarah Reid, miembro de la Liga del Legado &#8212; Sonoma Land Trust<\/title>\n<meta name=\"description\" content=\"Para Sarah Reid, la naturaleza siempre ha sido algo m\u00e1s que un lugar de visita: es una forma de vida. Al crecer en el condado de Sonoma, el amor de Sarah\" \/>\n<meta name=\"robots\" content=\"index, follow, max-snippet:-1, max-image-preview:large, max-video-preview:-1\" \/>\n<link rel=\"canonical\" href=\"https:\/\/sonomalandtrust.org\/es\/blog\/una-vida-enraizada-en-la-naturaleza-conoce-a-sarah-reid-miembro-de-la-liga-del-legado\/\" \/>\n<meta property=\"og:locale\" content=\"es_ES\" \/>\n<meta property=\"og:type\" content=\"article\" \/>\n<meta property=\"og:title\" content=\"Una vida enraizada en la naturaleza: conoce a Sarah Reid, miembro de la Liga del Legado &#8212; Sonoma Land Trust\" \/>\n<meta property=\"og:description\" content=\"Para Sarah Reid, la naturaleza siempre ha sido algo m\u00e1s que un lugar de visita: es una forma de vida. Al crecer en el condado de Sonoma, el amor de Sarah\" \/>\n<meta property=\"og:url\" content=\"https:\/\/sonomalandtrust.org\/es\/blog\/una-vida-enraizada-en-la-naturaleza-conoce-a-sarah-reid-miembro-de-la-liga-del-legado\/\" \/>\n<meta property=\"og:site_name\" content=\"Sonoma Land Trust\" \/>\n<meta property=\"article:publisher\" content=\"http:\/\/www.facebook.com\/Sonoma-Land-Trust\/\" \/>\n<meta property=\"article:published_time\" content=\"2025-06-03T23:11:00+00:00\" \/>\n<meta property=\"article:modified_time\" content=\"2026-03-13T16:49:50+00:00\" \/>\n<meta property=\"og:image\" content=\"https:\/\/slt-2026.eclipse-dev.com\/wp-content\/uploads\/2025\/06\/legacy-league-member-sarah-reid.jpg\" \/>\n\t<meta property=\"og:image:width\" content=\"1556\" \/>\n\t<meta property=\"og:image:height\" content=\"964\" \/>\n\t<meta property=\"og:image:type\" content=\"image\/jpeg\" \/>\n<meta name=\"twitter:card\" content=\"summary_large_image\" \/>\n<meta name=\"twitter:label1\" content=\"Written by\" \/>\n\t<meta name=\"twitter:data1\" content=\"eclipse\" \/>\n\t<meta name=\"twitter:label2\" content=\"Est. reading time\" \/>\n\t<meta name=\"twitter:data2\" content=\"2 minuto\" \/>\n<script type=\"application\/ld+json\" class=\"yoast-schema-graph\">{\"@context\":\"https:\\\/\\\/schema.org\",\"@graph\":[{\"@type\":\"Article\",\"@id\":\"https:\\\/\\\/sonomalandtrust.org\\\/es\\\/blog\\\/una-vida-enraizada-en-la-naturaleza-conoce-a-sarah-reid-miembro-de-la-liga-del-legado\\\/#article\",\"isPartOf\":{\"@id\":\"https:\\\/\\\/sonomalandtrust.org\\\/es\\\/blog\\\/una-vida-enraizada-en-la-naturaleza-conoce-a-sarah-reid-miembro-de-la-liga-del-legado\\\/\"},\"author\":{\"name\":\"eclipse\",\"@id\":\"https:\\\/\\\/slt-2026.eclipse-dev.com\\\/#\\\/schema\\\/person\\\/c289b2019a1bd6706f93278c6def96b7\"},\"headline\":\"Una vida enraizada en la naturaleza: conoce a Sarah Reid, miembro de la Liga del Legado\",\"datePublished\":\"2025-06-03T23:11:00+00:00\",\"dateModified\":\"2026-03-13T16:49:50+00:00\",\"mainEntityOfPage\":{\"@id\":\"https:\\\/\\\/sonomalandtrust.org\\\/es\\\/blog\\\/una-vida-enraizada-en-la-naturaleza-conoce-a-sarah-reid-miembro-de-la-liga-del-legado\\\/\"},\"wordCount\":436,\"publisher\":{\"@id\":\"https:\\\/\\\/slt-2026.eclipse-dev.com\\\/#organization\"},\"image\":{\"@id\":\"https:\\\/\\\/sonomalandtrust.org\\\/es\\\/blog\\\/una-vida-enraizada-en-la-naturaleza-conoce-a-sarah-reid-miembro-de-la-liga-del-legado\\\/#primaryimage\"},\"thumbnailUrl\":\"https:\\\/\\\/sonomalandtrust.org\\\/wp-content\\\/uploads\\\/2025\\\/06\\\/legacy-league-member-sarah-reid.jpg\",\"articleSection\":[\"eNoticias\",\"Miembros y simpatizantes\"],\"inLanguage\":\"es\"},{\"@type\":\"WebPage\",\"@id\":\"https:\\\/\\\/sonomalandtrust.org\\\/es\\\/blog\\\/una-vida-enraizada-en-la-naturaleza-conoce-a-sarah-reid-miembro-de-la-liga-del-legado\\\/\",\"url\":\"https:\\\/\\\/sonomalandtrust.org\\\/es\\\/blog\\\/una-vida-enraizada-en-la-naturaleza-conoce-a-sarah-reid-miembro-de-la-liga-del-legado\\\/\",\"name\":\"Una vida enraizada en la naturaleza: conoce a Sarah Reid, miembro de la Liga del Legado &#8212; Sonoma Land Trust\",\"isPartOf\":{\"@id\":\"https:\\\/\\\/slt-2026.eclipse-dev.com\\\/#website\"},\"primaryImageOfPage\":{\"@id\":\"https:\\\/\\\/sonomalandtrust.org\\\/es\\\/blog\\\/una-vida-enraizada-en-la-naturaleza-conoce-a-sarah-reid-miembro-de-la-liga-del-legado\\\/#primaryimage\"},\"image\":{\"@id\":\"https:\\\/\\\/sonomalandtrust.org\\\/es\\\/blog\\\/una-vida-enraizada-en-la-naturaleza-conoce-a-sarah-reid-miembro-de-la-liga-del-legado\\\/#primaryimage\"},\"thumbnailUrl\":\"https:\\\/\\\/sonomalandtrust.org\\\/wp-content\\\/uploads\\\/2025\\\/06\\\/legacy-league-member-sarah-reid.jpg\",\"datePublished\":\"2025-06-03T23:11:00+00:00\",\"dateModified\":\"2026-03-13T16:49:50+00:00\",\"description\":\"Para Sarah Reid, la naturaleza siempre ha sido algo m\u00e1s que un lugar de visita: es una forma de vida. Al crecer en el condado de Sonoma, el amor de Sarah\",\"breadcrumb\":{\"@id\":\"https:\\\/\\\/sonomalandtrust.org\\\/es\\\/blog\\\/una-vida-enraizada-en-la-naturaleza-conoce-a-sarah-reid-miembro-de-la-liga-del-legado\\\/#breadcrumb\"},\"inLanguage\":\"es\",\"potentialAction\":[{\"@type\":\"ReadAction\",\"target\":[\"https:\\\/\\\/sonomalandtrust.org\\\/es\\\/blog\\\/una-vida-enraizada-en-la-naturaleza-conoce-a-sarah-reid-miembro-de-la-liga-del-legado\\\/\"]}]},{\"@type\":\"ImageObject\",\"inLanguage\":\"es\",\"@id\":\"https:\\\/\\\/sonomalandtrust.org\\\/es\\\/blog\\\/una-vida-enraizada-en-la-naturaleza-conoce-a-sarah-reid-miembro-de-la-liga-del-legado\\\/#primaryimage\",\"url\":\"https:\\\/\\\/sonomalandtrust.org\\\/wp-content\\\/uploads\\\/2025\\\/06\\\/legacy-league-member-sarah-reid.jpg\",\"contentUrl\":\"https:\\\/\\\/sonomalandtrust.org\\\/wp-content\\\/uploads\\\/2025\\\/06\\\/legacy-league-member-sarah-reid.jpg\",\"width\":1556,\"height\":964},{\"@type\":\"BreadcrumbList\",\"@id\":\"https:\\\/\\\/sonomalandtrust.org\\\/es\\\/blog\\\/una-vida-enraizada-en-la-naturaleza-conoce-a-sarah-reid-miembro-de-la-liga-del-legado\\\/#breadcrumb\",\"itemListElement\":[{\"@type\":\"ListItem\",\"position\":1,\"name\":\"Home\",\"item\":\"https:\\\/\\\/sonomalandtrust.org\\\/es\\\/inicio\\\/\"},{\"@type\":\"ListItem\",\"position\":2,\"name\":\"Una vida enraizada en la naturaleza: conoce a Sarah Reid, miembro de la Liga del Legado\"}]},{\"@type\":\"WebSite\",\"@id\":\"https:\\\/\\\/slt-2026.eclipse-dev.com\\\/#website\",\"url\":\"https:\\\/\\\/slt-2026.eclipse-dev.com\\\/\",\"name\":\"Sonoma Land Trust\",\"description\":\"\",\"publisher\":{\"@id\":\"https:\\\/\\\/slt-2026.eclipse-dev.com\\\/#organization\"},\"potentialAction\":[{\"@type\":\"SearchAction\",\"target\":{\"@type\":\"EntryPoint\",\"urlTemplate\":\"https:\\\/\\\/slt-2026.eclipse-dev.com\\\/?s={search_term_string}\"},\"query-input\":{\"@type\":\"PropertyValueSpecification\",\"valueRequired\":true,\"valueName\":\"search_term_string\"}}],\"inLanguage\":\"es\"},{\"@type\":\"Organization\",\"@id\":\"https:\\\/\\\/slt-2026.eclipse-dev.com\\\/#organization\",\"name\":\"Fondo de Tierras de Sonoma\",\"url\":\"https:\\\/\\\/slt-2026.eclipse-dev.com\\\/\",\"logo\":{\"@type\":\"ImageObject\",\"inLanguage\":\"es\",\"@id\":\"https:\\\/\\\/slt-2026.eclipse-dev.com\\\/#\\\/schema\\\/logo\\\/image\\\/\",\"url\":\"https:\\\/\\\/sonomalandtrust.org\\\/wp-content\\\/uploads\\\/2025\\\/10\\\/slt-logo.png\",\"contentUrl\":\"https:\\\/\\\/sonomalandtrust.org\\\/wp-content\\\/uploads\\\/2025\\\/10\\\/slt-logo.png\",\"width\":549,\"height\":333,\"caption\":\"Fondo de Tierras de Sonoma\"},\"image\":{\"@id\":\"https:\\\/\\\/slt-2026.eclipse-dev.com\\\/#\\\/schema\\\/logo\\\/image\\\/\"},\"sameAs\":[\"http:\\\/\\\/www.facebook.com\\\/Sonoma-Land-Trust\\\/\",\"https:\\\/\\\/www.instagram.com\\\/sonomalandtrust\\\/\",\"https:\\\/\\\/bsky.app\\\/profile\\\/sonomalandtrust.bsky.social\",\"https:\\\/\\\/www.youtube.com\\\/user\\\/SonomaLandTrust\\\/\",\"http:\\\/\\\/www.linkedin.com\\\/company\\\/1090048?trk=tyah\"]},{\"@type\":\"Person\",\"@id\":\"https:\\\/\\\/slt-2026.eclipse-dev.com\\\/#\\\/schema\\\/person\\\/c289b2019a1bd6706f93278c6def96b7\",\"name\":\"eclipse\",\"image\":{\"@type\":\"ImageObject\",\"inLanguage\":\"es\",\"@id\":\"https:\\\/\\\/secure.gravatar.com\\\/avatar\\\/a57eb78d56d01cafd540f163cbd4c579fb8c9fffb50c37d90cc94108dbdf7a0e?s=96&d=mm&r=g\",\"url\":\"https:\\\/\\\/secure.gravatar.com\\\/avatar\\\/a57eb78d56d01cafd540f163cbd4c579fb8c9fffb50c37d90cc94108dbdf7a0e?s=96&d=mm&r=g\",\"contentUrl\":\"https:\\\/\\\/secure.gravatar.com\\\/avatar\\\/a57eb78d56d01cafd540f163cbd4c579fb8c9fffb50c37d90cc94108dbdf7a0e?s=96&d=mm&r=g\",\"caption\":\"eclipse\"},\"sameAs\":[\"http:\\\/\\\/sonomalandtrust.org\"]}]}<\/script>\n<!-- \/ Yoast SEO plugin. -->","yoast_head_json":{"title":"Una vida enraizada en la naturaleza: conoce a Sarah Reid, miembro de la Liga del Legado &#8212; Sonoma Land Trust","description":"Para Sarah Reid, la naturaleza siempre ha sido algo m\u00e1s que un lugar de visita: es una forma de vida. Al crecer en el condado de Sonoma, el amor de Sarah","robots":{"index":"index","follow":"follow","max-snippet":"max-snippet:-1","max-image-preview":"max-image-preview:large","max-video-preview":"max-video-preview:-1"},"canonical":"https:\/\/sonomalandtrust.org\/es\/blog\/una-vida-enraizada-en-la-naturaleza-conoce-a-sarah-reid-miembro-de-la-liga-del-legado\/","og_locale":"es_ES","og_type":"article","og_title":"Una vida enraizada en la naturaleza: conoce a Sarah Reid, miembro de la Liga del Legado &#8212; Sonoma Land Trust","og_description":"Para Sarah Reid, la naturaleza siempre ha sido algo m\u00e1s que un lugar de visita: es una forma de vida. Al crecer en el condado de Sonoma, el amor de Sarah","og_url":"https:\/\/sonomalandtrust.org\/es\/blog\/una-vida-enraizada-en-la-naturaleza-conoce-a-sarah-reid-miembro-de-la-liga-del-legado\/","og_site_name":"Sonoma Land Trust","article_publisher":"http:\/\/www.facebook.com\/Sonoma-Land-Trust\/","article_published_time":"2025-06-03T23:11:00+00:00","article_modified_time":"2026-03-13T16:49:50+00:00","og_image":[{"width":1556,"height":964,"url":"https:\/\/slt-2026.eclipse-dev.com\/wp-content\/uploads\/2025\/06\/legacy-league-member-sarah-reid.jpg","type":"image\/jpeg"}],"twitter_card":"summary_large_image","twitter_misc":{"Written by":"eclipse","Est. reading time":"2 minuto"},"schema":{"@context":"https:\/\/schema.org","@graph":[{"@type":"Article","@id":"https:\/\/sonomalandtrust.org\/es\/blog\/una-vida-enraizada-en-la-naturaleza-conoce-a-sarah-reid-miembro-de-la-liga-del-legado\/#article","isPartOf":{"@id":"https:\/\/sonomalandtrust.org\/es\/blog\/una-vida-enraizada-en-la-naturaleza-conoce-a-sarah-reid-miembro-de-la-liga-del-legado\/"},"author":{"name":"eclipse","@id":"https:\/\/slt-2026.eclipse-dev.com\/#\/schema\/person\/c289b2019a1bd6706f93278c6def96b7"},"headline":"Una vida enraizada en la naturaleza: conoce a Sarah Reid, miembro de la Liga del Legado","datePublished":"2025-06-03T23:11:00+00:00","dateModified":"2026-03-13T16:49:50+00:00","mainEntityOfPage":{"@id":"https:\/\/sonomalandtrust.org\/es\/blog\/una-vida-enraizada-en-la-naturaleza-conoce-a-sarah-reid-miembro-de-la-liga-del-legado\/"},"wordCount":436,"publisher":{"@id":"https:\/\/slt-2026.eclipse-dev.com\/#organization"},"image":{"@id":"https:\/\/sonomalandtrust.org\/es\/blog\/una-vida-enraizada-en-la-naturaleza-conoce-a-sarah-reid-miembro-de-la-liga-del-legado\/#primaryimage"},"thumbnailUrl":"https:\/\/sonomalandtrust.org\/wp-content\/uploads\/2025\/06\/legacy-league-member-sarah-reid.jpg","articleSection":["eNoticias","Miembros y simpatizantes"],"inLanguage":"es"},{"@type":"WebPage","@id":"https:\/\/sonomalandtrust.org\/es\/blog\/una-vida-enraizada-en-la-naturaleza-conoce-a-sarah-reid-miembro-de-la-liga-del-legado\/","url":"https:\/\/sonomalandtrust.org\/es\/blog\/una-vida-enraizada-en-la-naturaleza-conoce-a-sarah-reid-miembro-de-la-liga-del-legado\/","name":"Una vida enraizada en la naturaleza: conoce a Sarah Reid, miembro de la Liga del Legado &#8212; Sonoma Land Trust","isPartOf":{"@id":"https:\/\/slt-2026.eclipse-dev.com\/#website"},"primaryImageOfPage":{"@id":"https:\/\/sonomalandtrust.org\/es\/blog\/una-vida-enraizada-en-la-naturaleza-conoce-a-sarah-reid-miembro-de-la-liga-del-legado\/#primaryimage"},"image":{"@id":"https:\/\/sonomalandtrust.org\/es\/blog\/una-vida-enraizada-en-la-naturaleza-conoce-a-sarah-reid-miembro-de-la-liga-del-legado\/#primaryimage"},"thumbnailUrl":"https:\/\/sonomalandtrust.org\/wp-content\/uploads\/2025\/06\/legacy-league-member-sarah-reid.jpg","datePublished":"2025-06-03T23:11:00+00:00","dateModified":"2026-03-13T16:49:50+00:00","description":"Para Sarah Reid, la naturaleza siempre ha sido algo m\u00e1s que un lugar de visita: es una forma de vida. Al crecer en el condado de Sonoma, el amor de Sarah","breadcrumb":{"@id":"https:\/\/sonomalandtrust.org\/es\/blog\/una-vida-enraizada-en-la-naturaleza-conoce-a-sarah-reid-miembro-de-la-liga-del-legado\/#breadcrumb"},"inLanguage":"es","potentialAction":[{"@type":"ReadAction","target":["https:\/\/sonomalandtrust.org\/es\/blog\/una-vida-enraizada-en-la-naturaleza-conoce-a-sarah-reid-miembro-de-la-liga-del-legado\/"]}]},{"@type":"ImageObject","inLanguage":"es","@id":"https:\/\/sonomalandtrust.org\/es\/blog\/una-vida-enraizada-en-la-naturaleza-conoce-a-sarah-reid-miembro-de-la-liga-del-legado\/#primaryimage","url":"https:\/\/sonomalandtrust.org\/wp-content\/uploads\/2025\/06\/legacy-league-member-sarah-reid.jpg","contentUrl":"https:\/\/sonomalandtrust.org\/wp-content\/uploads\/2025\/06\/legacy-league-member-sarah-reid.jpg","width":1556,"height":964},{"@type":"BreadcrumbList","@id":"https:\/\/sonomalandtrust.org\/es\/blog\/una-vida-enraizada-en-la-naturaleza-conoce-a-sarah-reid-miembro-de-la-liga-del-legado\/#breadcrumb","itemListElement":[{"@type":"ListItem","position":1,"name":"Home","item":"https:\/\/sonomalandtrust.org\/es\/inicio\/"},{"@type":"ListItem","position":2,"name":"Una vida enraizada en la naturaleza: conoce a Sarah Reid, miembro de la Liga del Legado"}]},{"@type":"WebSite","@id":"https:\/\/slt-2026.eclipse-dev.com\/#website","url":"https:\/\/slt-2026.eclipse-dev.com\/","name":"Sonoma Land Trust","description":"","publisher":{"@id":"https:\/\/slt-2026.eclipse-dev.com\/#organization"},"potentialAction":[{"@type":"SearchAction","target":{"@type":"EntryPoint","urlTemplate":"https:\/\/slt-2026.eclipse-dev.com\/?s={search_term_string}"},"query-input":{"@type":"PropertyValueSpecification","valueRequired":true,"valueName":"search_term_string"}}],"inLanguage":"es"},{"@type":"Organization","@id":"https:\/\/slt-2026.eclipse-dev.com\/#organization","name":"Fondo de Tierras de Sonoma","url":"https:\/\/slt-2026.eclipse-dev.com\/","logo":{"@type":"ImageObject","inLanguage":"es","@id":"https:\/\/slt-2026.eclipse-dev.com\/#\/schema\/logo\/image\/","url":"https:\/\/sonomalandtrust.org\/wp-content\/uploads\/2025\/10\/slt-logo.png","contentUrl":"https:\/\/sonomalandtrust.org\/wp-content\/uploads\/2025\/10\/slt-logo.png","width":549,"height":333,"caption":"Fondo de Tierras de Sonoma"},"image":{"@id":"https:\/\/slt-2026.eclipse-dev.com\/#\/schema\/logo\/image\/"},"sameAs":["http:\/\/www.facebook.com\/Sonoma-Land-Trust\/","https:\/\/www.instagram.com\/sonomalandtrust\/","https:\/\/bsky.app\/profile\/sonomalandtrust.bsky.social","https:\/\/www.youtube.com\/user\/SonomaLandTrust\/","http:\/\/www.linkedin.com\/company\/1090048?trk=tyah"]},{"@type":"Person","@id":"https:\/\/slt-2026.eclipse-dev.com\/#\/schema\/person\/c289b2019a1bd6706f93278c6def96b7","name":"eclipse","image":{"@type":"ImageObject","inLanguage":"es","@id":"https:\/\/secure.gravatar.com\/avatar\/a57eb78d56d01cafd540f163cbd4c579fb8c9fffb50c37d90cc94108dbdf7a0e?s=96&d=mm&r=g","url":"https:\/\/secure.gravatar.com\/avatar\/a57eb78d56d01cafd540f163cbd4c579fb8c9fffb50c37d90cc94108dbdf7a0e?s=96&d=mm&r=g","contentUrl":"https:\/\/secure.gravatar.com\/avatar\/a57eb78d56d01cafd540f163cbd4c579fb8c9fffb50c37d90cc94108dbdf7a0e?s=96&d=mm&r=g","caption":"eclipse"},"sameAs":["http:\/\/sonomalandtrust.org"]}]}},"_links":{"self":[{"href":"https:\/\/sonomalandtrust.org\/es\/wp-json\/wp\/v2\/posts\/14044","targetHints":{"allow":["GET"]}}],"collection":[{"href":"https:\/\/sonomalandtrust.org\/es\/wp-json\/wp\/v2\/posts"}],"about":[{"href":"https:\/\/sonomalandtrust.org\/es\/wp-json\/wp\/v2\/types\/post"}],"author":[{"embeddable":true,"href":"https:\/\/sonomalandtrust.org\/es\/wp-json\/wp\/v2\/users\/1"}],"replies":[{"embeddable":true,"href":"https:\/\/sonomalandtrust.org\/es\/wp-json\/wp\/v2\/comments?post=14044"}],"version-history":[{"count":0,"href":"https:\/\/sonomalandtrust.org\/es\/wp-json\/wp\/v2\/posts\/14044\/revisions"}],"wp:featuredmedia":[{"embeddable":true,"href":"https:\/\/sonomalandtrust.org\/es\/wp-json\/wp\/v2\/media\/14048"}],"wp:attachment":[{"href":"https:\/\/sonomalandtrust.org\/es\/wp-json\/wp\/v2\/media?parent=14044"}],"wp:term":[{"taxonomy":"category","embeddable":true,"href":"https:\/\/sonomalandtrust.org\/es\/wp-json\/wp\/v2\/categories?post=14044"},{"taxonomy":"post_tag","embeddable":true,"href":"https:\/\/sonomalandtrust.org\/es\/wp-json\/wp\/v2\/tags?post=14044"}],"curies":[{"name":"wp","href":"https:\/\/api.w.org\/{rel}","templated":true}]}}