{"id":14008,"date":"2026-02-17T16:53:27","date_gmt":"2026-02-18T00:53:27","guid":{"rendered":"https:\/\/sonomalandtrust.org\/blog\/revitalizar-los-barrios-con-relleno-verde\/"},"modified":"2026-03-13T09:46:49","modified_gmt":"2026-03-13T16:46:49","slug":"revitalizar-los-barrios-con-relleno-verde","status":"publish","type":"post","link":"https:\/\/sonomalandtrust.org\/es\/blog\/revitalizar-los-barrios-con-relleno-verde\/","title":{"rendered":"Revitalizar los barrios con \u00abrelleno\u00bb verde"},"content":{"rendered":"\n<p>A menudo o\u00edmos el t\u00e9rmino \u00abrelleno\u00bb en referencia a las urbanizaciones, pero \u00bfy si ese mismo enfoque se aplicara a \u00abrellenar\u00bb nuestros espacios urbanos con \u00e1rboles, plantas y agua? \u00bfPodr\u00edamos transformar espacios yermos en ecosistemas pr\u00f3speros? Quiz\u00e1 la respuesta pueda encontrarse en la idea inicial de transformar una franja de terreno bald\u00edo en medio de Santa Rosa en un corredor verde y vibrante, que proporcione el potencial para esta idea. Una vez planificada como una ampliaci\u00f3n de cuatro carriles de la autopista 12, la <a href=\"https:\/\/southeastgreenway.org\/\">V\u00eda Verde del Sureste de Santa<\/a> Rosa volver\u00e1 a conectar los barrios con la sombra de los \u00e1rboles, proporcionar\u00e1 espacios abiertos de captaci\u00f3n y almacenamiento de agua y aumentar\u00e1 el acceso a temperaturas m\u00e1s frescas templando de forma natural un microclima urbano.   <\/p>\n\n<p>Lo que una vez fue un sue\u00f1o compartido por un pu\u00f1ado de residentes locales ha progresado hasta convertirse en una visi\u00f3n de un parque central que ahora es ampliamente defendido, y financiado, por los miembros de la comunidad, el gobierno local y las agencias.<\/p>\n\n<p>Tras m\u00e1s de una d\u00e9cada de planificaci\u00f3n, y con una extensi\u00f3n de m\u00e1s de 47 acres, este corredor vac\u00edo de tres kil\u00f3metros est\u00e1 por fin en la recta final de su transformaci\u00f3n en un extenso parque en el coraz\u00f3n de la ciudad m\u00e1s grande del condado de Sonoma: Santa Rosa.<\/p>\n\n<p>El concepto de v\u00edas verdes en las ciudades estadounidenses se remonta al siglo XIX, con planes paisaj\u00edsticos que integraban espacios naturales en entornos urbanos y que se aplicaron en todo el pa\u00eds. Pero a principios del siglo XX, Frederick Law Olmsted vio c\u00f3mo su idea de las v\u00edas verdes peatonales, antes alabada, se ve\u00eda amenazada por la industria del autom\u00f3vil. Al trazar carreteras, cortaron caminos a trav\u00e9s de la naturaleza, perturbando la atm\u00f3sfera pac\u00edfica de los parques de todo el mundo. Ahora, las v\u00edas verdes de todo el pa\u00eds est\u00e1n invirtiendo ese paradigma al convertir las carreteras en v\u00edas verdes peatonales y eliminar las barreras entre comunidades.   <\/p>\n\n<p>La creaci\u00f3n de bosques urbanos que den sombra a viviendas y calles construye conexiones verdes que rompen las islas de calor urbanas y proporcionan numerosos beneficios. Crean un acceso equitativo a temperaturas m\u00e1s frescas y disminuyen el riesgo de enfermedades relacionadas con el calor, exacerbadas por el calentamiento del clima. Bajan las temperaturas en los barrios circundantes, disminuyendo as\u00ed los costes de los servicios p\u00fablicos asociados al funcionamiento constante de las unidades de aire acondicionado. Y los \u00e1rboles maduros producen aire y agua limpios, al tiempo que capturan y almacenan el di\u00f3xido de carbono de nuestras infraestructuras modernas. Las v\u00edas verdes ofrecen ventajas clim\u00e1ticas aparentemente infinitas, como h\u00e1bitat para la fauna salvaje, espacios para la educaci\u00f3n al aire libre, espacio para el recreo, acceso peatonal a parques m\u00e1s grandes y oportunidades para reunirse con los vecinos.    <\/p>\n\n<p>En la <a href=\"https:\/\/sonomacounty.ca.gov\/administrative-support-and-fiscal-services\/county-administrators-office\/climate-action-and-resiliency\/lands\/sonoma-county-climate-resilient-lands-strategy\">Estrategia de Tierras Resilientes al Clima del Condado de Sonoma*,<\/a> hay una lista de criterios para proyectos como la V\u00eda Verde que nos ayudar\u00e1n a aumentar la resiliencia y hacer frente al aumento de las temperaturas mediante espacios abiertos y parques.<\/p>\n\n<p><em>\u00bb Desarrollar amortiguadores verdes con \u00e1rboles de sombra para aliviar el calor. Los amortiguadores verdes con \u00e1rboles de sombra alrededor de las zonas residenciales proporcionan refrigeraci\u00f3n al tiempo que aumentan las superficies permeables, que son importantes durante los episodios de lluvia. Las tierras resistentes -especialmente las tierras muy sombreadas y\/o las que contienen r\u00edos, lagos y costas- proporcionan a los residentes un alivio esencial contra el calor.\u00bb<\/em> (*extracto de la p\u00e1gina 30)<\/p>\n\n<p>Sonoma Land Trust tiene el honor de desempe\u00f1ar un papel en la actualizaci\u00f3n de la V\u00eda Verde del Sureste y su oportunidad no podr\u00eda ser m\u00e1s necesaria mientras buscamos soluciones a un clima que se calienta.<\/p>\n\n<p>Queremos expresar nuestro m\u00e1s sentido p\u00e9same a todos los que comparten la p\u00e9rdida de <a href=\"https:\/\/www.legacy.com\/us\/obituaries\/pressdemocrat\/name\/robert-gaiser-obituary?id=52643415\">Bob Gaiser<\/a>, copresidente de la V\u00eda Verde del Sureste. Echamos de menos su sabidur\u00eda, su actitud positiva, su calidez y su entusiasmo. Fue un compa\u00f1ero durante mucho tiempo y un amigo muy querido, y reflexionamos sobre todo el bien que hizo mientras estuvo con nosotros y reconocemos que la V\u00eda Verde estar\u00e1 siempre ligada a su legado y a su esp\u00edritu perdurable. \u00a1Gracias, Bob!   <\/p>\n","protected":false},"excerpt":{"rendered":"<p>A menudo o\u00edmos el t\u00e9rmino \u00abrelleno\u00bb en referencia a las urbanizaciones, pero \u00bfy si ese mismo enfoque se aplicara a \u00abrellenar\u00bb nuestros espacios urbanos con \u00e1rboles, plantas y agua? \u00bfPodr\u00edamos transformar espacios yermos en ecosistemas pr\u00f3speros? Quiz\u00e1 la respuesta pueda encontrarse en la idea inicial de transformar una franja de terreno bald\u00edo en medio de [&hellip;]<\/p>\n","protected":false},"author":1,"featured_media":14010,"comment_status":"closed","ping_status":"closed","sticky":false,"template":"","format":"standard","meta":{"_acf_changed":false,"footnotes":""},"categories":[108,85],"tags":[],"class_list":["post-14008","post","type-post","status-publish","format-standard","has-post-thumbnail","hentry","category-actualizaciones-de-la-organizacion","category-enoticias"],"acf":[],"yoast_head":"<!-- This site is optimized with the Yoast SEO plugin v27.3 - https:\/\/yoast.com\/product\/yoast-seo-wordpress\/ -->\n<title>Revitalizar los barrios con &quot;relleno&quot; verde &#8212; Sonoma Land Trust<\/title>\n<meta name=\"description\" content=\"A menudo o\u00edmos el t\u00e9rmino &quot;relleno&quot; en referencia a las urbanizaciones, pero \u00bfy si ese mismo enfoque se aplicara a &quot;rellenar&quot; nuestros espacios urbanos\" \/>\n<meta name=\"robots\" content=\"index, follow, max-snippet:-1, max-image-preview:large, max-video-preview:-1\" \/>\n<link rel=\"canonical\" href=\"https:\/\/sonomalandtrust.org\/es\/blog\/revitalizar-los-barrios-con-relleno-verde\/\" \/>\n<meta property=\"og:locale\" content=\"es_ES\" \/>\n<meta property=\"og:type\" content=\"article\" \/>\n<meta property=\"og:title\" content=\"Revitalizar los barrios con &quot;relleno&quot; verde &#8212; Sonoma Land Trust\" \/>\n<meta property=\"og:description\" content=\"A menudo o\u00edmos el t\u00e9rmino &quot;relleno&quot; en referencia a las urbanizaciones, pero \u00bfy si ese mismo enfoque se aplicara a &quot;rellenar&quot; nuestros espacios urbanos\" \/>\n<meta property=\"og:url\" content=\"https:\/\/sonomalandtrust.org\/es\/blog\/revitalizar-los-barrios-con-relleno-verde\/\" \/>\n<meta property=\"og:site_name\" content=\"Sonoma Land Trust\" \/>\n<meta property=\"article:publisher\" content=\"http:\/\/www.facebook.com\/Sonoma-Land-Trust\/\" \/>\n<meta property=\"article:published_time\" content=\"2026-02-18T00:53:27+00:00\" \/>\n<meta property=\"article:modified_time\" content=\"2026-03-13T16:46:49+00:00\" \/>\n<meta property=\"og:image\" content=\"https:\/\/slt-2026.eclipse-dev.com\/wp-content\/uploads\/2026\/02\/aerial-santa-rosa-southeast-greenway-1-1024x634.jpg\" \/>\n\t<meta property=\"og:image:width\" content=\"1024\" \/>\n\t<meta property=\"og:image:height\" content=\"634\" \/>\n\t<meta property=\"og:image:type\" content=\"image\/jpeg\" \/>\n<meta name=\"twitter:card\" content=\"summary_large_image\" \/>\n<meta name=\"twitter:label1\" content=\"Written by\" \/>\n\t<meta name=\"twitter:data1\" content=\"eclipse\" \/>\n\t<meta name=\"twitter:label2\" content=\"Est. reading time\" \/>\n\t<meta name=\"twitter:data2\" content=\"4 minuto\" \/>\n<script type=\"application\/ld+json\" class=\"yoast-schema-graph\">{\"@context\":\"https:\\\/\\\/schema.org\",\"@graph\":[{\"@type\":\"Article\",\"@id\":\"https:\\\/\\\/sonomalandtrust.org\\\/es\\\/blog\\\/revitalizar-los-barrios-con-relleno-verde\\\/#article\",\"isPartOf\":{\"@id\":\"https:\\\/\\\/sonomalandtrust.org\\\/es\\\/blog\\\/revitalizar-los-barrios-con-relleno-verde\\\/\"},\"author\":{\"name\":\"eclipse\",\"@id\":\"https:\\\/\\\/slt-2026.eclipse-dev.com\\\/#\\\/schema\\\/person\\\/c289b2019a1bd6706f93278c6def96b7\"},\"headline\":\"Revitalizar los barrios con \u00abrelleno\u00bb verde\",\"datePublished\":\"2026-02-18T00:53:27+00:00\",\"dateModified\":\"2026-03-13T16:46:49+00:00\",\"mainEntityOfPage\":{\"@id\":\"https:\\\/\\\/sonomalandtrust.org\\\/es\\\/blog\\\/revitalizar-los-barrios-con-relleno-verde\\\/\"},\"wordCount\":758,\"publisher\":{\"@id\":\"https:\\\/\\\/slt-2026.eclipse-dev.com\\\/#organization\"},\"image\":{\"@id\":\"https:\\\/\\\/sonomalandtrust.org\\\/es\\\/blog\\\/revitalizar-los-barrios-con-relleno-verde\\\/#primaryimage\"},\"thumbnailUrl\":\"https:\\\/\\\/sonomalandtrust.org\\\/wp-content\\\/uploads\\\/2026\\\/02\\\/aerial-santa-rosa-southeast-greenway-1.jpg\",\"articleSection\":[\"Actualizaciones de la organizaci\u00f3n\",\"eNoticias\"],\"inLanguage\":\"es\"},{\"@type\":\"WebPage\",\"@id\":\"https:\\\/\\\/sonomalandtrust.org\\\/es\\\/blog\\\/revitalizar-los-barrios-con-relleno-verde\\\/\",\"url\":\"https:\\\/\\\/sonomalandtrust.org\\\/es\\\/blog\\\/revitalizar-los-barrios-con-relleno-verde\\\/\",\"name\":\"Revitalizar los barrios con \\\"relleno\\\" verde &#8212; Sonoma Land Trust\",\"isPartOf\":{\"@id\":\"https:\\\/\\\/slt-2026.eclipse-dev.com\\\/#website\"},\"primaryImageOfPage\":{\"@id\":\"https:\\\/\\\/sonomalandtrust.org\\\/es\\\/blog\\\/revitalizar-los-barrios-con-relleno-verde\\\/#primaryimage\"},\"image\":{\"@id\":\"https:\\\/\\\/sonomalandtrust.org\\\/es\\\/blog\\\/revitalizar-los-barrios-con-relleno-verde\\\/#primaryimage\"},\"thumbnailUrl\":\"https:\\\/\\\/sonomalandtrust.org\\\/wp-content\\\/uploads\\\/2026\\\/02\\\/aerial-santa-rosa-southeast-greenway-1.jpg\",\"datePublished\":\"2026-02-18T00:53:27+00:00\",\"dateModified\":\"2026-03-13T16:46:49+00:00\",\"description\":\"A menudo o\u00edmos el t\u00e9rmino \\\"relleno\\\" en referencia a las urbanizaciones, pero \u00bfy si ese mismo enfoque se aplicara a \\\"rellenar\\\" nuestros espacios urbanos\",\"breadcrumb\":{\"@id\":\"https:\\\/\\\/sonomalandtrust.org\\\/es\\\/blog\\\/revitalizar-los-barrios-con-relleno-verde\\\/#breadcrumb\"},\"inLanguage\":\"es\",\"potentialAction\":[{\"@type\":\"ReadAction\",\"target\":[\"https:\\\/\\\/sonomalandtrust.org\\\/es\\\/blog\\\/revitalizar-los-barrios-con-relleno-verde\\\/\"]}]},{\"@type\":\"ImageObject\",\"inLanguage\":\"es\",\"@id\":\"https:\\\/\\\/sonomalandtrust.org\\\/es\\\/blog\\\/revitalizar-los-barrios-con-relleno-verde\\\/#primaryimage\",\"url\":\"https:\\\/\\\/sonomalandtrust.org\\\/wp-content\\\/uploads\\\/2026\\\/02\\\/aerial-santa-rosa-southeast-greenway-1.jpg\",\"contentUrl\":\"https:\\\/\\\/sonomalandtrust.org\\\/wp-content\\\/uploads\\\/2026\\\/02\\\/aerial-santa-rosa-southeast-greenway-1.jpg\",\"width\":1556,\"height\":964,\"caption\":\"Vista a\u00e9rea de la V\u00eda Verde del Sureste de Santa Rosa y sus alrededores.\"},{\"@type\":\"BreadcrumbList\",\"@id\":\"https:\\\/\\\/sonomalandtrust.org\\\/es\\\/blog\\\/revitalizar-los-barrios-con-relleno-verde\\\/#breadcrumb\",\"itemListElement\":[{\"@type\":\"ListItem\",\"position\":1,\"name\":\"Home\",\"item\":\"https:\\\/\\\/sonomalandtrust.org\\\/es\\\/inicio\\\/\"},{\"@type\":\"ListItem\",\"position\":2,\"name\":\"Revitalizar los barrios con &#8220;relleno&#8221; verde\"}]},{\"@type\":\"WebSite\",\"@id\":\"https:\\\/\\\/slt-2026.eclipse-dev.com\\\/#website\",\"url\":\"https:\\\/\\\/slt-2026.eclipse-dev.com\\\/\",\"name\":\"Sonoma Land Trust\",\"description\":\"\",\"publisher\":{\"@id\":\"https:\\\/\\\/slt-2026.eclipse-dev.com\\\/#organization\"},\"potentialAction\":[{\"@type\":\"SearchAction\",\"target\":{\"@type\":\"EntryPoint\",\"urlTemplate\":\"https:\\\/\\\/slt-2026.eclipse-dev.com\\\/?s={search_term_string}\"},\"query-input\":{\"@type\":\"PropertyValueSpecification\",\"valueRequired\":true,\"valueName\":\"search_term_string\"}}],\"inLanguage\":\"es\"},{\"@type\":\"Organization\",\"@id\":\"https:\\\/\\\/slt-2026.eclipse-dev.com\\\/#organization\",\"name\":\"Fondo de Tierras de Sonoma\",\"url\":\"https:\\\/\\\/slt-2026.eclipse-dev.com\\\/\",\"logo\":{\"@type\":\"ImageObject\",\"inLanguage\":\"es\",\"@id\":\"https:\\\/\\\/slt-2026.eclipse-dev.com\\\/#\\\/schema\\\/logo\\\/image\\\/\",\"url\":\"https:\\\/\\\/sonomalandtrust.org\\\/wp-content\\\/uploads\\\/2025\\\/10\\\/slt-logo.png\",\"contentUrl\":\"https:\\\/\\\/sonomalandtrust.org\\\/wp-content\\\/uploads\\\/2025\\\/10\\\/slt-logo.png\",\"width\":549,\"height\":333,\"caption\":\"Fondo de Tierras de Sonoma\"},\"image\":{\"@id\":\"https:\\\/\\\/slt-2026.eclipse-dev.com\\\/#\\\/schema\\\/logo\\\/image\\\/\"},\"sameAs\":[\"http:\\\/\\\/www.facebook.com\\\/Sonoma-Land-Trust\\\/\",\"https:\\\/\\\/www.instagram.com\\\/sonomalandtrust\\\/\",\"https:\\\/\\\/bsky.app\\\/profile\\\/sonomalandtrust.bsky.social\",\"https:\\\/\\\/www.youtube.com\\\/user\\\/SonomaLandTrust\\\/\",\"http:\\\/\\\/www.linkedin.com\\\/company\\\/1090048?trk=tyah\"]},{\"@type\":\"Person\",\"@id\":\"https:\\\/\\\/slt-2026.eclipse-dev.com\\\/#\\\/schema\\\/person\\\/c289b2019a1bd6706f93278c6def96b7\",\"name\":\"eclipse\",\"image\":{\"@type\":\"ImageObject\",\"inLanguage\":\"es\",\"@id\":\"https:\\\/\\\/secure.gravatar.com\\\/avatar\\\/a57eb78d56d01cafd540f163cbd4c579fb8c9fffb50c37d90cc94108dbdf7a0e?s=96&d=mm&r=g\",\"url\":\"https:\\\/\\\/secure.gravatar.com\\\/avatar\\\/a57eb78d56d01cafd540f163cbd4c579fb8c9fffb50c37d90cc94108dbdf7a0e?s=96&d=mm&r=g\",\"contentUrl\":\"https:\\\/\\\/secure.gravatar.com\\\/avatar\\\/a57eb78d56d01cafd540f163cbd4c579fb8c9fffb50c37d90cc94108dbdf7a0e?s=96&d=mm&r=g\",\"caption\":\"eclipse\"},\"sameAs\":[\"http:\\\/\\\/sonomalandtrust.org\"]}]}<\/script>\n<!-- \/ Yoast SEO plugin. -->","yoast_head_json":{"title":"Revitalizar los barrios con \"relleno\" verde &#8212; Sonoma Land Trust","description":"A menudo o\u00edmos el t\u00e9rmino \"relleno\" en referencia a las urbanizaciones, pero \u00bfy si ese mismo enfoque se aplicara a \"rellenar\" nuestros espacios urbanos","robots":{"index":"index","follow":"follow","max-snippet":"max-snippet:-1","max-image-preview":"max-image-preview:large","max-video-preview":"max-video-preview:-1"},"canonical":"https:\/\/sonomalandtrust.org\/es\/blog\/revitalizar-los-barrios-con-relleno-verde\/","og_locale":"es_ES","og_type":"article","og_title":"Revitalizar los barrios con \"relleno\" verde &#8212; Sonoma Land Trust","og_description":"A menudo o\u00edmos el t\u00e9rmino \"relleno\" en referencia a las urbanizaciones, pero \u00bfy si ese mismo enfoque se aplicara a \"rellenar\" nuestros espacios urbanos","og_url":"https:\/\/sonomalandtrust.org\/es\/blog\/revitalizar-los-barrios-con-relleno-verde\/","og_site_name":"Sonoma Land Trust","article_publisher":"http:\/\/www.facebook.com\/Sonoma-Land-Trust\/","article_published_time":"2026-02-18T00:53:27+00:00","article_modified_time":"2026-03-13T16:46:49+00:00","og_image":[{"width":1024,"height":634,"url":"https:\/\/slt-2026.eclipse-dev.com\/wp-content\/uploads\/2026\/02\/aerial-santa-rosa-southeast-greenway-1-1024x634.jpg","type":"image\/jpeg"}],"twitter_card":"summary_large_image","twitter_misc":{"Written by":"eclipse","Est. reading time":"4 minuto"},"schema":{"@context":"https:\/\/schema.org","@graph":[{"@type":"Article","@id":"https:\/\/sonomalandtrust.org\/es\/blog\/revitalizar-los-barrios-con-relleno-verde\/#article","isPartOf":{"@id":"https:\/\/sonomalandtrust.org\/es\/blog\/revitalizar-los-barrios-con-relleno-verde\/"},"author":{"name":"eclipse","@id":"https:\/\/slt-2026.eclipse-dev.com\/#\/schema\/person\/c289b2019a1bd6706f93278c6def96b7"},"headline":"Revitalizar los barrios con \u00abrelleno\u00bb verde","datePublished":"2026-02-18T00:53:27+00:00","dateModified":"2026-03-13T16:46:49+00:00","mainEntityOfPage":{"@id":"https:\/\/sonomalandtrust.org\/es\/blog\/revitalizar-los-barrios-con-relleno-verde\/"},"wordCount":758,"publisher":{"@id":"https:\/\/slt-2026.eclipse-dev.com\/#organization"},"image":{"@id":"https:\/\/sonomalandtrust.org\/es\/blog\/revitalizar-los-barrios-con-relleno-verde\/#primaryimage"},"thumbnailUrl":"https:\/\/sonomalandtrust.org\/wp-content\/uploads\/2026\/02\/aerial-santa-rosa-southeast-greenway-1.jpg","articleSection":["Actualizaciones de la organizaci\u00f3n","eNoticias"],"inLanguage":"es"},{"@type":"WebPage","@id":"https:\/\/sonomalandtrust.org\/es\/blog\/revitalizar-los-barrios-con-relleno-verde\/","url":"https:\/\/sonomalandtrust.org\/es\/blog\/revitalizar-los-barrios-con-relleno-verde\/","name":"Revitalizar los barrios con \"relleno\" verde &#8212; Sonoma Land Trust","isPartOf":{"@id":"https:\/\/slt-2026.eclipse-dev.com\/#website"},"primaryImageOfPage":{"@id":"https:\/\/sonomalandtrust.org\/es\/blog\/revitalizar-los-barrios-con-relleno-verde\/#primaryimage"},"image":{"@id":"https:\/\/sonomalandtrust.org\/es\/blog\/revitalizar-los-barrios-con-relleno-verde\/#primaryimage"},"thumbnailUrl":"https:\/\/sonomalandtrust.org\/wp-content\/uploads\/2026\/02\/aerial-santa-rosa-southeast-greenway-1.jpg","datePublished":"2026-02-18T00:53:27+00:00","dateModified":"2026-03-13T16:46:49+00:00","description":"A menudo o\u00edmos el t\u00e9rmino \"relleno\" en referencia a las urbanizaciones, pero \u00bfy si ese mismo enfoque se aplicara a \"rellenar\" nuestros espacios urbanos","breadcrumb":{"@id":"https:\/\/sonomalandtrust.org\/es\/blog\/revitalizar-los-barrios-con-relleno-verde\/#breadcrumb"},"inLanguage":"es","potentialAction":[{"@type":"ReadAction","target":["https:\/\/sonomalandtrust.org\/es\/blog\/revitalizar-los-barrios-con-relleno-verde\/"]}]},{"@type":"ImageObject","inLanguage":"es","@id":"https:\/\/sonomalandtrust.org\/es\/blog\/revitalizar-los-barrios-con-relleno-verde\/#primaryimage","url":"https:\/\/sonomalandtrust.org\/wp-content\/uploads\/2026\/02\/aerial-santa-rosa-southeast-greenway-1.jpg","contentUrl":"https:\/\/sonomalandtrust.org\/wp-content\/uploads\/2026\/02\/aerial-santa-rosa-southeast-greenway-1.jpg","width":1556,"height":964,"caption":"Vista a\u00e9rea de la V\u00eda Verde del Sureste de Santa Rosa y sus alrededores."},{"@type":"BreadcrumbList","@id":"https:\/\/sonomalandtrust.org\/es\/blog\/revitalizar-los-barrios-con-relleno-verde\/#breadcrumb","itemListElement":[{"@type":"ListItem","position":1,"name":"Home","item":"https:\/\/sonomalandtrust.org\/es\/inicio\/"},{"@type":"ListItem","position":2,"name":"Revitalizar los barrios con &#8220;relleno&#8221; verde"}]},{"@type":"WebSite","@id":"https:\/\/slt-2026.eclipse-dev.com\/#website","url":"https:\/\/slt-2026.eclipse-dev.com\/","name":"Sonoma Land Trust","description":"","publisher":{"@id":"https:\/\/slt-2026.eclipse-dev.com\/#organization"},"potentialAction":[{"@type":"SearchAction","target":{"@type":"EntryPoint","urlTemplate":"https:\/\/slt-2026.eclipse-dev.com\/?s={search_term_string}"},"query-input":{"@type":"PropertyValueSpecification","valueRequired":true,"valueName":"search_term_string"}}],"inLanguage":"es"},{"@type":"Organization","@id":"https:\/\/slt-2026.eclipse-dev.com\/#organization","name":"Fondo de Tierras de Sonoma","url":"https:\/\/slt-2026.eclipse-dev.com\/","logo":{"@type":"ImageObject","inLanguage":"es","@id":"https:\/\/slt-2026.eclipse-dev.com\/#\/schema\/logo\/image\/","url":"https:\/\/sonomalandtrust.org\/wp-content\/uploads\/2025\/10\/slt-logo.png","contentUrl":"https:\/\/sonomalandtrust.org\/wp-content\/uploads\/2025\/10\/slt-logo.png","width":549,"height":333,"caption":"Fondo de Tierras de Sonoma"},"image":{"@id":"https:\/\/slt-2026.eclipse-dev.com\/#\/schema\/logo\/image\/"},"sameAs":["http:\/\/www.facebook.com\/Sonoma-Land-Trust\/","https:\/\/www.instagram.com\/sonomalandtrust\/","https:\/\/bsky.app\/profile\/sonomalandtrust.bsky.social","https:\/\/www.youtube.com\/user\/SonomaLandTrust\/","http:\/\/www.linkedin.com\/company\/1090048?trk=tyah"]},{"@type":"Person","@id":"https:\/\/slt-2026.eclipse-dev.com\/#\/schema\/person\/c289b2019a1bd6706f93278c6def96b7","name":"eclipse","image":{"@type":"ImageObject","inLanguage":"es","@id":"https:\/\/secure.gravatar.com\/avatar\/a57eb78d56d01cafd540f163cbd4c579fb8c9fffb50c37d90cc94108dbdf7a0e?s=96&d=mm&r=g","url":"https:\/\/secure.gravatar.com\/avatar\/a57eb78d56d01cafd540f163cbd4c579fb8c9fffb50c37d90cc94108dbdf7a0e?s=96&d=mm&r=g","contentUrl":"https:\/\/secure.gravatar.com\/avatar\/a57eb78d56d01cafd540f163cbd4c579fb8c9fffb50c37d90cc94108dbdf7a0e?s=96&d=mm&r=g","caption":"eclipse"},"sameAs":["http:\/\/sonomalandtrust.org"]}]}},"_links":{"self":[{"href":"https:\/\/sonomalandtrust.org\/es\/wp-json\/wp\/v2\/posts\/14008","targetHints":{"allow":["GET"]}}],"collection":[{"href":"https:\/\/sonomalandtrust.org\/es\/wp-json\/wp\/v2\/posts"}],"about":[{"href":"https:\/\/sonomalandtrust.org\/es\/wp-json\/wp\/v2\/types\/post"}],"author":[{"embeddable":true,"href":"https:\/\/sonomalandtrust.org\/es\/wp-json\/wp\/v2\/users\/1"}],"replies":[{"embeddable":true,"href":"https:\/\/sonomalandtrust.org\/es\/wp-json\/wp\/v2\/comments?post=14008"}],"version-history":[{"count":0,"href":"https:\/\/sonomalandtrust.org\/es\/wp-json\/wp\/v2\/posts\/14008\/revisions"}],"wp:featuredmedia":[{"embeddable":true,"href":"https:\/\/sonomalandtrust.org\/es\/wp-json\/wp\/v2\/media\/14010"}],"wp:attachment":[{"href":"https:\/\/sonomalandtrust.org\/es\/wp-json\/wp\/v2\/media?parent=14008"}],"wp:term":[{"taxonomy":"category","embeddable":true,"href":"https:\/\/sonomalandtrust.org\/es\/wp-json\/wp\/v2\/categories?post=14008"},{"taxonomy":"post_tag","embeddable":true,"href":"https:\/\/sonomalandtrust.org\/es\/wp-json\/wp\/v2\/tags?post=14008"}],"curies":[{"name":"wp","href":"https:\/\/api.w.org\/{rel}","templated":true}]}}