{"id":13495,"date":"2019-09-04T23:46:48","date_gmt":"2019-09-05T06:46:48","guid":{"rendered":"https:\/\/sonomalandtrust.org\/news\/sonoma-land-trust-adopta-un-plan-decenal-de-diversidad-equidad-e-inclusion\/"},"modified":"2026-03-09T11:38:13","modified_gmt":"2026-03-09T18:38:13","slug":"sonoma-land-trust-adopta-un-plan-decenal-de-diversidad-equidad-e-inclusion","status":"publish","type":"news","link":"https:\/\/sonomalandtrust.org\/es\/news\/sonoma-land-trust-adopta-un-plan-decenal-de-diversidad-equidad-e-inclusion\/","title":{"rendered":"Sonoma Land Trust adopta un plan decenal de Diversidad, Equidad e Inclusi\u00f3n"},"content":{"rendered":"\n<div class=\"wp-block-columns is-layout-flex wp-container-core-columns-is-layout-28f84493 wp-block-columns-is-layout-flex\">\n<div class=\"wp-block-column is-layout-flow wp-block-column-is-layout-flow\" style=\"flex-basis:33.33%\">\n<figure class=\"wp-block-image size-large\"><a href=\"https:\/\/sonomalandtrust.org\/wp-content\/uploads\/2019\/08\/Jenner-Al-Aire-Libre-FB-6-22-19_cMh-6-1.jpg\"><img decoding=\"async\" src=\"https:\/\/sonomalandtrust.org\/wp-content\/uploads\/2019\/08\/Jenner-Al-Aire-Libre-FB-6-22-19_cMh-6-1.jpg\" alt=\"\" class=\"wp-image-32154\"\/><\/a><\/figure>\n\n\n\n<hr class=\"wp-block-separator\"\/>\n\n\n\n<h5 class=\"wp-block-heading\"><strong>CONTACTO:<\/strong><\/h5>\n\n\n\n<p><meta http-equiv=\"content-type\" content=\"text\/html; charset=utf-8\"\/><strong>Sean Dowdall<br\/><\/strong>Presidente, Landis PR<br\/><a href=\"mailto:sean@landispr.com\">sean@landispr.com<\/a><\/p>\n<\/div>\n\n\n\n<div class=\"wp-block-column is-layout-flow wp-block-column-is-layout-flow\" style=\"flex-basis:66.66%\">\n<p>SANTA ROSA, CALIFORNIA<strong> &#8211;<\/strong>Para cumplir la misi\u00f3n de Sonoma Land Trust de proteger para siempre la tierra del condado de Sonoma, necesitamos un conjunto de voces que reflejen nuestra comunidad encarnada en nuestra organizaci\u00f3n, desde la junta directiva y el personal hasta los socios y simpatizantes. En 2016, un grupo de seis fideicomisos de tierras de California, incluido Sonoma Land Trust, acordaron ser <em>los primeros en adoptar <\/em>la iniciativa <em>Horizontes de Conservaci\u00f3n<\/em> de la Coalici\u00f3n de Fideicomisos de Tierras de California (CCLT) para desarrollar planes de Diversidad, Equidad e Inclusi\u00f3n (DEI) espec\u00edficos para cada organizaci\u00f3n. Tras tres a\u00f1os de formaci\u00f3n y planificaci\u00f3n, Sonoma Land Trust ha elaborado un plan DEI a 10 a\u00f1os, que acaba de ser aprobado por unanimidad por nuestro consejo de administraci\u00f3n.  <\/p>\n\n\n\n<p>\u00abEn Sonoma Land Trust, nos comprometemos a entablar relaciones con diversos grupos de la comunidad y a prestar servicio ofreciendo los beneficios de la conservaci\u00f3n de la tierra a todo el mundo\u00bb, afirma el director ejecutivo Dave Koehler. \u00abNuestro plan DEI llama a la acci\u00f3n a Sonoma Land Trust como organizaci\u00f3n acogedora, dedicada a proporcionar un acceso equitativo a nuestros programas a todas las personas de la regi\u00f3n\u00bb. <\/p>\n\n\n\n<p>Sonoma Land Trust es miembro de la Land Trust Alliance (LTA) nacional, as\u00ed como del CCLT. En 2015, ambas organizaciones publicaron informes y una llamada a la acci\u00f3n en los que se retaba a los fideicomisos de tierras a reflejar la composici\u00f3n demogr\u00e1fica de California y a profundizar en sus misiones para proporcionar las experiencias al aire libre que buscan muchos californianos. Un informe reciente encargado por Green 2.0 encuest\u00f3 a cientos de organizaciones medioambientales sin \u00e1nimo de lucro, agencias y fundaciones y descubri\u00f3 que, a pesar de ser m\u00e1s del 30% de la poblaci\u00f3n estadounidense y de apoyar la protecci\u00f3n del medio ambiente en mayor medida que los blancos, las personas de color, por t\u00e9rmino medio, s\u00f3lo constituyen entre el 12% y el 16% de su personal y s\u00f3lo el 5% de las juntas directivas de las organizaciones sin \u00e1nimo de lucro.  <\/p>\n\n\n\n<p>El compromiso de Sonoma Land Trust con los principios de DEI forma parte de un esfuerzo coordinado de los fideicomisos de tierras de toda California -incluidos Big Sur Land Trust y Peninsula Open Space Trust- y de la naci\u00f3n para aportar mayor diversidad, equidad e inclusi\u00f3n a su trabajo de conservaci\u00f3n, al lugar de trabajo y a las comunidades a las que sirven. Para crear un plan organizativo de DEI, el personal y los miembros de la junta de Sonoma Land Trust participaron en un amplio programa de formaci\u00f3n y desarrollo de capacidades que incluy\u00f3 retiros, sesiones de coaching y tres a\u00f1os de trabajo en comit\u00e9 para elaborar este plan decenal. <\/p>\n\n\n\n<p>Lee el plan de Diversidad, Igualdad e Inclusi\u00f3n <a href=\"https:\/\/sonomalandtrust.org\/wp-content\/uploads\/2019\/08\/Sonoma-Land-Trust_Diversity-Equity-and-Inclusion-Plan-PUBLIC.pdf\">aqu\u00ed<\/a>.<\/p>\n\n\n\n<h4 class=\"wp-block-heading\"><strong>Acerca de Sonoma Land Trust<br\/><\/strong><\/h4>\n\n\n\n<p>Sonoma Land Trust cree que la tierra es la base de nuestra econom\u00eda y de la salud y el bienestar de nuestra comunidad. Desde 1976, Sonoma Land Trust ha protegido m\u00e1s de 50.000 acres de terrenos pintorescos, naturales, agr\u00edcolas y abiertos para las generaciones futuras, y est\u00e1 acreditada por la Comisi\u00f3n de Acreditaci\u00f3n de Land Trust. Para m\u00e1s informaci\u00f3n, visita <a href=\"https:\/\/sonomalandtrust.org\/\">www.sonomalandtrust.org.<\/a>   #ProtectThePicture<\/p>\n<\/div>\n<\/div>\n","protected":false},"excerpt":{"rendered":"<p>Presidente, Landis PRsean@landispr.com SANTA ROSA, CALIFORNIAPara cumplir la misi\u00f3n de Sonoma Land Trust de proteger para siempre la tierra del condado de Sonoma, necesitamos un conjunto de voces que reflejen nuestra comunidad encarnada en nuestra organizaci\u00f3n, desde la junta directiva y el personal hasta los socios y simpatizantes. En 2016, un grupo de seis fideicomisos [&hellip;]<\/p>\n","protected":false},"featured_media":0,"template":"","meta":{"_acf_changed":false},"news-type":[86],"class_list":["post-13495","news","type-news","status-publish","hentry","news-type-comunicado-de-prensa"],"acf":[],"yoast_head":"<!-- This site is optimized with the Yoast SEO plugin v27.3 - https:\/\/yoast.com\/product\/yoast-seo-wordpress\/ -->\n<title>Sonoma Land Trust adopta un plan decenal de Diversidad, Equidad e Inclusi\u00f3n &#8212; Sonoma Land Trust<\/title>\n<meta name=\"robots\" content=\"index, follow, max-snippet:-1, max-image-preview:large, max-video-preview:-1\" \/>\n<link rel=\"canonical\" href=\"https:\/\/sonomalandtrust.org\/es\/news\/sonoma-land-trust-adopta-un-plan-decenal-de-diversidad-equidad-e-inclusion\/\" \/>\n<meta property=\"og:locale\" content=\"es_ES\" \/>\n<meta property=\"og:type\" content=\"article\" \/>\n<meta property=\"og:title\" content=\"Sonoma Land Trust adopta un plan decenal de Diversidad, Equidad e Inclusi\u00f3n &#8212; Sonoma Land Trust\" \/>\n<meta property=\"og:description\" content=\"Presidente, Landis PRsean@landispr.com SANTA ROSA, CALIFORNIAPara cumplir la misi\u00f3n de Sonoma Land Trust de proteger para siempre la tierra del condado de Sonoma, necesitamos un conjunto de voces que reflejen nuestra comunidad encarnada en nuestra organizaci\u00f3n, desde la junta directiva y el personal hasta los socios y simpatizantes. En 2016, un grupo de seis fideicomisos [&hellip;]\" \/>\n<meta property=\"og:url\" content=\"https:\/\/sonomalandtrust.org\/es\/news\/sonoma-land-trust-adopta-un-plan-decenal-de-diversidad-equidad-e-inclusion\/\" \/>\n<meta property=\"og:site_name\" content=\"Sonoma Land Trust\" \/>\n<meta property=\"article:publisher\" content=\"http:\/\/www.facebook.com\/Sonoma-Land-Trust\/\" \/>\n<meta property=\"article:modified_time\" content=\"2026-03-09T18:38:13+00:00\" \/>\n<meta name=\"twitter:card\" content=\"summary_large_image\" \/>\n<meta name=\"twitter:label1\" content=\"Est. reading time\" \/>\n\t<meta name=\"twitter:data1\" content=\"3 minuto\" \/>\n<script type=\"application\/ld+json\" class=\"yoast-schema-graph\">{\"@context\":\"https:\\\/\\\/schema.org\",\"@graph\":[{\"@type\":\"WebPage\",\"@id\":\"https:\\\/\\\/sonomalandtrust.org\\\/es\\\/news\\\/sonoma-land-trust-adopta-un-plan-decenal-de-diversidad-equidad-e-inclusion\\\/\",\"url\":\"https:\\\/\\\/sonomalandtrust.org\\\/es\\\/news\\\/sonoma-land-trust-adopta-un-plan-decenal-de-diversidad-equidad-e-inclusion\\\/\",\"name\":\"Sonoma Land Trust adopta un plan decenal de Diversidad, Equidad e Inclusi\u00f3n &#8212; Sonoma Land Trust\",\"isPartOf\":{\"@id\":\"https:\\\/\\\/slt-2026.eclipse-dev.com\\\/#website\"},\"primaryImageOfPage\":{\"@id\":\"https:\\\/\\\/sonomalandtrust.org\\\/es\\\/news\\\/sonoma-land-trust-adopta-un-plan-decenal-de-diversidad-equidad-e-inclusion\\\/#primaryimage\"},\"image\":{\"@id\":\"https:\\\/\\\/sonomalandtrust.org\\\/es\\\/news\\\/sonoma-land-trust-adopta-un-plan-decenal-de-diversidad-equidad-e-inclusion\\\/#primaryimage\"},\"thumbnailUrl\":\"https:\\\/\\\/sonomalandtrust.org\\\/wp-content\\\/uploads\\\/2019\\\/08\\\/Jenner-Al-Aire-Libre-FB-6-22-19_cMh-6-1.jpg\",\"datePublished\":\"2019-09-05T06:46:48+00:00\",\"dateModified\":\"2026-03-09T18:38:13+00:00\",\"breadcrumb\":{\"@id\":\"https:\\\/\\\/sonomalandtrust.org\\\/es\\\/news\\\/sonoma-land-trust-adopta-un-plan-decenal-de-diversidad-equidad-e-inclusion\\\/#breadcrumb\"},\"inLanguage\":\"es\",\"potentialAction\":[{\"@type\":\"ReadAction\",\"target\":[\"https:\\\/\\\/sonomalandtrust.org\\\/es\\\/news\\\/sonoma-land-trust-adopta-un-plan-decenal-de-diversidad-equidad-e-inclusion\\\/\"]}]},{\"@type\":\"ImageObject\",\"inLanguage\":\"es\",\"@id\":\"https:\\\/\\\/sonomalandtrust.org\\\/es\\\/news\\\/sonoma-land-trust-adopta-un-plan-decenal-de-diversidad-equidad-e-inclusion\\\/#primaryimage\",\"url\":\"https:\\\/\\\/sonomalandtrust.org\\\/wp-content\\\/uploads\\\/2019\\\/08\\\/Jenner-Al-Aire-Libre-FB-6-22-19_cMh-6-1.jpg\",\"contentUrl\":\"https:\\\/\\\/sonomalandtrust.org\\\/wp-content\\\/uploads\\\/2019\\\/08\\\/Jenner-Al-Aire-Libre-FB-6-22-19_cMh-6-1.jpg\"},{\"@type\":\"BreadcrumbList\",\"@id\":\"https:\\\/\\\/sonomalandtrust.org\\\/es\\\/news\\\/sonoma-land-trust-adopta-un-plan-decenal-de-diversidad-equidad-e-inclusion\\\/#breadcrumb\",\"itemListElement\":[{\"@type\":\"ListItem\",\"position\":1,\"name\":\"Home\",\"item\":\"https:\\\/\\\/sonomalandtrust.org\\\/es\\\/inicio\\\/\"},{\"@type\":\"ListItem\",\"position\":2,\"name\":\"Sonoma Land Trust adopta un plan decenal de Diversidad, Equidad e Inclusi\u00f3n\"}]},{\"@type\":\"WebSite\",\"@id\":\"https:\\\/\\\/slt-2026.eclipse-dev.com\\\/#website\",\"url\":\"https:\\\/\\\/slt-2026.eclipse-dev.com\\\/\",\"name\":\"Sonoma Land Trust\",\"description\":\"\",\"publisher\":{\"@id\":\"https:\\\/\\\/slt-2026.eclipse-dev.com\\\/#organization\"},\"potentialAction\":[{\"@type\":\"SearchAction\",\"target\":{\"@type\":\"EntryPoint\",\"urlTemplate\":\"https:\\\/\\\/slt-2026.eclipse-dev.com\\\/?s={search_term_string}\"},\"query-input\":{\"@type\":\"PropertyValueSpecification\",\"valueRequired\":true,\"valueName\":\"search_term_string\"}}],\"inLanguage\":\"es\"},{\"@type\":\"Organization\",\"@id\":\"https:\\\/\\\/slt-2026.eclipse-dev.com\\\/#organization\",\"name\":\"Fondo de Tierras de Sonoma\",\"url\":\"https:\\\/\\\/slt-2026.eclipse-dev.com\\\/\",\"logo\":{\"@type\":\"ImageObject\",\"inLanguage\":\"es\",\"@id\":\"https:\\\/\\\/slt-2026.eclipse-dev.com\\\/#\\\/schema\\\/logo\\\/image\\\/\",\"url\":\"https:\\\/\\\/sonomalandtrust.org\\\/wp-content\\\/uploads\\\/2025\\\/10\\\/slt-logo.png\",\"contentUrl\":\"https:\\\/\\\/sonomalandtrust.org\\\/wp-content\\\/uploads\\\/2025\\\/10\\\/slt-logo.png\",\"width\":549,\"height\":333,\"caption\":\"Fondo de Tierras de Sonoma\"},\"image\":{\"@id\":\"https:\\\/\\\/slt-2026.eclipse-dev.com\\\/#\\\/schema\\\/logo\\\/image\\\/\"},\"sameAs\":[\"http:\\\/\\\/www.facebook.com\\\/Sonoma-Land-Trust\\\/\",\"https:\\\/\\\/www.instagram.com\\\/sonomalandtrust\\\/\",\"https:\\\/\\\/bsky.app\\\/profile\\\/sonomalandtrust.bsky.social\",\"https:\\\/\\\/www.youtube.com\\\/user\\\/SonomaLandTrust\\\/\",\"http:\\\/\\\/www.linkedin.com\\\/company\\\/1090048?trk=tyah\"]}]}<\/script>\n<!-- \/ Yoast SEO plugin. -->","yoast_head_json":{"title":"Sonoma Land Trust adopta un plan decenal de Diversidad, Equidad e Inclusi\u00f3n &#8212; Sonoma Land Trust","robots":{"index":"index","follow":"follow","max-snippet":"max-snippet:-1","max-image-preview":"max-image-preview:large","max-video-preview":"max-video-preview:-1"},"canonical":"https:\/\/sonomalandtrust.org\/es\/news\/sonoma-land-trust-adopta-un-plan-decenal-de-diversidad-equidad-e-inclusion\/","og_locale":"es_ES","og_type":"article","og_title":"Sonoma Land Trust adopta un plan decenal de Diversidad, Equidad e Inclusi\u00f3n &#8212; Sonoma Land Trust","og_description":"Presidente, Landis PRsean@landispr.com SANTA ROSA, CALIFORNIAPara cumplir la misi\u00f3n de Sonoma Land Trust de proteger para siempre la tierra del condado de Sonoma, necesitamos un conjunto de voces que reflejen nuestra comunidad encarnada en nuestra organizaci\u00f3n, desde la junta directiva y el personal hasta los socios y simpatizantes. En 2016, un grupo de seis fideicomisos [&hellip;]","og_url":"https:\/\/sonomalandtrust.org\/es\/news\/sonoma-land-trust-adopta-un-plan-decenal-de-diversidad-equidad-e-inclusion\/","og_site_name":"Sonoma Land Trust","article_publisher":"http:\/\/www.facebook.com\/Sonoma-Land-Trust\/","article_modified_time":"2026-03-09T18:38:13+00:00","twitter_card":"summary_large_image","twitter_misc":{"Est. reading time":"3 minuto"},"schema":{"@context":"https:\/\/schema.org","@graph":[{"@type":"WebPage","@id":"https:\/\/sonomalandtrust.org\/es\/news\/sonoma-land-trust-adopta-un-plan-decenal-de-diversidad-equidad-e-inclusion\/","url":"https:\/\/sonomalandtrust.org\/es\/news\/sonoma-land-trust-adopta-un-plan-decenal-de-diversidad-equidad-e-inclusion\/","name":"Sonoma Land Trust adopta un plan decenal de Diversidad, Equidad e Inclusi\u00f3n &#8212; Sonoma Land Trust","isPartOf":{"@id":"https:\/\/slt-2026.eclipse-dev.com\/#website"},"primaryImageOfPage":{"@id":"https:\/\/sonomalandtrust.org\/es\/news\/sonoma-land-trust-adopta-un-plan-decenal-de-diversidad-equidad-e-inclusion\/#primaryimage"},"image":{"@id":"https:\/\/sonomalandtrust.org\/es\/news\/sonoma-land-trust-adopta-un-plan-decenal-de-diversidad-equidad-e-inclusion\/#primaryimage"},"thumbnailUrl":"https:\/\/sonomalandtrust.org\/wp-content\/uploads\/2019\/08\/Jenner-Al-Aire-Libre-FB-6-22-19_cMh-6-1.jpg","datePublished":"2019-09-05T06:46:48+00:00","dateModified":"2026-03-09T18:38:13+00:00","breadcrumb":{"@id":"https:\/\/sonomalandtrust.org\/es\/news\/sonoma-land-trust-adopta-un-plan-decenal-de-diversidad-equidad-e-inclusion\/#breadcrumb"},"inLanguage":"es","potentialAction":[{"@type":"ReadAction","target":["https:\/\/sonomalandtrust.org\/es\/news\/sonoma-land-trust-adopta-un-plan-decenal-de-diversidad-equidad-e-inclusion\/"]}]},{"@type":"ImageObject","inLanguage":"es","@id":"https:\/\/sonomalandtrust.org\/es\/news\/sonoma-land-trust-adopta-un-plan-decenal-de-diversidad-equidad-e-inclusion\/#primaryimage","url":"https:\/\/sonomalandtrust.org\/wp-content\/uploads\/2019\/08\/Jenner-Al-Aire-Libre-FB-6-22-19_cMh-6-1.jpg","contentUrl":"https:\/\/sonomalandtrust.org\/wp-content\/uploads\/2019\/08\/Jenner-Al-Aire-Libre-FB-6-22-19_cMh-6-1.jpg"},{"@type":"BreadcrumbList","@id":"https:\/\/sonomalandtrust.org\/es\/news\/sonoma-land-trust-adopta-un-plan-decenal-de-diversidad-equidad-e-inclusion\/#breadcrumb","itemListElement":[{"@type":"ListItem","position":1,"name":"Home","item":"https:\/\/sonomalandtrust.org\/es\/inicio\/"},{"@type":"ListItem","position":2,"name":"Sonoma Land Trust adopta un plan decenal de Diversidad, Equidad e Inclusi\u00f3n"}]},{"@type":"WebSite","@id":"https:\/\/slt-2026.eclipse-dev.com\/#website","url":"https:\/\/slt-2026.eclipse-dev.com\/","name":"Sonoma Land Trust","description":"","publisher":{"@id":"https:\/\/slt-2026.eclipse-dev.com\/#organization"},"potentialAction":[{"@type":"SearchAction","target":{"@type":"EntryPoint","urlTemplate":"https:\/\/slt-2026.eclipse-dev.com\/?s={search_term_string}"},"query-input":{"@type":"PropertyValueSpecification","valueRequired":true,"valueName":"search_term_string"}}],"inLanguage":"es"},{"@type":"Organization","@id":"https:\/\/slt-2026.eclipse-dev.com\/#organization","name":"Fondo de Tierras de Sonoma","url":"https:\/\/slt-2026.eclipse-dev.com\/","logo":{"@type":"ImageObject","inLanguage":"es","@id":"https:\/\/slt-2026.eclipse-dev.com\/#\/schema\/logo\/image\/","url":"https:\/\/sonomalandtrust.org\/wp-content\/uploads\/2025\/10\/slt-logo.png","contentUrl":"https:\/\/sonomalandtrust.org\/wp-content\/uploads\/2025\/10\/slt-logo.png","width":549,"height":333,"caption":"Fondo de Tierras de Sonoma"},"image":{"@id":"https:\/\/slt-2026.eclipse-dev.com\/#\/schema\/logo\/image\/"},"sameAs":["http:\/\/www.facebook.com\/Sonoma-Land-Trust\/","https:\/\/www.instagram.com\/sonomalandtrust\/","https:\/\/bsky.app\/profile\/sonomalandtrust.bsky.social","https:\/\/www.youtube.com\/user\/SonomaLandTrust\/","http:\/\/www.linkedin.com\/company\/1090048?trk=tyah"]}]}},"_links":{"self":[{"href":"https:\/\/sonomalandtrust.org\/es\/wp-json\/wp\/v2\/news\/13495","targetHints":{"allow":["GET"]}}],"collection":[{"href":"https:\/\/sonomalandtrust.org\/es\/wp-json\/wp\/v2\/news"}],"about":[{"href":"https:\/\/sonomalandtrust.org\/es\/wp-json\/wp\/v2\/types\/news"}],"wp:attachment":[{"href":"https:\/\/sonomalandtrust.org\/es\/wp-json\/wp\/v2\/media?parent=13495"}],"wp:term":[{"taxonomy":"news-type","embeddable":true,"href":"https:\/\/sonomalandtrust.org\/es\/wp-json\/wp\/v2\/news-type?post=13495"}],"curies":[{"name":"wp","href":"https:\/\/api.w.org\/{rel}","templated":true}]}}