{"id":13494,"date":"2019-07-08T16:00:52","date_gmt":"2019-07-08T23:00:52","guid":{"rendered":"https:\/\/sonomalandtrust.org\/news\/sonoma-land-trust-anuncia-un-nuevo-lider\/"},"modified":"2026-03-09T11:38:13","modified_gmt":"2026-03-09T18:38:13","slug":"sonoma-land-trust-anuncia-un-nuevo-lider","status":"publish","type":"news","link":"https:\/\/sonomalandtrust.org\/es\/news\/sonoma-land-trust-anuncia-un-nuevo-lider\/","title":{"rendered":"Sonoma Land Trust anuncia un nuevo l\u00edder"},"content":{"rendered":"\n<div class=\"wp-block-columns is-layout-flex wp-container-core-columns-is-layout-28f84493 wp-block-columns-is-layout-flex\">\n<div class=\"wp-block-column is-layout-flow wp-block-column-is-layout-flow\" style=\"flex-basis:33.33%\">\n<figure class=\"wp-block-image size-large\"><a href=\"https:\/\/sonomalandtrust.org\/wp-content\/uploads\/2019\/07\/Eamon-OByrne-headshot-WEB.jpg\"><img decoding=\"async\" src=\"https:\/\/sonomalandtrust.org\/wp-content\/uploads\/2019\/07\/Eamon-OByrne-headshot-WEB.jpg\" alt=\"\" class=\"wp-image-32016\"\/><\/a><figcaption>CR\u00c9DITO FOTOGR\u00c1FICO:<br\/>Elizabeth Pepin Silva<\/figcaption><\/figure>\n\n\n\n<hr class=\"wp-block-separator\"\/>\n\n\n\n<h5 class=\"wp-block-heading\"><strong>CONTACTO:<\/strong><\/h5>\n\n\n\n<p><strong>Sean Dowdall<br\/><\/strong>Presidente de Landis PR<br\/><a href=\"mailto:sean@landispr.com\">sean@landispr.com<\/a><br\/>(415) 286-7121 (m\u00f3vil)<\/p>\n\n\n\n<p><\/p>\n<\/div>\n\n\n\n<div class=\"wp-block-column is-layout-flow wp-block-column-is-layout-flow\" style=\"flex-basis:66.66%\">\n<h2 class=\"wp-block-heading\">Eamon O&#8217;Byrne nombrado director ejecutivo a partir del 9 de septiembre<\/h2>\n\n\n\n<p><strong>SANTA ROSA, CALIF.  <\/strong>&#8211; Tras una b\u00fasqueda nacional, la junta directiva del Sonoma Land Trust ha elegido al galardonado l\u00edder conservacionista Eamon O&#8217;Byrne, de la secci\u00f3n de California de The Nature Conservancy, como nuevo director ejecutivo de la organizaci\u00f3n. O&#8217;Byrne suceder\u00e1 a Dave Koehler, que se jubila. O&#8217;Byrne se incorpor\u00f3 a The Nature Conservancy (TNC) en 2008, inicialmente como director asociado de operaciones de la Secci\u00f3n de California y posteriormente, en 2013, como director del Programa de las Islas de California. Reconocido por su capacidad para gestionar proyectos grandes y polifac\u00e9ticos, dirigi\u00f3 un equipo de cient\u00edficos, profesionales de la conservaci\u00f3n y socios en la restauraci\u00f3n y recuperaci\u00f3n ecol\u00f3gica de la Reserva de la Isla Santa Cruz, de TNC, de 52.000 acres.   <\/p>\n\n\n\n<p>En este puesto, O&#8217;Byrne tambi\u00e9n encabez\u00f3 colaboraciones entre las islas para proteger la extraordinaria diversidad biol\u00f3gica del archipi\u00e9lago, ampliamente conocido como las Gal\u00e1pagos de Norteam\u00e9rica, y para desarrollar herramientas innovadoras de restauraci\u00f3n para dotar de resiliencia a unos ecosistemas que cambian r\u00e1pidamente. En 2015, \u00e9l y su equipo recibieron el prestigioso Premio al Campe\u00f3n de la Recuperaci\u00f3n de Especies en Peligro del Servicio de Pesca y Vida Silvestre de EE.UU. por su contribuci\u00f3n a la recuperaci\u00f3n del zorro isle\u00f1o, en peligro de extinci\u00f3n, lo que representa la recuperaci\u00f3n m\u00e1s r\u00e1pida de un mam\u00edfero en peligro de extinci\u00f3n en la historia de la Ley de Especies en Peligro de Extinci\u00f3n. <\/p>\n\n\n\n<p>\u00abEamon ha realizado importantes contribuciones a la protecci\u00f3n del patrimonio natural de California y aporta conexiones y perspectivas tanto del \u00c1rea de la Bah\u00eda como de todo el mundo\u00bb, afirma Allison Sanford, presidenta de la junta de Sonoma Land Trust. \u00abEstamos muy contentos y orgullosos de que se una a nosotros en el pr\u00f3ximo cap\u00edtulo de nuestra historia y esperamos grandes cosas por delante\u00bb. <\/p>\n\n\n\n<p>Criado en Dubl\u00edn (Irlanda), O&#8217;Byrne, de 52 a\u00f1os, desarroll\u00f3 su pasi\u00f3n por trabajar en la conservaci\u00f3n cuando \u00e9l y su esposa recorrieron Estados Unidos de camino a California hace 25 a\u00f1os, visitando varios Parques Nacionales por el camino.<\/p>\n\n\n\n<p>\u00abNo pod\u00eda creer que un pa\u00eds protegiera tantos paisajes y recursos naturales extraordinarios\u00bb, dice. \u00abMe cautiv\u00f3 y me hizo querer poner de mi parte para conservar m\u00e1s. Y ahora, con el cambio clim\u00e1tico levantando las mareas y abrasando la tierra, se ha vuelto a\u00fan m\u00e1s urgente.\u00bb <\/p>\n\n\n\n<p>La carrera sin \u00e1nimo de lucro de O&#8217;Byrne comenz\u00f3 en 2000 en la Asociaci\u00f3n del Parque Nacional Mar\u00edtimo de San Francisco, primero como director del programa educativo y luego como director ejecutivo. A los 20 a\u00f1os se dedic\u00f3 a los deportes de aventura, como gu\u00eda profesional e instructor de vela, senderismo y formaci\u00f3n de equipos al aire libre. Tambi\u00e9n fue regatista, marino profesional y patr\u00f3n de barcos de alquiler.  <\/p>\n\n\n\n<p>\u00abEamon es una elecci\u00f3n apasionante y estoy deseando apoyar su liderazgo de Sonoma Land Trust en el futuro\u00bb, afirma el actual director ejecutivo, Dave Koehler. \u00abSu amplia y profunda experiencia en conservaci\u00f3n y gesti\u00f3n de organizaciones sin \u00e1nimo de lucro, y su compromiso personal con la protecci\u00f3n de la biodiversidad y la implicaci\u00f3n de comunidades culturalmente diversas con la tierra continuar\u00e1n la trayectoria ascendente del Land Trust en la protecci\u00f3n de la tierra en beneficio de todos.\u00bb <\/p>\n\n\n\n<p>O&#8217;Byrne se licenci\u00f3 en el University College de Dubl\u00edn, con una doble especializaci\u00f3n en ingl\u00e9s e historia. Su esposa, Stephanie Linder, tambi\u00e9n conservacionista, es directora ejecutiva de la Sociedad del Jard\u00edn Bot\u00e1nico de San Francisco y ex directora de promoci\u00f3n del Sierra Club. <\/p>\n\n\n\n<p>\u00abCuando nos mudamos por primera vez a California, me enamor\u00e9 de las impresionantes costas y bosques del condado de Sonoma\u00bb, dice O&#8217;Byrne. \u00abEse v\u00ednculo no ha hecho sino fortalecerse con los a\u00f1os y estoy deseando formar parte del trabajo de Sonoma Land Trust para hacer del condado de Sonoma un lugar resistente y pr\u00f3spero para las generaciones venideras.\u00bb <\/p>\n\n\n\n<p>El primer d\u00eda de O&#8217;Byrne en el Land Trust ser\u00e1 el 9 de septiembre.<\/p>\n<\/div>\n<\/div>\n","protected":false},"excerpt":{"rendered":"<p>Presidente de Landis PRsean@landispr.com(415) 286-7121 (m\u00f3vil) &#8211; Tras una b\u00fasqueda nacional, la junta directiva del Sonoma Land Trust ha elegido al galardonado l\u00edder conservacionista Eamon O&#8217;Byrne, de la secci\u00f3n de California de The Nature Conservancy, como nuevo director ejecutivo de la organizaci\u00f3n. O&#8217;Byrne suceder\u00e1 a Dave Koehler, que se jubila. O&#8217;Byrne se incorpor\u00f3 a The [&hellip;]<\/p>\n","protected":false},"featured_media":0,"template":"","meta":{"_acf_changed":false},"news-type":[86],"class_list":["post-13494","news","type-news","status-publish","hentry","news-type-comunicado-de-prensa"],"acf":[],"yoast_head":"<!-- This site is optimized with the Yoast SEO plugin v27.3 - https:\/\/yoast.com\/product\/yoast-seo-wordpress\/ -->\n<title>Sonoma Land Trust anuncia un nuevo l\u00edder &#8212; Sonoma Land Trust<\/title>\n<meta name=\"robots\" content=\"index, follow, max-snippet:-1, max-image-preview:large, max-video-preview:-1\" \/>\n<link rel=\"canonical\" href=\"https:\/\/sonomalandtrust.org\/es\/news\/sonoma-land-trust-anuncia-un-nuevo-lider\/\" \/>\n<meta property=\"og:locale\" content=\"es_ES\" \/>\n<meta property=\"og:type\" content=\"article\" \/>\n<meta property=\"og:title\" content=\"Sonoma Land Trust anuncia un nuevo l\u00edder &#8212; Sonoma Land Trust\" \/>\n<meta property=\"og:description\" content=\"Presidente de Landis PRsean@landispr.com(415) 286-7121 (m\u00f3vil) &#8211; Tras una b\u00fasqueda nacional, la junta directiva del Sonoma Land Trust ha elegido al galardonado l\u00edder conservacionista Eamon O&#8217;Byrne, de la secci\u00f3n de California de The Nature Conservancy, como nuevo director ejecutivo de la organizaci\u00f3n. O&#8217;Byrne suceder\u00e1 a Dave Koehler, que se jubila. O&#8217;Byrne se incorpor\u00f3 a The [&hellip;]\" \/>\n<meta property=\"og:url\" content=\"https:\/\/sonomalandtrust.org\/es\/news\/sonoma-land-trust-anuncia-un-nuevo-lider\/\" \/>\n<meta property=\"og:site_name\" content=\"Sonoma Land Trust\" \/>\n<meta property=\"article:publisher\" content=\"http:\/\/www.facebook.com\/Sonoma-Land-Trust\/\" \/>\n<meta property=\"article:modified_time\" content=\"2026-03-09T18:38:13+00:00\" \/>\n<meta name=\"twitter:card\" content=\"summary_large_image\" \/>\n<meta name=\"twitter:label1\" content=\"Est. reading time\" \/>\n\t<meta name=\"twitter:data1\" content=\"4 minuto\" \/>\n<script type=\"application\/ld+json\" class=\"yoast-schema-graph\">{\"@context\":\"https:\\\/\\\/schema.org\",\"@graph\":[{\"@type\":\"WebPage\",\"@id\":\"https:\\\/\\\/sonomalandtrust.org\\\/es\\\/news\\\/sonoma-land-trust-anuncia-un-nuevo-lider\\\/\",\"url\":\"https:\\\/\\\/sonomalandtrust.org\\\/es\\\/news\\\/sonoma-land-trust-anuncia-un-nuevo-lider\\\/\",\"name\":\"Sonoma Land Trust anuncia un nuevo l\u00edder &#8212; Sonoma Land Trust\",\"isPartOf\":{\"@id\":\"https:\\\/\\\/slt-2026.eclipse-dev.com\\\/#website\"},\"primaryImageOfPage\":{\"@id\":\"https:\\\/\\\/sonomalandtrust.org\\\/es\\\/news\\\/sonoma-land-trust-anuncia-un-nuevo-lider\\\/#primaryimage\"},\"image\":{\"@id\":\"https:\\\/\\\/sonomalandtrust.org\\\/es\\\/news\\\/sonoma-land-trust-anuncia-un-nuevo-lider\\\/#primaryimage\"},\"thumbnailUrl\":\"https:\\\/\\\/sonomalandtrust.org\\\/wp-content\\\/uploads\\\/2019\\\/07\\\/Eamon-OByrne-headshot-WEB.jpg\",\"datePublished\":\"2019-07-08T23:00:52+00:00\",\"dateModified\":\"2026-03-09T18:38:13+00:00\",\"breadcrumb\":{\"@id\":\"https:\\\/\\\/sonomalandtrust.org\\\/es\\\/news\\\/sonoma-land-trust-anuncia-un-nuevo-lider\\\/#breadcrumb\"},\"inLanguage\":\"es\",\"potentialAction\":[{\"@type\":\"ReadAction\",\"target\":[\"https:\\\/\\\/sonomalandtrust.org\\\/es\\\/news\\\/sonoma-land-trust-anuncia-un-nuevo-lider\\\/\"]}]},{\"@type\":\"ImageObject\",\"inLanguage\":\"es\",\"@id\":\"https:\\\/\\\/sonomalandtrust.org\\\/es\\\/news\\\/sonoma-land-trust-anuncia-un-nuevo-lider\\\/#primaryimage\",\"url\":\"https:\\\/\\\/sonomalandtrust.org\\\/wp-content\\\/uploads\\\/2019\\\/07\\\/Eamon-OByrne-headshot-WEB.jpg\",\"contentUrl\":\"https:\\\/\\\/sonomalandtrust.org\\\/wp-content\\\/uploads\\\/2019\\\/07\\\/Eamon-OByrne-headshot-WEB.jpg\"},{\"@type\":\"BreadcrumbList\",\"@id\":\"https:\\\/\\\/sonomalandtrust.org\\\/es\\\/news\\\/sonoma-land-trust-anuncia-un-nuevo-lider\\\/#breadcrumb\",\"itemListElement\":[{\"@type\":\"ListItem\",\"position\":1,\"name\":\"Home\",\"item\":\"https:\\\/\\\/sonomalandtrust.org\\\/es\\\/inicio\\\/\"},{\"@type\":\"ListItem\",\"position\":2,\"name\":\"Sonoma Land Trust anuncia un nuevo l\u00edder\"}]},{\"@type\":\"WebSite\",\"@id\":\"https:\\\/\\\/slt-2026.eclipse-dev.com\\\/#website\",\"url\":\"https:\\\/\\\/slt-2026.eclipse-dev.com\\\/\",\"name\":\"Sonoma Land Trust\",\"description\":\"\",\"publisher\":{\"@id\":\"https:\\\/\\\/slt-2026.eclipse-dev.com\\\/#organization\"},\"potentialAction\":[{\"@type\":\"SearchAction\",\"target\":{\"@type\":\"EntryPoint\",\"urlTemplate\":\"https:\\\/\\\/slt-2026.eclipse-dev.com\\\/?s={search_term_string}\"},\"query-input\":{\"@type\":\"PropertyValueSpecification\",\"valueRequired\":true,\"valueName\":\"search_term_string\"}}],\"inLanguage\":\"es\"},{\"@type\":\"Organization\",\"@id\":\"https:\\\/\\\/slt-2026.eclipse-dev.com\\\/#organization\",\"name\":\"Fondo de Tierras de Sonoma\",\"url\":\"https:\\\/\\\/slt-2026.eclipse-dev.com\\\/\",\"logo\":{\"@type\":\"ImageObject\",\"inLanguage\":\"es\",\"@id\":\"https:\\\/\\\/slt-2026.eclipse-dev.com\\\/#\\\/schema\\\/logo\\\/image\\\/\",\"url\":\"https:\\\/\\\/sonomalandtrust.org\\\/wp-content\\\/uploads\\\/2025\\\/10\\\/slt-logo.png\",\"contentUrl\":\"https:\\\/\\\/sonomalandtrust.org\\\/wp-content\\\/uploads\\\/2025\\\/10\\\/slt-logo.png\",\"width\":549,\"height\":333,\"caption\":\"Fondo de Tierras de Sonoma\"},\"image\":{\"@id\":\"https:\\\/\\\/slt-2026.eclipse-dev.com\\\/#\\\/schema\\\/logo\\\/image\\\/\"},\"sameAs\":[\"http:\\\/\\\/www.facebook.com\\\/Sonoma-Land-Trust\\\/\",\"https:\\\/\\\/www.instagram.com\\\/sonomalandtrust\\\/\",\"https:\\\/\\\/bsky.app\\\/profile\\\/sonomalandtrust.bsky.social\",\"https:\\\/\\\/www.youtube.com\\\/user\\\/SonomaLandTrust\\\/\",\"http:\\\/\\\/www.linkedin.com\\\/company\\\/1090048?trk=tyah\"]}]}<\/script>\n<!-- \/ Yoast SEO plugin. -->","yoast_head_json":{"title":"Sonoma Land Trust anuncia un nuevo l\u00edder &#8212; Sonoma Land Trust","robots":{"index":"index","follow":"follow","max-snippet":"max-snippet:-1","max-image-preview":"max-image-preview:large","max-video-preview":"max-video-preview:-1"},"canonical":"https:\/\/sonomalandtrust.org\/es\/news\/sonoma-land-trust-anuncia-un-nuevo-lider\/","og_locale":"es_ES","og_type":"article","og_title":"Sonoma Land Trust anuncia un nuevo l\u00edder &#8212; Sonoma Land Trust","og_description":"Presidente de Landis PRsean@landispr.com(415) 286-7121 (m\u00f3vil) &#8211; Tras una b\u00fasqueda nacional, la junta directiva del Sonoma Land Trust ha elegido al galardonado l\u00edder conservacionista Eamon O&#8217;Byrne, de la secci\u00f3n de California de The Nature Conservancy, como nuevo director ejecutivo de la organizaci\u00f3n. O&#8217;Byrne suceder\u00e1 a Dave Koehler, que se jubila. O&#8217;Byrne se incorpor\u00f3 a The [&hellip;]","og_url":"https:\/\/sonomalandtrust.org\/es\/news\/sonoma-land-trust-anuncia-un-nuevo-lider\/","og_site_name":"Sonoma Land Trust","article_publisher":"http:\/\/www.facebook.com\/Sonoma-Land-Trust\/","article_modified_time":"2026-03-09T18:38:13+00:00","twitter_card":"summary_large_image","twitter_misc":{"Est. reading time":"4 minuto"},"schema":{"@context":"https:\/\/schema.org","@graph":[{"@type":"WebPage","@id":"https:\/\/sonomalandtrust.org\/es\/news\/sonoma-land-trust-anuncia-un-nuevo-lider\/","url":"https:\/\/sonomalandtrust.org\/es\/news\/sonoma-land-trust-anuncia-un-nuevo-lider\/","name":"Sonoma Land Trust anuncia un nuevo l\u00edder &#8212; Sonoma Land Trust","isPartOf":{"@id":"https:\/\/slt-2026.eclipse-dev.com\/#website"},"primaryImageOfPage":{"@id":"https:\/\/sonomalandtrust.org\/es\/news\/sonoma-land-trust-anuncia-un-nuevo-lider\/#primaryimage"},"image":{"@id":"https:\/\/sonomalandtrust.org\/es\/news\/sonoma-land-trust-anuncia-un-nuevo-lider\/#primaryimage"},"thumbnailUrl":"https:\/\/sonomalandtrust.org\/wp-content\/uploads\/2019\/07\/Eamon-OByrne-headshot-WEB.jpg","datePublished":"2019-07-08T23:00:52+00:00","dateModified":"2026-03-09T18:38:13+00:00","breadcrumb":{"@id":"https:\/\/sonomalandtrust.org\/es\/news\/sonoma-land-trust-anuncia-un-nuevo-lider\/#breadcrumb"},"inLanguage":"es","potentialAction":[{"@type":"ReadAction","target":["https:\/\/sonomalandtrust.org\/es\/news\/sonoma-land-trust-anuncia-un-nuevo-lider\/"]}]},{"@type":"ImageObject","inLanguage":"es","@id":"https:\/\/sonomalandtrust.org\/es\/news\/sonoma-land-trust-anuncia-un-nuevo-lider\/#primaryimage","url":"https:\/\/sonomalandtrust.org\/wp-content\/uploads\/2019\/07\/Eamon-OByrne-headshot-WEB.jpg","contentUrl":"https:\/\/sonomalandtrust.org\/wp-content\/uploads\/2019\/07\/Eamon-OByrne-headshot-WEB.jpg"},{"@type":"BreadcrumbList","@id":"https:\/\/sonomalandtrust.org\/es\/news\/sonoma-land-trust-anuncia-un-nuevo-lider\/#breadcrumb","itemListElement":[{"@type":"ListItem","position":1,"name":"Home","item":"https:\/\/sonomalandtrust.org\/es\/inicio\/"},{"@type":"ListItem","position":2,"name":"Sonoma Land Trust anuncia un nuevo l\u00edder"}]},{"@type":"WebSite","@id":"https:\/\/slt-2026.eclipse-dev.com\/#website","url":"https:\/\/slt-2026.eclipse-dev.com\/","name":"Sonoma Land Trust","description":"","publisher":{"@id":"https:\/\/slt-2026.eclipse-dev.com\/#organization"},"potentialAction":[{"@type":"SearchAction","target":{"@type":"EntryPoint","urlTemplate":"https:\/\/slt-2026.eclipse-dev.com\/?s={search_term_string}"},"query-input":{"@type":"PropertyValueSpecification","valueRequired":true,"valueName":"search_term_string"}}],"inLanguage":"es"},{"@type":"Organization","@id":"https:\/\/slt-2026.eclipse-dev.com\/#organization","name":"Fondo de Tierras de Sonoma","url":"https:\/\/slt-2026.eclipse-dev.com\/","logo":{"@type":"ImageObject","inLanguage":"es","@id":"https:\/\/slt-2026.eclipse-dev.com\/#\/schema\/logo\/image\/","url":"https:\/\/sonomalandtrust.org\/wp-content\/uploads\/2025\/10\/slt-logo.png","contentUrl":"https:\/\/sonomalandtrust.org\/wp-content\/uploads\/2025\/10\/slt-logo.png","width":549,"height":333,"caption":"Fondo de Tierras de Sonoma"},"image":{"@id":"https:\/\/slt-2026.eclipse-dev.com\/#\/schema\/logo\/image\/"},"sameAs":["http:\/\/www.facebook.com\/Sonoma-Land-Trust\/","https:\/\/www.instagram.com\/sonomalandtrust\/","https:\/\/bsky.app\/profile\/sonomalandtrust.bsky.social","https:\/\/www.youtube.com\/user\/SonomaLandTrust\/","http:\/\/www.linkedin.com\/company\/1090048?trk=tyah"]}]}},"_links":{"self":[{"href":"https:\/\/sonomalandtrust.org\/es\/wp-json\/wp\/v2\/news\/13494","targetHints":{"allow":["GET"]}}],"collection":[{"href":"https:\/\/sonomalandtrust.org\/es\/wp-json\/wp\/v2\/news"}],"about":[{"href":"https:\/\/sonomalandtrust.org\/es\/wp-json\/wp\/v2\/types\/news"}],"wp:attachment":[{"href":"https:\/\/sonomalandtrust.org\/es\/wp-json\/wp\/v2\/media?parent=13494"}],"wp:term":[{"taxonomy":"news-type","embeddable":true,"href":"https:\/\/sonomalandtrust.org\/es\/wp-json\/wp\/v2\/news-type?post=13494"}],"curies":[{"name":"wp","href":"https:\/\/api.w.org\/{rel}","templated":true}]}}