{"id":13492,"date":"2018-01-16T22:50:51","date_gmt":"2018-01-17T06:50:51","guid":{"rendered":"https:\/\/sonomalandtrust.org\/news\/hemos-adquirido-una-propiedad-de-162-acres-en-el-corredor-de-fauna-salvaje\/"},"modified":"2018-01-16T22:50:51","modified_gmt":"2018-01-17T06:50:51","slug":"hemos-adquirido-una-propiedad-de-162-acres-en-el-corredor-de-fauna-salvaje","status":"publish","type":"news","link":"https:\/\/sonomalandtrust.org\/es\/news\/hemos-adquirido-una-propiedad-de-162-acres-en-el-corredor-de-fauna-salvaje\/","title":{"rendered":"Hemos adquirido una propiedad de 162 acres en el corredor de fauna salvaje"},"content":{"rendered":"<p class=\"first-paragraph\">Los responsables de parques del condado de Sonoma y los socios del condado para la adquisici\u00f3n de terrenos est\u00e1n ultimando este mes un acuerdo que a\u00f1adir\u00e1 otros 162 acres al Parque Regional y Reserva de Espacios Abiertos de Hood Mountain, abriendo por primera vez al acceso p\u00fablico un espacio natural de propiedad privada y en gran parte intacto de las monta\u00f1as Mayacamas.<\/p>\n<p>La transacci\u00f3n de 319.000 d\u00f3lares de la propiedad privada por parte de Sonoma Land Trust, una organizaci\u00f3n sin \u00e1nimo de lucro con sede en Santa Rosa que adquiere terrenos para preservarlos como espacios abiertos, permitir\u00e1 a los Parques Regionales del Condado de Sonoma ampliar su red de rutas de senderismo y destinos de acampada nocturna, as\u00ed como proteger un trozo de tierras silvestres muy codiciadas entre Hood Mountain y el Parque Estatal de Sugarloaf Ridge de la posibilidad de futuras urbanizaciones.<\/p>\n<div class=\"embedBox\">\n<div id=\"DTElementID-11630254\" class=\"EmbedCode\"><\/div>\n<\/div>\n<p>\u00abEstamos a s\u00f3lo media hora de Santa Rosa, pero este lugar sigue pareciendo tan salvaje y pr\u00edstino\u00bb, dijo Wendy Eliot, directora de conservaci\u00f3n de Sonoma Land Trust. \u00abY protege ese hueco entre Hood Mountain y Sugarloaf. Es muy emocionante\u00bb.  <\/p>\n","protected":false},"excerpt":{"rendered":"<p>Los responsables de parques del condado de Sonoma y los socios del condado para la adquisici\u00f3n de terrenos est\u00e1n ultimando este mes un acuerdo que a\u00f1adir\u00e1 otros 162 acres al Parque Regional y Reserva de Espacios Abiertos de Hood Mountain, abriendo por primera vez al acceso p\u00fablico un espacio natural de propiedad privada y en [&hellip;]<\/p>\n","protected":false},"featured_media":0,"template":"","meta":{"_acf_changed":false},"news-type":[86],"class_list":["post-13492","news","type-news","status-publish","hentry","news-type-comunicado-de-prensa"],"acf":[],"yoast_head":"<!-- This site is optimized with the Yoast SEO plugin v27.3 - https:\/\/yoast.com\/product\/yoast-seo-wordpress\/ -->\n<title>Hemos adquirido una propiedad de 162 acres en el corredor de fauna salvaje &#8212; Sonoma Land Trust<\/title>\n<meta name=\"robots\" content=\"index, follow, max-snippet:-1, max-image-preview:large, max-video-preview:-1\" \/>\n<link rel=\"canonical\" href=\"https:\/\/sonomalandtrust.org\/es\/news\/hemos-adquirido-una-propiedad-de-162-acres-en-el-corredor-de-fauna-salvaje\/\" \/>\n<meta property=\"og:locale\" content=\"es_ES\" \/>\n<meta property=\"og:type\" content=\"article\" \/>\n<meta property=\"og:title\" content=\"Hemos adquirido una propiedad de 162 acres en el corredor de fauna salvaje &#8212; Sonoma Land Trust\" \/>\n<meta property=\"og:description\" content=\"Los responsables de parques del condado de Sonoma y los socios del condado para la adquisici\u00f3n de terrenos est\u00e1n ultimando este mes un acuerdo que a\u00f1adir\u00e1 otros 162 acres al Parque Regional y Reserva de Espacios Abiertos de Hood Mountain, abriendo por primera vez al acceso p\u00fablico un espacio natural de propiedad privada y en [&hellip;]\" \/>\n<meta property=\"og:url\" content=\"https:\/\/sonomalandtrust.org\/es\/news\/hemos-adquirido-una-propiedad-de-162-acres-en-el-corredor-de-fauna-salvaje\/\" \/>\n<meta property=\"og:site_name\" content=\"Sonoma Land Trust\" \/>\n<meta property=\"article:publisher\" content=\"http:\/\/www.facebook.com\/Sonoma-Land-Trust\/\" \/>\n<meta name=\"twitter:card\" content=\"summary_large_image\" \/>\n<meta name=\"twitter:label1\" content=\"Est. reading time\" \/>\n\t<meta name=\"twitter:data1\" content=\"1 minuto\" \/>\n<script type=\"application\/ld+json\" class=\"yoast-schema-graph\">{\"@context\":\"https:\\\/\\\/schema.org\",\"@graph\":[{\"@type\":\"WebPage\",\"@id\":\"https:\\\/\\\/sonomalandtrust.org\\\/es\\\/news\\\/hemos-adquirido-una-propiedad-de-162-acres-en-el-corredor-de-fauna-salvaje\\\/\",\"url\":\"https:\\\/\\\/sonomalandtrust.org\\\/es\\\/news\\\/hemos-adquirido-una-propiedad-de-162-acres-en-el-corredor-de-fauna-salvaje\\\/\",\"name\":\"Hemos adquirido una propiedad de 162 acres en el corredor de fauna salvaje &#8212; Sonoma Land Trust\",\"isPartOf\":{\"@id\":\"https:\\\/\\\/slt-2026.eclipse-dev.com\\\/#website\"},\"datePublished\":\"2018-01-17T06:50:51+00:00\",\"breadcrumb\":{\"@id\":\"https:\\\/\\\/sonomalandtrust.org\\\/es\\\/news\\\/hemos-adquirido-una-propiedad-de-162-acres-en-el-corredor-de-fauna-salvaje\\\/#breadcrumb\"},\"inLanguage\":\"es\",\"potentialAction\":[{\"@type\":\"ReadAction\",\"target\":[\"https:\\\/\\\/sonomalandtrust.org\\\/es\\\/news\\\/hemos-adquirido-una-propiedad-de-162-acres-en-el-corredor-de-fauna-salvaje\\\/\"]}]},{\"@type\":\"BreadcrumbList\",\"@id\":\"https:\\\/\\\/sonomalandtrust.org\\\/es\\\/news\\\/hemos-adquirido-una-propiedad-de-162-acres-en-el-corredor-de-fauna-salvaje\\\/#breadcrumb\",\"itemListElement\":[{\"@type\":\"ListItem\",\"position\":1,\"name\":\"Home\",\"item\":\"https:\\\/\\\/sonomalandtrust.org\\\/es\\\/inicio\\\/\"},{\"@type\":\"ListItem\",\"position\":2,\"name\":\"Hemos adquirido una propiedad de 162 acres en el corredor de fauna salvaje\"}]},{\"@type\":\"WebSite\",\"@id\":\"https:\\\/\\\/slt-2026.eclipse-dev.com\\\/#website\",\"url\":\"https:\\\/\\\/slt-2026.eclipse-dev.com\\\/\",\"name\":\"Sonoma Land Trust\",\"description\":\"\",\"publisher\":{\"@id\":\"https:\\\/\\\/slt-2026.eclipse-dev.com\\\/#organization\"},\"potentialAction\":[{\"@type\":\"SearchAction\",\"target\":{\"@type\":\"EntryPoint\",\"urlTemplate\":\"https:\\\/\\\/slt-2026.eclipse-dev.com\\\/?s={search_term_string}\"},\"query-input\":{\"@type\":\"PropertyValueSpecification\",\"valueRequired\":true,\"valueName\":\"search_term_string\"}}],\"inLanguage\":\"es\"},{\"@type\":\"Organization\",\"@id\":\"https:\\\/\\\/slt-2026.eclipse-dev.com\\\/#organization\",\"name\":\"Fondo de Tierras de Sonoma\",\"url\":\"https:\\\/\\\/slt-2026.eclipse-dev.com\\\/\",\"logo\":{\"@type\":\"ImageObject\",\"inLanguage\":\"es\",\"@id\":\"https:\\\/\\\/slt-2026.eclipse-dev.com\\\/#\\\/schema\\\/logo\\\/image\\\/\",\"url\":\"https:\\\/\\\/sonomalandtrust.org\\\/wp-content\\\/uploads\\\/2025\\\/10\\\/slt-logo.png\",\"contentUrl\":\"https:\\\/\\\/sonomalandtrust.org\\\/wp-content\\\/uploads\\\/2025\\\/10\\\/slt-logo.png\",\"width\":549,\"height\":333,\"caption\":\"Fondo de Tierras de Sonoma\"},\"image\":{\"@id\":\"https:\\\/\\\/slt-2026.eclipse-dev.com\\\/#\\\/schema\\\/logo\\\/image\\\/\"},\"sameAs\":[\"http:\\\/\\\/www.facebook.com\\\/Sonoma-Land-Trust\\\/\",\"https:\\\/\\\/www.instagram.com\\\/sonomalandtrust\\\/\",\"https:\\\/\\\/bsky.app\\\/profile\\\/sonomalandtrust.bsky.social\",\"https:\\\/\\\/www.youtube.com\\\/user\\\/SonomaLandTrust\\\/\",\"http:\\\/\\\/www.linkedin.com\\\/company\\\/1090048?trk=tyah\"]}]}<\/script>\n<!-- \/ Yoast SEO plugin. -->","yoast_head_json":{"title":"Hemos adquirido una propiedad de 162 acres en el corredor de fauna salvaje &#8212; Sonoma Land Trust","robots":{"index":"index","follow":"follow","max-snippet":"max-snippet:-1","max-image-preview":"max-image-preview:large","max-video-preview":"max-video-preview:-1"},"canonical":"https:\/\/sonomalandtrust.org\/es\/news\/hemos-adquirido-una-propiedad-de-162-acres-en-el-corredor-de-fauna-salvaje\/","og_locale":"es_ES","og_type":"article","og_title":"Hemos adquirido una propiedad de 162 acres en el corredor de fauna salvaje &#8212; Sonoma Land Trust","og_description":"Los responsables de parques del condado de Sonoma y los socios del condado para la adquisici\u00f3n de terrenos est\u00e1n ultimando este mes un acuerdo que a\u00f1adir\u00e1 otros 162 acres al Parque Regional y Reserva de Espacios Abiertos de Hood Mountain, abriendo por primera vez al acceso p\u00fablico un espacio natural de propiedad privada y en [&hellip;]","og_url":"https:\/\/sonomalandtrust.org\/es\/news\/hemos-adquirido-una-propiedad-de-162-acres-en-el-corredor-de-fauna-salvaje\/","og_site_name":"Sonoma Land Trust","article_publisher":"http:\/\/www.facebook.com\/Sonoma-Land-Trust\/","twitter_card":"summary_large_image","twitter_misc":{"Est. reading time":"1 minuto"},"schema":{"@context":"https:\/\/schema.org","@graph":[{"@type":"WebPage","@id":"https:\/\/sonomalandtrust.org\/es\/news\/hemos-adquirido-una-propiedad-de-162-acres-en-el-corredor-de-fauna-salvaje\/","url":"https:\/\/sonomalandtrust.org\/es\/news\/hemos-adquirido-una-propiedad-de-162-acres-en-el-corredor-de-fauna-salvaje\/","name":"Hemos adquirido una propiedad de 162 acres en el corredor de fauna salvaje &#8212; Sonoma Land Trust","isPartOf":{"@id":"https:\/\/slt-2026.eclipse-dev.com\/#website"},"datePublished":"2018-01-17T06:50:51+00:00","breadcrumb":{"@id":"https:\/\/sonomalandtrust.org\/es\/news\/hemos-adquirido-una-propiedad-de-162-acres-en-el-corredor-de-fauna-salvaje\/#breadcrumb"},"inLanguage":"es","potentialAction":[{"@type":"ReadAction","target":["https:\/\/sonomalandtrust.org\/es\/news\/hemos-adquirido-una-propiedad-de-162-acres-en-el-corredor-de-fauna-salvaje\/"]}]},{"@type":"BreadcrumbList","@id":"https:\/\/sonomalandtrust.org\/es\/news\/hemos-adquirido-una-propiedad-de-162-acres-en-el-corredor-de-fauna-salvaje\/#breadcrumb","itemListElement":[{"@type":"ListItem","position":1,"name":"Home","item":"https:\/\/sonomalandtrust.org\/es\/inicio\/"},{"@type":"ListItem","position":2,"name":"Hemos adquirido una propiedad de 162 acres en el corredor de fauna salvaje"}]},{"@type":"WebSite","@id":"https:\/\/slt-2026.eclipse-dev.com\/#website","url":"https:\/\/slt-2026.eclipse-dev.com\/","name":"Sonoma Land Trust","description":"","publisher":{"@id":"https:\/\/slt-2026.eclipse-dev.com\/#organization"},"potentialAction":[{"@type":"SearchAction","target":{"@type":"EntryPoint","urlTemplate":"https:\/\/slt-2026.eclipse-dev.com\/?s={search_term_string}"},"query-input":{"@type":"PropertyValueSpecification","valueRequired":true,"valueName":"search_term_string"}}],"inLanguage":"es"},{"@type":"Organization","@id":"https:\/\/slt-2026.eclipse-dev.com\/#organization","name":"Fondo de Tierras de Sonoma","url":"https:\/\/slt-2026.eclipse-dev.com\/","logo":{"@type":"ImageObject","inLanguage":"es","@id":"https:\/\/slt-2026.eclipse-dev.com\/#\/schema\/logo\/image\/","url":"https:\/\/sonomalandtrust.org\/wp-content\/uploads\/2025\/10\/slt-logo.png","contentUrl":"https:\/\/sonomalandtrust.org\/wp-content\/uploads\/2025\/10\/slt-logo.png","width":549,"height":333,"caption":"Fondo de Tierras de Sonoma"},"image":{"@id":"https:\/\/slt-2026.eclipse-dev.com\/#\/schema\/logo\/image\/"},"sameAs":["http:\/\/www.facebook.com\/Sonoma-Land-Trust\/","https:\/\/www.instagram.com\/sonomalandtrust\/","https:\/\/bsky.app\/profile\/sonomalandtrust.bsky.social","https:\/\/www.youtube.com\/user\/SonomaLandTrust\/","http:\/\/www.linkedin.com\/company\/1090048?trk=tyah"]}]}},"_links":{"self":[{"href":"https:\/\/sonomalandtrust.org\/es\/wp-json\/wp\/v2\/news\/13492","targetHints":{"allow":["GET"]}}],"collection":[{"href":"https:\/\/sonomalandtrust.org\/es\/wp-json\/wp\/v2\/news"}],"about":[{"href":"https:\/\/sonomalandtrust.org\/es\/wp-json\/wp\/v2\/types\/news"}],"wp:attachment":[{"href":"https:\/\/sonomalandtrust.org\/es\/wp-json\/wp\/v2\/media?parent=13492"}],"wp:term":[{"taxonomy":"news-type","embeddable":true,"href":"https:\/\/sonomalandtrust.org\/es\/wp-json\/wp\/v2\/news-type?post=13492"}],"curies":[{"name":"wp","href":"https:\/\/api.w.org\/{rel}","templated":true}]}}