{"id":13489,"date":"2018-09-21T00:35:50","date_gmt":"2018-09-21T07:35:50","guid":{"rendered":"https:\/\/sonomalandtrust.org\/news\/point-reyes-del-condado-de-sonoma-las-reservas-de-jenner-headlands-y-pole-mountain-abriran-el-7-de-septiembre\/"},"modified":"2026-03-09T11:38:04","modified_gmt":"2026-03-09T18:38:04","slug":"point-reyes-del-condado-de-sonoma-las-reservas-de-jenner-headlands-y-pole-mountain-abriran-el-7-de-septiembre","status":"publish","type":"news","link":"https:\/\/sonomalandtrust.org\/es\/news\/point-reyes-del-condado-de-sonoma-las-reservas-de-jenner-headlands-y-pole-mountain-abriran-el-7-de-septiembre\/","title":{"rendered":"Point Reyes del condado de Sonoma &#8211; Las reservas de Jenner Headlands y Pole Mountain abrir\u00e1n el 7 de septiembre"},"content":{"rendered":"\n<div class=\"wp-block-columns is-layout-flex wp-container-core-columns-is-layout-28f84493 wp-block-columns-is-layout-flex\">\n<div class=\"wp-block-column is-layout-flow wp-block-column-is-layout-flow\" style=\"flex-basis:33.33%\">\n<figure class=\"wp-block-image size-large\"><a href=\"https:\/\/sonomalandtrust.org\/wp-content\/uploads\/2018\/09\/jenner_bodega_head.jpg\"><img decoding=\"async\" src=\"https:\/\/sonomalandtrust.org\/wp-content\/uploads\/2018\/09\/jenner_bodega_head.jpg\" alt=\"\" class=\"wp-image-29482\"\/><\/a><\/figure>\n\n\n\n<hr class=\"wp-block-separator\"\/>\n\n\n\n<h5 class=\"wp-block-heading\"><strong>CONTACTO:<\/strong><\/h5>\n\n\n\n<p><strong>Sean Dowdall<br\/><\/strong>Presidente, Landis PR<br\/><a href=\"mailto:sean@landispr.com\">sean@landispr.com<\/a><\/p>\n<\/div>\n\n\n\n<div class=\"wp-block-column is-layout-flow wp-block-column-is-layout-flow\" style=\"flex-basis:66.66%\">\n<p>JENNER, CALIFORNIA &#8211; La Puerta a la Reserva de Jenner Headlands de Wildlands Conservancy disfrutar\u00e1 de su apertura al p\u00fablico el 7 de septiembre. Los visitantes de la impresionante costa del condado de Sonoma tendr\u00e1n ahora la oportunidad de explorar a su aire y de forma gratuita los senderos de esta espectacular reserva natural de 1.500 hect\u00e1reas, y de subir a la cima del pico m\u00e1s alto de la costa, en la Reserva de la Monta\u00f1a Pole de la Fundaci\u00f3n de Tierras de Sonoma.  <\/p>\n\n\n\n<p>Situado a 3 km al norte de la ciudad de Jenner, en el lado este de la autopista 1, el tan esperado Gateway to Jenner Headlands incluye un aparcamiento de 30 plazas, se\u00f1alizaci\u00f3n interpretativa, aseos y un inicio de sendero que invita a los visitantes a 14 km de senderos y paisajes impresionantes. Tras a\u00f1os de cuidadoso dise\u00f1o y planificaci\u00f3n, The Wildlands Conservancy y sus socios, incluidos Sonoma Land Trust y Sonoma County Ag + Open Space, han logrado un equilibrio en el dise\u00f1o y la gesti\u00f3n para abarcar la recreaci\u00f3n, la restauraci\u00f3n y la conservaci\u00f3n. <\/p>\n\n\n\n<p>David Myers, director ejecutivo de The Wildlands Conservancy, reconoce el esfuerzo realizado y el impacto logrado al proteger los Jenner Headlands y abrir la Reserva al p\u00fablico. \u00abQueremos dar las gracias a todos los socios y participantes cuya dedicaci\u00f3n y duro trabajo han contribuido a proteger este magn\u00edfico paisaje, un paisaje que enriquecer\u00e1 la vida de los visitantes con belleza e inspiraci\u00f3n para siempre.\u00bb <\/p>\n\n\n\n<p>La apertura de la Reserva Gateway to Jenner Headlands, al igual que la compleja adquisici\u00f3n de la propiedad, que dur\u00f3 cinco a\u00f1os, no habr\u00eda sido posible sin el generoso apoyo de los socios del proyecto, como State Coastal Conservancy, Wildlife Conservation Board, Gordon and Betty Moore Foundation, The Wildlands Conservancy, Sonoma Land Trust, Sonoma County Ag + Open Space y otros.<\/p>\n\n\n\n<p>Abrir las puertas de la Reserva de Jenner Headlands es la culminaci\u00f3n de m\u00e1s de una d\u00e9cada de trabajo que comenz\u00f3 en 2005, cuando Sonoma Land Trust empez\u00f3 a recaudar 36 millones de d\u00f3lares para adquirir la propiedad con fines de conservaci\u00f3n. El Land Trust cerr\u00f3 el trato con Jenner Headlands en 2009 gracias a la colaboraci\u00f3n de 10 socios financiadores p\u00fablicos y privados, entre ellos Ag + Open Space, que posee una servidumbre de conservaci\u00f3n perpetua que garantiza la protecci\u00f3n del terreno para siempre, y The Wildlands Conservancy, el administrador permanente de la propiedad desde 2013. La gesti\u00f3n del terreno y sus oportunidades recreativas se rigen por un Plan Integrado de Gesti\u00f3n de Recursos desarrollado por el Land Trust y The Conservancy.  <\/p>\n\n\n\n<p>Poco despu\u00e9s de que The Wildlands Conservancy se hiciera con la propiedad de Jenner Headlands, Sonoma Land Trust volvi\u00f3 a asociarse con Ag + Open Space, entre otros, para adquirir Pole Mountain en 2014. Situada entre Jenner Headlands y la Reserva Little Black Mountain de Sonoma Land Trust, la adquisici\u00f3n conecta m\u00e1s de 6.300 acres de tierra salvaje, para la vida salvaje y para el recreo. Pole Mountain es el pico m\u00e1s alto de la costa de Sonoma, con sus 2.204 pies, y ofrece vistas sin obst\u00e1culos de 360 grados del condado de Sonoma, desde la costa hasta los Cedros, y mucho m\u00e1s all\u00e1.  <\/p>\n\n\n\n<p>\u00abUna caminata desde los Cabos de Jenner hasta la cima de la Monta\u00f1a del Polo es explorar los campos costeros, los bosques y las vistas que han atra\u00eddo aqu\u00ed a la gente durante milenios\u00bb, dijo Dave Koehler, director ejecutivo de Sonoma Land Trust. \u00abEl \u00e9xito de nuestra asociaci\u00f3n para proteger este lugar especial y abrir el sendero p\u00fablico se medir\u00e1 en los pr\u00f3ximos a\u00f1os por los visitantes de todas las edades cuyos corazones y mentes se conecten con la tierra y se sientan inspirados para seguir cuidando de su futuro.\u00bb <\/p>\n\n\n\n<p>\u00abLa apertura de la Reserva de Jenner Headlands y Pole Mountain es la culminaci\u00f3n de m\u00e1s de una d\u00e9cada de duro trabajo de un grupo de personas y organizaciones entregadas\u00bb, dijo el director general de Ag + Open Space, Bill Keene. \u00abEstamos muy orgullosos de haber podido aportar 10 millones de d\u00f3lares en nombre de los residentes del condado de Sonoma para proteger estas dos incre\u00edbles joyas naturales y recreativas, y estamos deseando ver a nuestra comunidad explorar esta magn\u00edfica zona durante generaciones.\u00bb <\/p>\n\n\n\n<p>La Entrada a Jenner Headlands estar\u00e1 abierta todos los d\u00edas desde las 8 de la ma\u00f1ana hasta la puesta de sol a partir del viernes 7 de septiembre. El aparcamiento y el acceso a Jenner Headlands Preserve y Pole Mountain son gratuitos gracias a The Wildlands Conservancy. Se anima a los excursionistas que acepten el reto de hacer cumbre en el monte Pole desde el aparcamiento Gateway a que salgan temprano para completar la extenuante caminata de 14 millas ida y vuelta antes de la puesta de sol.  <\/p>\n\n\n\n<h4 class=\"wp-block-heading\">Acerca de The Wildlands Conservancy<\/h4>\n\n\n\n<p>Desde que adquiri\u00f3 su primera reserva en 1995, The Wildlands Conservancy se ha dedicado a conservar paisajes importantes y notables y a abrirlos al p\u00fablico gratuitamente para el ocio pasivo y la educaci\u00f3n al aire libre. Wildlands posee y administra casi 150.000 acres en quince reservas naturales de California, el mayor sistema de reservas sin \u00e1nimo de lucro del estado. En \u00faltima instancia, salvar nuestros preciados paisajes significa educar e inculcar el amor por la naturaleza a las generaciones futuras. Por este motivo, Wildlands es tambi\u00e9n la organizaci\u00f3n sin \u00e1nimo de lucro l\u00edder del estado en ofrecer oportunidades gratuitas de educaci\u00f3n al aire libre a los j\u00f3venes de California. Mediante estos programas y nuestra reverente administraci\u00f3n de las reservas -visitadas por m\u00e1s de medio mill\u00f3n de personas al a\u00f1o- fomentamos el amor y el respeto por la vida en todas sus magn\u00edficas formas. Para m\u00e1s informaci\u00f3n, visita <a href=\"https:\/\/www.wildlandsconservancy.org\/\">www.wildlandsconservancy.org.<\/a>     <\/p>\n\n\n\n<h4 class=\"wp-block-heading\">Acerca de Sonoma Land Trust<\/h4>\n\n\n\n<p>Sonoma Land Trust cree que la tierra es la base de nuestra econom\u00eda y de la salud y el bienestar de nuestra comunidad. Desde 1976, Sonoma Land Trust ha protegido m\u00e1s de 50.000 acres de terrenos paisaj\u00edsticos, naturales, agr\u00edcolas y abiertos para las generaciones futuras, y est\u00e1 acreditada por la Comisi\u00f3n de Acreditaci\u00f3n de Land Trust. <\/p>\n\n\n\n<h4 class=\"wp-block-heading\">Acerca de Ag + Open Space del Condado de Sonoma<\/h4>\n\n\n\n<p>Sonoma County Ag + Open Space protege de forma permanente las diversas tierras agr\u00edcolas, de recursos naturales y espacios abiertos esc\u00e9nicos del condado de Sonoma para las generaciones futuras. El distrito es responsable de la protecci\u00f3n perpetua de m\u00e1s de 114.000 acres de tierra en toda nuestra regi\u00f3n. Estos terrenos agr\u00edcolas y de espacios abiertos se protegen mediante un impuesto sobre las ventas de un cuarto de c\u00e9ntimo aprobado por los votantes en 1990 y reautorizado en 2006. Para m\u00e1s informaci\u00f3n, visita <a href=\"https:\/\/www.sonomaopenspace.org\/\">www.sonomaopenspace.org.<\/a>   <\/p>\n<\/div>\n<\/div>\n","protected":false},"excerpt":{"rendered":"<p>Presidente, Landis PRsean@landispr.com JENNER, CALIFORNIA &#8211; La Puerta a la Reserva de Jenner Headlands de Wildlands Conservancy disfrutar\u00e1 de su apertura al p\u00fablico el 7 de septiembre. Los visitantes de la impresionante costa del condado de Sonoma tendr\u00e1n ahora la oportunidad de explorar a su aire y de forma gratuita los senderos de esta espectacular [&hellip;]<\/p>\n","protected":false},"featured_media":0,"template":"","meta":{"_acf_changed":false},"news-type":[86],"class_list":["post-13489","news","type-news","status-publish","hentry","news-type-comunicado-de-prensa"],"acf":[],"yoast_head":"<!-- This site is optimized with the Yoast SEO plugin v27.3 - https:\/\/yoast.com\/product\/yoast-seo-wordpress\/ -->\n<title>Point Reyes del condado de Sonoma - Las reservas de Jenner Headlands y Pole Mountain abrir\u00e1n el 7 de septiembre &#8212; Sonoma Land Trust<\/title>\n<meta name=\"robots\" content=\"index, follow, max-snippet:-1, max-image-preview:large, max-video-preview:-1\" \/>\n<link rel=\"canonical\" href=\"https:\/\/sonomalandtrust.org\/es\/news\/point-reyes-del-condado-de-sonoma-las-reservas-de-jenner-headlands-y-pole-mountain-abriran-el-7-de-septiembre\/\" \/>\n<meta property=\"og:locale\" content=\"es_ES\" \/>\n<meta property=\"og:type\" content=\"article\" \/>\n<meta property=\"og:title\" content=\"Point Reyes del condado de Sonoma - Las reservas de Jenner Headlands y Pole Mountain abrir\u00e1n el 7 de septiembre &#8212; Sonoma Land Trust\" \/>\n<meta property=\"og:description\" content=\"Presidente, Landis PRsean@landispr.com JENNER, CALIFORNIA &#8211; La Puerta a la Reserva de Jenner Headlands de Wildlands Conservancy disfrutar\u00e1 de su apertura al p\u00fablico el 7 de septiembre. Los visitantes de la impresionante costa del condado de Sonoma tendr\u00e1n ahora la oportunidad de explorar a su aire y de forma gratuita los senderos de esta espectacular [&hellip;]\" \/>\n<meta property=\"og:url\" content=\"https:\/\/sonomalandtrust.org\/es\/news\/point-reyes-del-condado-de-sonoma-las-reservas-de-jenner-headlands-y-pole-mountain-abriran-el-7-de-septiembre\/\" \/>\n<meta property=\"og:site_name\" content=\"Sonoma Land Trust\" \/>\n<meta property=\"article:publisher\" content=\"http:\/\/www.facebook.com\/Sonoma-Land-Trust\/\" \/>\n<meta property=\"article:modified_time\" content=\"2026-03-09T18:38:04+00:00\" \/>\n<meta name=\"twitter:card\" content=\"summary_large_image\" \/>\n<meta name=\"twitter:label1\" content=\"Est. reading time\" \/>\n\t<meta name=\"twitter:data1\" content=\"6 minuto\" \/>\n<script type=\"application\/ld+json\" class=\"yoast-schema-graph\">{\"@context\":\"https:\\\/\\\/schema.org\",\"@graph\":[{\"@type\":\"WebPage\",\"@id\":\"https:\\\/\\\/sonomalandtrust.org\\\/es\\\/news\\\/point-reyes-del-condado-de-sonoma-las-reservas-de-jenner-headlands-y-pole-mountain-abriran-el-7-de-septiembre\\\/\",\"url\":\"https:\\\/\\\/sonomalandtrust.org\\\/es\\\/news\\\/point-reyes-del-condado-de-sonoma-las-reservas-de-jenner-headlands-y-pole-mountain-abriran-el-7-de-septiembre\\\/\",\"name\":\"Point Reyes del condado de Sonoma - Las reservas de Jenner Headlands y Pole Mountain abrir\u00e1n el 7 de septiembre &#8212; Sonoma Land Trust\",\"isPartOf\":{\"@id\":\"https:\\\/\\\/slt-2026.eclipse-dev.com\\\/#website\"},\"primaryImageOfPage\":{\"@id\":\"https:\\\/\\\/sonomalandtrust.org\\\/es\\\/news\\\/point-reyes-del-condado-de-sonoma-las-reservas-de-jenner-headlands-y-pole-mountain-abriran-el-7-de-septiembre\\\/#primaryimage\"},\"image\":{\"@id\":\"https:\\\/\\\/sonomalandtrust.org\\\/es\\\/news\\\/point-reyes-del-condado-de-sonoma-las-reservas-de-jenner-headlands-y-pole-mountain-abriran-el-7-de-septiembre\\\/#primaryimage\"},\"thumbnailUrl\":\"https:\\\/\\\/sonomalandtrust.org\\\/wp-content\\\/uploads\\\/2018\\\/09\\\/jenner_bodega_head.jpg\",\"datePublished\":\"2018-09-21T07:35:50+00:00\",\"dateModified\":\"2026-03-09T18:38:04+00:00\",\"breadcrumb\":{\"@id\":\"https:\\\/\\\/sonomalandtrust.org\\\/es\\\/news\\\/point-reyes-del-condado-de-sonoma-las-reservas-de-jenner-headlands-y-pole-mountain-abriran-el-7-de-septiembre\\\/#breadcrumb\"},\"inLanguage\":\"es\",\"potentialAction\":[{\"@type\":\"ReadAction\",\"target\":[\"https:\\\/\\\/sonomalandtrust.org\\\/es\\\/news\\\/point-reyes-del-condado-de-sonoma-las-reservas-de-jenner-headlands-y-pole-mountain-abriran-el-7-de-septiembre\\\/\"]}]},{\"@type\":\"ImageObject\",\"inLanguage\":\"es\",\"@id\":\"https:\\\/\\\/sonomalandtrust.org\\\/es\\\/news\\\/point-reyes-del-condado-de-sonoma-las-reservas-de-jenner-headlands-y-pole-mountain-abriran-el-7-de-septiembre\\\/#primaryimage\",\"url\":\"https:\\\/\\\/sonomalandtrust.org\\\/wp-content\\\/uploads\\\/2018\\\/09\\\/jenner_bodega_head.jpg\",\"contentUrl\":\"https:\\\/\\\/sonomalandtrust.org\\\/wp-content\\\/uploads\\\/2018\\\/09\\\/jenner_bodega_head.jpg\"},{\"@type\":\"BreadcrumbList\",\"@id\":\"https:\\\/\\\/sonomalandtrust.org\\\/es\\\/news\\\/point-reyes-del-condado-de-sonoma-las-reservas-de-jenner-headlands-y-pole-mountain-abriran-el-7-de-septiembre\\\/#breadcrumb\",\"itemListElement\":[{\"@type\":\"ListItem\",\"position\":1,\"name\":\"Home\",\"item\":\"https:\\\/\\\/sonomalandtrust.org\\\/es\\\/inicio\\\/\"},{\"@type\":\"ListItem\",\"position\":2,\"name\":\"Point Reyes del condado de Sonoma &#8211; Las reservas de Jenner Headlands y Pole Mountain abrir\u00e1n el 7 de septiembre\"}]},{\"@type\":\"WebSite\",\"@id\":\"https:\\\/\\\/slt-2026.eclipse-dev.com\\\/#website\",\"url\":\"https:\\\/\\\/slt-2026.eclipse-dev.com\\\/\",\"name\":\"Sonoma Land Trust\",\"description\":\"\",\"publisher\":{\"@id\":\"https:\\\/\\\/slt-2026.eclipse-dev.com\\\/#organization\"},\"potentialAction\":[{\"@type\":\"SearchAction\",\"target\":{\"@type\":\"EntryPoint\",\"urlTemplate\":\"https:\\\/\\\/slt-2026.eclipse-dev.com\\\/?s={search_term_string}\"},\"query-input\":{\"@type\":\"PropertyValueSpecification\",\"valueRequired\":true,\"valueName\":\"search_term_string\"}}],\"inLanguage\":\"es\"},{\"@type\":\"Organization\",\"@id\":\"https:\\\/\\\/slt-2026.eclipse-dev.com\\\/#organization\",\"name\":\"Fondo de Tierras de Sonoma\",\"url\":\"https:\\\/\\\/slt-2026.eclipse-dev.com\\\/\",\"logo\":{\"@type\":\"ImageObject\",\"inLanguage\":\"es\",\"@id\":\"https:\\\/\\\/slt-2026.eclipse-dev.com\\\/#\\\/schema\\\/logo\\\/image\\\/\",\"url\":\"https:\\\/\\\/sonomalandtrust.org\\\/wp-content\\\/uploads\\\/2025\\\/10\\\/slt-logo.png\",\"contentUrl\":\"https:\\\/\\\/sonomalandtrust.org\\\/wp-content\\\/uploads\\\/2025\\\/10\\\/slt-logo.png\",\"width\":549,\"height\":333,\"caption\":\"Fondo de Tierras de Sonoma\"},\"image\":{\"@id\":\"https:\\\/\\\/slt-2026.eclipse-dev.com\\\/#\\\/schema\\\/logo\\\/image\\\/\"},\"sameAs\":[\"http:\\\/\\\/www.facebook.com\\\/Sonoma-Land-Trust\\\/\",\"https:\\\/\\\/www.instagram.com\\\/sonomalandtrust\\\/\",\"https:\\\/\\\/bsky.app\\\/profile\\\/sonomalandtrust.bsky.social\",\"https:\\\/\\\/www.youtube.com\\\/user\\\/SonomaLandTrust\\\/\",\"http:\\\/\\\/www.linkedin.com\\\/company\\\/1090048?trk=tyah\"]}]}<\/script>\n<!-- \/ Yoast SEO plugin. -->","yoast_head_json":{"title":"Point Reyes del condado de Sonoma - Las reservas de Jenner Headlands y Pole Mountain abrir\u00e1n el 7 de septiembre &#8212; Sonoma Land Trust","robots":{"index":"index","follow":"follow","max-snippet":"max-snippet:-1","max-image-preview":"max-image-preview:large","max-video-preview":"max-video-preview:-1"},"canonical":"https:\/\/sonomalandtrust.org\/es\/news\/point-reyes-del-condado-de-sonoma-las-reservas-de-jenner-headlands-y-pole-mountain-abriran-el-7-de-septiembre\/","og_locale":"es_ES","og_type":"article","og_title":"Point Reyes del condado de Sonoma - Las reservas de Jenner Headlands y Pole Mountain abrir\u00e1n el 7 de septiembre &#8212; Sonoma Land Trust","og_description":"Presidente, Landis PRsean@landispr.com JENNER, CALIFORNIA &#8211; La Puerta a la Reserva de Jenner Headlands de Wildlands Conservancy disfrutar\u00e1 de su apertura al p\u00fablico el 7 de septiembre. Los visitantes de la impresionante costa del condado de Sonoma tendr\u00e1n ahora la oportunidad de explorar a su aire y de forma gratuita los senderos de esta espectacular [&hellip;]","og_url":"https:\/\/sonomalandtrust.org\/es\/news\/point-reyes-del-condado-de-sonoma-las-reservas-de-jenner-headlands-y-pole-mountain-abriran-el-7-de-septiembre\/","og_site_name":"Sonoma Land Trust","article_publisher":"http:\/\/www.facebook.com\/Sonoma-Land-Trust\/","article_modified_time":"2026-03-09T18:38:04+00:00","twitter_card":"summary_large_image","twitter_misc":{"Est. reading time":"6 minuto"},"schema":{"@context":"https:\/\/schema.org","@graph":[{"@type":"WebPage","@id":"https:\/\/sonomalandtrust.org\/es\/news\/point-reyes-del-condado-de-sonoma-las-reservas-de-jenner-headlands-y-pole-mountain-abriran-el-7-de-septiembre\/","url":"https:\/\/sonomalandtrust.org\/es\/news\/point-reyes-del-condado-de-sonoma-las-reservas-de-jenner-headlands-y-pole-mountain-abriran-el-7-de-septiembre\/","name":"Point Reyes del condado de Sonoma - Las reservas de Jenner Headlands y Pole Mountain abrir\u00e1n el 7 de septiembre &#8212; Sonoma Land Trust","isPartOf":{"@id":"https:\/\/slt-2026.eclipse-dev.com\/#website"},"primaryImageOfPage":{"@id":"https:\/\/sonomalandtrust.org\/es\/news\/point-reyes-del-condado-de-sonoma-las-reservas-de-jenner-headlands-y-pole-mountain-abriran-el-7-de-septiembre\/#primaryimage"},"image":{"@id":"https:\/\/sonomalandtrust.org\/es\/news\/point-reyes-del-condado-de-sonoma-las-reservas-de-jenner-headlands-y-pole-mountain-abriran-el-7-de-septiembre\/#primaryimage"},"thumbnailUrl":"https:\/\/sonomalandtrust.org\/wp-content\/uploads\/2018\/09\/jenner_bodega_head.jpg","datePublished":"2018-09-21T07:35:50+00:00","dateModified":"2026-03-09T18:38:04+00:00","breadcrumb":{"@id":"https:\/\/sonomalandtrust.org\/es\/news\/point-reyes-del-condado-de-sonoma-las-reservas-de-jenner-headlands-y-pole-mountain-abriran-el-7-de-septiembre\/#breadcrumb"},"inLanguage":"es","potentialAction":[{"@type":"ReadAction","target":["https:\/\/sonomalandtrust.org\/es\/news\/point-reyes-del-condado-de-sonoma-las-reservas-de-jenner-headlands-y-pole-mountain-abriran-el-7-de-septiembre\/"]}]},{"@type":"ImageObject","inLanguage":"es","@id":"https:\/\/sonomalandtrust.org\/es\/news\/point-reyes-del-condado-de-sonoma-las-reservas-de-jenner-headlands-y-pole-mountain-abriran-el-7-de-septiembre\/#primaryimage","url":"https:\/\/sonomalandtrust.org\/wp-content\/uploads\/2018\/09\/jenner_bodega_head.jpg","contentUrl":"https:\/\/sonomalandtrust.org\/wp-content\/uploads\/2018\/09\/jenner_bodega_head.jpg"},{"@type":"BreadcrumbList","@id":"https:\/\/sonomalandtrust.org\/es\/news\/point-reyes-del-condado-de-sonoma-las-reservas-de-jenner-headlands-y-pole-mountain-abriran-el-7-de-septiembre\/#breadcrumb","itemListElement":[{"@type":"ListItem","position":1,"name":"Home","item":"https:\/\/sonomalandtrust.org\/es\/inicio\/"},{"@type":"ListItem","position":2,"name":"Point Reyes del condado de Sonoma &#8211; Las reservas de Jenner Headlands y Pole Mountain abrir\u00e1n el 7 de septiembre"}]},{"@type":"WebSite","@id":"https:\/\/slt-2026.eclipse-dev.com\/#website","url":"https:\/\/slt-2026.eclipse-dev.com\/","name":"Sonoma Land Trust","description":"","publisher":{"@id":"https:\/\/slt-2026.eclipse-dev.com\/#organization"},"potentialAction":[{"@type":"SearchAction","target":{"@type":"EntryPoint","urlTemplate":"https:\/\/slt-2026.eclipse-dev.com\/?s={search_term_string}"},"query-input":{"@type":"PropertyValueSpecification","valueRequired":true,"valueName":"search_term_string"}}],"inLanguage":"es"},{"@type":"Organization","@id":"https:\/\/slt-2026.eclipse-dev.com\/#organization","name":"Fondo de Tierras de Sonoma","url":"https:\/\/slt-2026.eclipse-dev.com\/","logo":{"@type":"ImageObject","inLanguage":"es","@id":"https:\/\/slt-2026.eclipse-dev.com\/#\/schema\/logo\/image\/","url":"https:\/\/sonomalandtrust.org\/wp-content\/uploads\/2025\/10\/slt-logo.png","contentUrl":"https:\/\/sonomalandtrust.org\/wp-content\/uploads\/2025\/10\/slt-logo.png","width":549,"height":333,"caption":"Fondo de Tierras de Sonoma"},"image":{"@id":"https:\/\/slt-2026.eclipse-dev.com\/#\/schema\/logo\/image\/"},"sameAs":["http:\/\/www.facebook.com\/Sonoma-Land-Trust\/","https:\/\/www.instagram.com\/sonomalandtrust\/","https:\/\/bsky.app\/profile\/sonomalandtrust.bsky.social","https:\/\/www.youtube.com\/user\/SonomaLandTrust\/","http:\/\/www.linkedin.com\/company\/1090048?trk=tyah"]}]}},"_links":{"self":[{"href":"https:\/\/sonomalandtrust.org\/es\/wp-json\/wp\/v2\/news\/13489","targetHints":{"allow":["GET"]}}],"collection":[{"href":"https:\/\/sonomalandtrust.org\/es\/wp-json\/wp\/v2\/news"}],"about":[{"href":"https:\/\/sonomalandtrust.org\/es\/wp-json\/wp\/v2\/types\/news"}],"wp:attachment":[{"href":"https:\/\/sonomalandtrust.org\/es\/wp-json\/wp\/v2\/media?parent=13489"}],"wp:term":[{"taxonomy":"news-type","embeddable":true,"href":"https:\/\/sonomalandtrust.org\/es\/wp-json\/wp\/v2\/news-type?post=13489"}],"curies":[{"name":"wp","href":"https:\/\/api.w.org\/{rel}","templated":true}]}}