{"id":13474,"date":"2026-02-10T13:02:07","date_gmt":"2026-02-10T21:02:07","guid":{"rendered":"https:\/\/sonomalandtrust.org\/news\/una-fuerza-para-la-naturaleza-los-fundadores-de-la-via-verde-del-sureste-de-santa-rosa-hablan-de-su-mision\/"},"modified":"2026-03-13T10:37:12","modified_gmt":"2026-03-13T17:37:12","slug":"una-fuerza-para-la-naturaleza-los-fundadores-de-la-via-verde-del-sureste-de-santa-rosa-hablan-de-su-mision","status":"publish","type":"news","link":"https:\/\/sonomalandtrust.org\/es\/news\/una-fuerza-para-la-naturaleza-los-fundadores-de-la-via-verde-del-sureste-de-santa-rosa-hablan-de-su-mision\/","title":{"rendered":"Una Fuerza para la Naturaleza: Los fundadores de la V\u00eda Verde del Sureste de Santa Rosa hablan de su misi\u00f3n"},"content":{"rendered":"\n<p>Durante m\u00e1s de una d\u00e9cada, la visi\u00f3n de transformar una franja de terreno abandonada en una v\u00eda verde urbana ha estado al frente de la misi\u00f3n de la Campa\u00f1a Southeast Greenway de Santa Rosa. Linda Proulx, miembro fundador de la Campa\u00f1a V\u00eda Verde del Sureste y miembro de la Liga del Legado de Sonoma Land Trust, y Thea Hensel, copresidenta de la Campa\u00f1a V\u00eda Verde del Sureste y miembro de Sonoma Land Trust Evergreen, explican la importancia de este proyecto y por qu\u00e9 tambi\u00e9n es importante para ellas apoyar individualmente a Sonoma Land Trust. <\/p>\n\n<p>Linda destaca la alineaci\u00f3n entre las dos organizaciones, afirmando: \u00abNuestra visi\u00f3n de crear una vibrante v\u00eda verde urbana complementa perfectamente la misi\u00f3n de Sonoma Land Trust de proporcionar un acceso equitativo a la naturaleza conservando al mismo tiempo la tierra para las generaciones futuras.\u00bb Y a\u00f1ade: \u00abLa asociaci\u00f3n entre nuestras organizaciones es una de las razones por las que apoyo personalmente a Sonoma Land Trust al haber visto el enorme valor que aportan a este trabajo.\u00bb <\/p>\n\n<p>Thea Hensel se hace eco de los sentimientos de Linda y destaca las cualidades \u00fanicas de la v\u00eda verde. \u00abLa V\u00eda Verde del Sureste ofrece una diversa gama de paisajes, desde espacios abiertos, parques sombreados, arroyos y riachuelos hasta impresionantes vistas de las laderas\u00bb, explica. \u00abEstos atributos la convierten en un valioso activo para la comunidad, y estamos agradecidos por el inquebrantable apoyo y orientaci\u00f3n proporcionados por la Fundaci\u00f3n para el Suelo de Sonoma y por el papel vital que han desempe\u00f1ado en la direcci\u00f3n de este proyecto.\u00bb  <\/p>\n\n<p>En el centro de esta colaboraci\u00f3n est\u00e1 el compromiso de conectar a las comunidades con la naturaleza. Tambi\u00e9n ejemplifica lo que se puede conseguir cuando ambas organizaciones aprovechan sus puntos fuertes y sus recursos para transformar las ideas en realidad, creando beneficios duraderos tanto para las personas como para el planeta. El resultado no s\u00f3lo beneficiar\u00e1 a la comunidad local, sino que tambi\u00e9n contribuir\u00e1 a nuestros mayores esfuerzos de conservaci\u00f3n medioambiental y a los objetivos de resiliencia clim\u00e1tica del 30\u00d730.<\/p>\n\n<p>A medida que nos acercamos a hacer realidad esta visi\u00f3n juntos, expresamos nuestra gratitud a todos los miembros del Equipo de la V\u00eda Verde del Sureste y a quienes les apoyan por su dedicaci\u00f3n y duro trabajo y por las muchas formas en que apoyan a Sonoma Land Trust. Sus incansables esfuerzos han sido fundamentales para hacer avanzar este proyecto y valoramos su colaboraci\u00f3n. <\/p>\n\n<p>M\u00e1s informaci\u00f3n sobre las \u00faltimas actualizaciones en <a href=\"https:\/\/southeastgreenway.org\/\" target=\"_blank\" rel=\"noreferrer noopener\">https:\/\/southeastgreenway.org<\/a><\/p>\n\n<p><\/p>\n","protected":false},"excerpt":{"rendered":"<p>Impulsado por defensores de la comunidad como Linda Proulx y Thea Hensel -y reforzado por la asociaci\u00f3n Sonoma Land Trust-, el proyecto Greenway conectar\u00e1 los barrios con parques, arroyos y espacios abiertos, al tiempo que fomentar\u00e1 la resistencia al cambio clim\u00e1tico y el acceso equitativo a la naturaleza.<\/p>\n","protected":false},"featured_media":13475,"template":"","meta":{"_acf_changed":false},"news-type":[86],"class_list":["post-13474","news","type-news","status-publish","has-post-thumbnail","hentry","news-type-comunicado-de-prensa"],"acf":[],"yoast_head":"<!-- This site is optimized with the Yoast SEO plugin v27.3 - https:\/\/yoast.com\/product\/yoast-seo-wordpress\/ -->\n<title>Una Fuerza para la Naturaleza: Los fundadores de la V\u00eda Verde del Sureste de Santa Rosa hablan de su misi\u00f3n &#8212; Sonoma Land Trust<\/title>\n<meta name=\"robots\" content=\"index, follow, max-snippet:-1, max-image-preview:large, max-video-preview:-1\" \/>\n<link rel=\"canonical\" href=\"https:\/\/sonomalandtrust.org\/es\/news\/una-fuerza-para-la-naturaleza-los-fundadores-de-la-via-verde-del-sureste-de-santa-rosa-hablan-de-su-mision\/\" \/>\n<meta property=\"og:locale\" content=\"es_ES\" \/>\n<meta property=\"og:type\" content=\"article\" \/>\n<meta property=\"og:title\" content=\"Una Fuerza para la Naturaleza: Los fundadores de la V\u00eda Verde del Sureste de Santa Rosa hablan de su misi\u00f3n &#8212; Sonoma Land Trust\" \/>\n<meta property=\"og:description\" content=\"Impulsado por defensores de la comunidad como Linda Proulx y Thea Hensel -y reforzado por la asociaci\u00f3n Sonoma Land Trust-, el proyecto Greenway conectar\u00e1 los barrios con parques, arroyos y espacios abiertos, al tiempo que fomentar\u00e1 la resistencia al cambio clim\u00e1tico y el acceso equitativo a la naturaleza.\" \/>\n<meta property=\"og:url\" content=\"https:\/\/sonomalandtrust.org\/es\/news\/una-fuerza-para-la-naturaleza-los-fundadores-de-la-via-verde-del-sureste-de-santa-rosa-hablan-de-su-mision\/\" \/>\n<meta property=\"og:site_name\" content=\"Sonoma Land Trust\" \/>\n<meta property=\"article:publisher\" content=\"http:\/\/www.facebook.com\/Sonoma-Land-Trust\/\" \/>\n<meta property=\"article:modified_time\" content=\"2026-03-13T17:37:12+00:00\" \/>\n<meta property=\"og:image\" content=\"https:\/\/slt-2026.eclipse-dev.com\/wp-content\/uploads\/2024\/06\/linda-proulx-thea-hensel.jpg\" \/>\n\t<meta property=\"og:image:width\" content=\"1800\" \/>\n\t<meta property=\"og:image:height\" content=\"1200\" \/>\n\t<meta property=\"og:image:type\" content=\"image\/jpeg\" \/>\n<meta name=\"twitter:card\" content=\"summary_large_image\" \/>\n<meta name=\"twitter:label1\" content=\"Est. reading time\" \/>\n\t<meta name=\"twitter:data1\" content=\"2 minuto\" \/>\n<script type=\"application\/ld+json\" class=\"yoast-schema-graph\">{\"@context\":\"https:\\\/\\\/schema.org\",\"@graph\":[{\"@type\":\"WebPage\",\"@id\":\"https:\\\/\\\/sonomalandtrust.org\\\/es\\\/news\\\/una-fuerza-para-la-naturaleza-los-fundadores-de-la-via-verde-del-sureste-de-santa-rosa-hablan-de-su-mision\\\/\",\"url\":\"https:\\\/\\\/sonomalandtrust.org\\\/es\\\/news\\\/una-fuerza-para-la-naturaleza-los-fundadores-de-la-via-verde-del-sureste-de-santa-rosa-hablan-de-su-mision\\\/\",\"name\":\"Una Fuerza para la Naturaleza: Los fundadores de la V\u00eda Verde del Sureste de Santa Rosa hablan de su misi\u00f3n &#8212; Sonoma Land Trust\",\"isPartOf\":{\"@id\":\"https:\\\/\\\/slt-2026.eclipse-dev.com\\\/#website\"},\"primaryImageOfPage\":{\"@id\":\"https:\\\/\\\/sonomalandtrust.org\\\/es\\\/news\\\/una-fuerza-para-la-naturaleza-los-fundadores-de-la-via-verde-del-sureste-de-santa-rosa-hablan-de-su-mision\\\/#primaryimage\"},\"image\":{\"@id\":\"https:\\\/\\\/sonomalandtrust.org\\\/es\\\/news\\\/una-fuerza-para-la-naturaleza-los-fundadores-de-la-via-verde-del-sureste-de-santa-rosa-hablan-de-su-mision\\\/#primaryimage\"},\"thumbnailUrl\":\"https:\\\/\\\/sonomalandtrust.org\\\/wp-content\\\/uploads\\\/2024\\\/06\\\/linda-proulx-thea-hensel.jpg\",\"datePublished\":\"2026-02-10T21:02:07+00:00\",\"dateModified\":\"2026-03-13T17:37:12+00:00\",\"breadcrumb\":{\"@id\":\"https:\\\/\\\/sonomalandtrust.org\\\/es\\\/news\\\/una-fuerza-para-la-naturaleza-los-fundadores-de-la-via-verde-del-sureste-de-santa-rosa-hablan-de-su-mision\\\/#breadcrumb\"},\"inLanguage\":\"es\",\"potentialAction\":[{\"@type\":\"ReadAction\",\"target\":[\"https:\\\/\\\/sonomalandtrust.org\\\/es\\\/news\\\/una-fuerza-para-la-naturaleza-los-fundadores-de-la-via-verde-del-sureste-de-santa-rosa-hablan-de-su-mision\\\/\"]}]},{\"@type\":\"ImageObject\",\"inLanguage\":\"es\",\"@id\":\"https:\\\/\\\/sonomalandtrust.org\\\/es\\\/news\\\/una-fuerza-para-la-naturaleza-los-fundadores-de-la-via-verde-del-sureste-de-santa-rosa-hablan-de-su-mision\\\/#primaryimage\",\"url\":\"https:\\\/\\\/sonomalandtrust.org\\\/wp-content\\\/uploads\\\/2024\\\/06\\\/linda-proulx-thea-hensel.jpg\",\"contentUrl\":\"https:\\\/\\\/sonomalandtrust.org\\\/wp-content\\\/uploads\\\/2024\\\/06\\\/linda-proulx-thea-hensel.jpg\",\"width\":1800,\"height\":1200,\"caption\":\"Thea Hensel y Linda Proulx, fundadoras de la V\u00eda Verde del Sureste de Santa Rosa\"},{\"@type\":\"BreadcrumbList\",\"@id\":\"https:\\\/\\\/sonomalandtrust.org\\\/es\\\/news\\\/una-fuerza-para-la-naturaleza-los-fundadores-de-la-via-verde-del-sureste-de-santa-rosa-hablan-de-su-mision\\\/#breadcrumb\",\"itemListElement\":[{\"@type\":\"ListItem\",\"position\":1,\"name\":\"Home\",\"item\":\"https:\\\/\\\/sonomalandtrust.org\\\/es\\\/inicio\\\/\"},{\"@type\":\"ListItem\",\"position\":2,\"name\":\"Una Fuerza para la Naturaleza: Los fundadores de la V\u00eda Verde del Sureste de Santa Rosa hablan de su misi\u00f3n\"}]},{\"@type\":\"WebSite\",\"@id\":\"https:\\\/\\\/slt-2026.eclipse-dev.com\\\/#website\",\"url\":\"https:\\\/\\\/slt-2026.eclipse-dev.com\\\/\",\"name\":\"Sonoma Land Trust\",\"description\":\"\",\"publisher\":{\"@id\":\"https:\\\/\\\/slt-2026.eclipse-dev.com\\\/#organization\"},\"potentialAction\":[{\"@type\":\"SearchAction\",\"target\":{\"@type\":\"EntryPoint\",\"urlTemplate\":\"https:\\\/\\\/slt-2026.eclipse-dev.com\\\/?s={search_term_string}\"},\"query-input\":{\"@type\":\"PropertyValueSpecification\",\"valueRequired\":true,\"valueName\":\"search_term_string\"}}],\"inLanguage\":\"es\"},{\"@type\":\"Organization\",\"@id\":\"https:\\\/\\\/slt-2026.eclipse-dev.com\\\/#organization\",\"name\":\"Fondo de Tierras de Sonoma\",\"url\":\"https:\\\/\\\/slt-2026.eclipse-dev.com\\\/\",\"logo\":{\"@type\":\"ImageObject\",\"inLanguage\":\"es\",\"@id\":\"https:\\\/\\\/slt-2026.eclipse-dev.com\\\/#\\\/schema\\\/logo\\\/image\\\/\",\"url\":\"https:\\\/\\\/sonomalandtrust.org\\\/wp-content\\\/uploads\\\/2025\\\/10\\\/slt-logo.png\",\"contentUrl\":\"https:\\\/\\\/sonomalandtrust.org\\\/wp-content\\\/uploads\\\/2025\\\/10\\\/slt-logo.png\",\"width\":549,\"height\":333,\"caption\":\"Fondo de Tierras de Sonoma\"},\"image\":{\"@id\":\"https:\\\/\\\/slt-2026.eclipse-dev.com\\\/#\\\/schema\\\/logo\\\/image\\\/\"},\"sameAs\":[\"http:\\\/\\\/www.facebook.com\\\/Sonoma-Land-Trust\\\/\",\"https:\\\/\\\/www.instagram.com\\\/sonomalandtrust\\\/\",\"https:\\\/\\\/bsky.app\\\/profile\\\/sonomalandtrust.bsky.social\",\"https:\\\/\\\/www.youtube.com\\\/user\\\/SonomaLandTrust\\\/\",\"http:\\\/\\\/www.linkedin.com\\\/company\\\/1090048?trk=tyah\"]}]}<\/script>\n<!-- \/ Yoast SEO plugin. -->","yoast_head_json":{"title":"Una Fuerza para la Naturaleza: Los fundadores de la V\u00eda Verde del Sureste de Santa Rosa hablan de su misi\u00f3n &#8212; Sonoma Land Trust","robots":{"index":"index","follow":"follow","max-snippet":"max-snippet:-1","max-image-preview":"max-image-preview:large","max-video-preview":"max-video-preview:-1"},"canonical":"https:\/\/sonomalandtrust.org\/es\/news\/una-fuerza-para-la-naturaleza-los-fundadores-de-la-via-verde-del-sureste-de-santa-rosa-hablan-de-su-mision\/","og_locale":"es_ES","og_type":"article","og_title":"Una Fuerza para la Naturaleza: Los fundadores de la V\u00eda Verde del Sureste de Santa Rosa hablan de su misi\u00f3n &#8212; Sonoma Land Trust","og_description":"Impulsado por defensores de la comunidad como Linda Proulx y Thea Hensel -y reforzado por la asociaci\u00f3n Sonoma Land Trust-, el proyecto Greenway conectar\u00e1 los barrios con parques, arroyos y espacios abiertos, al tiempo que fomentar\u00e1 la resistencia al cambio clim\u00e1tico y el acceso equitativo a la naturaleza.","og_url":"https:\/\/sonomalandtrust.org\/es\/news\/una-fuerza-para-la-naturaleza-los-fundadores-de-la-via-verde-del-sureste-de-santa-rosa-hablan-de-su-mision\/","og_site_name":"Sonoma Land Trust","article_publisher":"http:\/\/www.facebook.com\/Sonoma-Land-Trust\/","article_modified_time":"2026-03-13T17:37:12+00:00","og_image":[{"width":1800,"height":1200,"url":"https:\/\/slt-2026.eclipse-dev.com\/wp-content\/uploads\/2024\/06\/linda-proulx-thea-hensel.jpg","type":"image\/jpeg"}],"twitter_card":"summary_large_image","twitter_misc":{"Est. reading time":"2 minuto"},"schema":{"@context":"https:\/\/schema.org","@graph":[{"@type":"WebPage","@id":"https:\/\/sonomalandtrust.org\/es\/news\/una-fuerza-para-la-naturaleza-los-fundadores-de-la-via-verde-del-sureste-de-santa-rosa-hablan-de-su-mision\/","url":"https:\/\/sonomalandtrust.org\/es\/news\/una-fuerza-para-la-naturaleza-los-fundadores-de-la-via-verde-del-sureste-de-santa-rosa-hablan-de-su-mision\/","name":"Una Fuerza para la Naturaleza: Los fundadores de la V\u00eda Verde del Sureste de Santa Rosa hablan de su misi\u00f3n &#8212; Sonoma Land Trust","isPartOf":{"@id":"https:\/\/slt-2026.eclipse-dev.com\/#website"},"primaryImageOfPage":{"@id":"https:\/\/sonomalandtrust.org\/es\/news\/una-fuerza-para-la-naturaleza-los-fundadores-de-la-via-verde-del-sureste-de-santa-rosa-hablan-de-su-mision\/#primaryimage"},"image":{"@id":"https:\/\/sonomalandtrust.org\/es\/news\/una-fuerza-para-la-naturaleza-los-fundadores-de-la-via-verde-del-sureste-de-santa-rosa-hablan-de-su-mision\/#primaryimage"},"thumbnailUrl":"https:\/\/sonomalandtrust.org\/wp-content\/uploads\/2024\/06\/linda-proulx-thea-hensel.jpg","datePublished":"2026-02-10T21:02:07+00:00","dateModified":"2026-03-13T17:37:12+00:00","breadcrumb":{"@id":"https:\/\/sonomalandtrust.org\/es\/news\/una-fuerza-para-la-naturaleza-los-fundadores-de-la-via-verde-del-sureste-de-santa-rosa-hablan-de-su-mision\/#breadcrumb"},"inLanguage":"es","potentialAction":[{"@type":"ReadAction","target":["https:\/\/sonomalandtrust.org\/es\/news\/una-fuerza-para-la-naturaleza-los-fundadores-de-la-via-verde-del-sureste-de-santa-rosa-hablan-de-su-mision\/"]}]},{"@type":"ImageObject","inLanguage":"es","@id":"https:\/\/sonomalandtrust.org\/es\/news\/una-fuerza-para-la-naturaleza-los-fundadores-de-la-via-verde-del-sureste-de-santa-rosa-hablan-de-su-mision\/#primaryimage","url":"https:\/\/sonomalandtrust.org\/wp-content\/uploads\/2024\/06\/linda-proulx-thea-hensel.jpg","contentUrl":"https:\/\/sonomalandtrust.org\/wp-content\/uploads\/2024\/06\/linda-proulx-thea-hensel.jpg","width":1800,"height":1200,"caption":"Thea Hensel y Linda Proulx, fundadoras de la V\u00eda Verde del Sureste de Santa Rosa"},{"@type":"BreadcrumbList","@id":"https:\/\/sonomalandtrust.org\/es\/news\/una-fuerza-para-la-naturaleza-los-fundadores-de-la-via-verde-del-sureste-de-santa-rosa-hablan-de-su-mision\/#breadcrumb","itemListElement":[{"@type":"ListItem","position":1,"name":"Home","item":"https:\/\/sonomalandtrust.org\/es\/inicio\/"},{"@type":"ListItem","position":2,"name":"Una Fuerza para la Naturaleza: Los fundadores de la V\u00eda Verde del Sureste de Santa Rosa hablan de su misi\u00f3n"}]},{"@type":"WebSite","@id":"https:\/\/slt-2026.eclipse-dev.com\/#website","url":"https:\/\/slt-2026.eclipse-dev.com\/","name":"Sonoma Land Trust","description":"","publisher":{"@id":"https:\/\/slt-2026.eclipse-dev.com\/#organization"},"potentialAction":[{"@type":"SearchAction","target":{"@type":"EntryPoint","urlTemplate":"https:\/\/slt-2026.eclipse-dev.com\/?s={search_term_string}"},"query-input":{"@type":"PropertyValueSpecification","valueRequired":true,"valueName":"search_term_string"}}],"inLanguage":"es"},{"@type":"Organization","@id":"https:\/\/slt-2026.eclipse-dev.com\/#organization","name":"Fondo de Tierras de Sonoma","url":"https:\/\/slt-2026.eclipse-dev.com\/","logo":{"@type":"ImageObject","inLanguage":"es","@id":"https:\/\/slt-2026.eclipse-dev.com\/#\/schema\/logo\/image\/","url":"https:\/\/sonomalandtrust.org\/wp-content\/uploads\/2025\/10\/slt-logo.png","contentUrl":"https:\/\/sonomalandtrust.org\/wp-content\/uploads\/2025\/10\/slt-logo.png","width":549,"height":333,"caption":"Fondo de Tierras de Sonoma"},"image":{"@id":"https:\/\/slt-2026.eclipse-dev.com\/#\/schema\/logo\/image\/"},"sameAs":["http:\/\/www.facebook.com\/Sonoma-Land-Trust\/","https:\/\/www.instagram.com\/sonomalandtrust\/","https:\/\/bsky.app\/profile\/sonomalandtrust.bsky.social","https:\/\/www.youtube.com\/user\/SonomaLandTrust\/","http:\/\/www.linkedin.com\/company\/1090048?trk=tyah"]}]}},"_links":{"self":[{"href":"https:\/\/sonomalandtrust.org\/es\/wp-json\/wp\/v2\/news\/13474","targetHints":{"allow":["GET"]}}],"collection":[{"href":"https:\/\/sonomalandtrust.org\/es\/wp-json\/wp\/v2\/news"}],"about":[{"href":"https:\/\/sonomalandtrust.org\/es\/wp-json\/wp\/v2\/types\/news"}],"wp:featuredmedia":[{"embeddable":true,"href":"https:\/\/sonomalandtrust.org\/es\/wp-json\/wp\/v2\/media\/13475"}],"wp:attachment":[{"href":"https:\/\/sonomalandtrust.org\/es\/wp-json\/wp\/v2\/media?parent=13474"}],"wp:term":[{"taxonomy":"news-type","embeddable":true,"href":"https:\/\/sonomalandtrust.org\/es\/wp-json\/wp\/v2\/news-type?post=13474"}],"curies":[{"name":"wp","href":"https:\/\/api.w.org\/{rel}","templated":true}]}}