{"id":13472,"date":"2025-09-26T22:46:52","date_gmt":"2025-09-27T05:46:52","guid":{"rendered":"https:\/\/sonomalandtrust.org\/news\/mas-de-1-500-acres-anadidos-al-parque-regional-de-las-secuoyas-de-monte-rio\/"},"modified":"2026-03-09T12:42:58","modified_gmt":"2026-03-09T19:42:58","slug":"mas-de-1-500-acres-anadidos-al-parque-regional-de-las-secuoyas-de-monte-rio","status":"publish","type":"news","link":"https:\/\/sonomalandtrust.org\/es\/news\/mas-de-1-500-acres-anadidos-al-parque-regional-de-las-secuoyas-de-monte-rio\/","title":{"rendered":"M\u00e1s de 1.500 acres a\u00f1adidos al Parque Regional de las Secuoyas de Monte R\u00edo"},"content":{"rendered":"\n<p><a href=\"https:\/\/www.kron4.com\/news\/bay-area\/over-1500-acres-added-to-monte-rio-redwoods-regional-park\/\" target=\"_blank\" rel=\"noreferrer noopener\">KRON4<\/a><\/p>\n","protected":false},"excerpt":{"rendered":"<p>Un trozo hist\u00f3rico del bosque de secuoyas del condado de Sonoma est\u00e1 ahora abierto al p\u00fablico: m\u00e1s de 1.500 acres que en su d\u00eda pertenecieron a la Mendocino Redwood Company y se utilizaron para la producci\u00f3n de madera fueron adquiridos para su protecci\u00f3n permanente y a\u00f1adidos al Parque Regional de las Secuoyas de Monte R\u00edo.<\/p>\n","protected":false},"featured_media":13538,"template":"","meta":{"_acf_changed":false},"news-type":[93],"class_list":["post-13472","news","type-news","status-publish","has-post-thumbnail","hentry","news-type-medios-de-comunicacion"],"acf":[],"yoast_head":"<!-- This site is optimized with the Yoast SEO plugin v27.3 - https:\/\/yoast.com\/product\/yoast-seo-wordpress\/ -->\n<title>M\u00e1s de 1.500 acres a\u00f1adidos al Parque Regional de las Secuoyas de Monte R\u00edo &#8212; Sonoma Land Trust<\/title>\n<meta name=\"robots\" content=\"index, follow, max-snippet:-1, max-image-preview:large, max-video-preview:-1\" \/>\n<link rel=\"canonical\" href=\"https:\/\/sonomalandtrust.org\/es\/news\/mas-de-1-500-acres-anadidos-al-parque-regional-de-las-secuoyas-de-monte-rio\/\" \/>\n<meta property=\"og:locale\" content=\"es_ES\" \/>\n<meta property=\"og:type\" content=\"article\" \/>\n<meta property=\"og:title\" content=\"M\u00e1s de 1.500 acres a\u00f1adidos al Parque Regional de las Secuoyas de Monte R\u00edo &#8212; Sonoma Land Trust\" \/>\n<meta property=\"og:description\" content=\"Un trozo hist\u00f3rico del bosque de secuoyas del condado de Sonoma est\u00e1 ahora abierto al p\u00fablico: m\u00e1s de 1.500 acres que en su d\u00eda pertenecieron a la Mendocino Redwood Company y se utilizaron para la producci\u00f3n de madera fueron adquiridos para su protecci\u00f3n permanente y a\u00f1adidos al Parque Regional de las Secuoyas de Monte R\u00edo.\" \/>\n<meta property=\"og:url\" content=\"https:\/\/sonomalandtrust.org\/es\/news\/mas-de-1-500-acres-anadidos-al-parque-regional-de-las-secuoyas-de-monte-rio\/\" \/>\n<meta property=\"og:site_name\" content=\"Sonoma Land Trust\" \/>\n<meta property=\"article:publisher\" content=\"http:\/\/www.facebook.com\/Sonoma-Land-Trust\/\" \/>\n<meta property=\"article:modified_time\" content=\"2026-03-09T19:42:58+00:00\" \/>\n<meta property=\"og:image\" content=\"https:\/\/slt-2026.eclipse-dev.com\/wp-content\/uploads\/2025\/09\/monte-rio-redwoods-grove-treetops-1024x684.jpg\" \/>\n\t<meta property=\"og:image:width\" content=\"1024\" \/>\n\t<meta property=\"og:image:height\" content=\"684\" \/>\n\t<meta property=\"og:image:type\" content=\"image\/jpeg\" \/>\n<meta name=\"twitter:card\" content=\"summary_large_image\" \/>\n<script type=\"application\/ld+json\" class=\"yoast-schema-graph\">{\"@context\":\"https:\\\/\\\/schema.org\",\"@graph\":[{\"@type\":\"WebPage\",\"@id\":\"https:\\\/\\\/sonomalandtrust.org\\\/es\\\/news\\\/mas-de-1-500-acres-anadidos-al-parque-regional-de-las-secuoyas-de-monte-rio\\\/\",\"url\":\"https:\\\/\\\/sonomalandtrust.org\\\/es\\\/news\\\/mas-de-1-500-acres-anadidos-al-parque-regional-de-las-secuoyas-de-monte-rio\\\/\",\"name\":\"M\u00e1s de 1.500 acres a\u00f1adidos al Parque Regional de las Secuoyas de Monte R\u00edo &#8212; Sonoma Land Trust\",\"isPartOf\":{\"@id\":\"https:\\\/\\\/slt-2026.eclipse-dev.com\\\/#website\"},\"primaryImageOfPage\":{\"@id\":\"https:\\\/\\\/sonomalandtrust.org\\\/es\\\/news\\\/mas-de-1-500-acres-anadidos-al-parque-regional-de-las-secuoyas-de-monte-rio\\\/#primaryimage\"},\"image\":{\"@id\":\"https:\\\/\\\/sonomalandtrust.org\\\/es\\\/news\\\/mas-de-1-500-acres-anadidos-al-parque-regional-de-las-secuoyas-de-monte-rio\\\/#primaryimage\"},\"thumbnailUrl\":\"https:\\\/\\\/sonomalandtrust.org\\\/wp-content\\\/uploads\\\/2025\\\/09\\\/monte-rio-redwoods-grove-treetops-scaled.jpg\",\"datePublished\":\"2025-09-27T05:46:52+00:00\",\"dateModified\":\"2026-03-09T19:42:58+00:00\",\"breadcrumb\":{\"@id\":\"https:\\\/\\\/sonomalandtrust.org\\\/es\\\/news\\\/mas-de-1-500-acres-anadidos-al-parque-regional-de-las-secuoyas-de-monte-rio\\\/#breadcrumb\"},\"inLanguage\":\"es\",\"potentialAction\":[{\"@type\":\"ReadAction\",\"target\":[\"https:\\\/\\\/sonomalandtrust.org\\\/es\\\/news\\\/mas-de-1-500-acres-anadidos-al-parque-regional-de-las-secuoyas-de-monte-rio\\\/\"]}]},{\"@type\":\"ImageObject\",\"inLanguage\":\"es\",\"@id\":\"https:\\\/\\\/sonomalandtrust.org\\\/es\\\/news\\\/mas-de-1-500-acres-anadidos-al-parque-regional-de-las-secuoyas-de-monte-rio\\\/#primaryimage\",\"url\":\"https:\\\/\\\/sonomalandtrust.org\\\/wp-content\\\/uploads\\\/2025\\\/09\\\/monte-rio-redwoods-grove-treetops-scaled.jpg\",\"contentUrl\":\"https:\\\/\\\/sonomalandtrust.org\\\/wp-content\\\/uploads\\\/2025\\\/09\\\/monte-rio-redwoods-grove-treetops-scaled.jpg\",\"width\":2560,\"height\":1709,\"caption\":\"Grove of the Old Trees, a redwood grove near Occidental in western Sonoma County, California\"},{\"@type\":\"BreadcrumbList\",\"@id\":\"https:\\\/\\\/sonomalandtrust.org\\\/es\\\/news\\\/mas-de-1-500-acres-anadidos-al-parque-regional-de-las-secuoyas-de-monte-rio\\\/#breadcrumb\",\"itemListElement\":[{\"@type\":\"ListItem\",\"position\":1,\"name\":\"Home\",\"item\":\"https:\\\/\\\/sonomalandtrust.org\\\/es\\\/inicio\\\/\"},{\"@type\":\"ListItem\",\"position\":2,\"name\":\"M\u00e1s de 1.500 acres a\u00f1adidos al Parque Regional de las Secuoyas de Monte R\u00edo\"}]},{\"@type\":\"WebSite\",\"@id\":\"https:\\\/\\\/slt-2026.eclipse-dev.com\\\/#website\",\"url\":\"https:\\\/\\\/slt-2026.eclipse-dev.com\\\/\",\"name\":\"Sonoma Land Trust\",\"description\":\"\",\"publisher\":{\"@id\":\"https:\\\/\\\/slt-2026.eclipse-dev.com\\\/#organization\"},\"potentialAction\":[{\"@type\":\"SearchAction\",\"target\":{\"@type\":\"EntryPoint\",\"urlTemplate\":\"https:\\\/\\\/slt-2026.eclipse-dev.com\\\/?s={search_term_string}\"},\"query-input\":{\"@type\":\"PropertyValueSpecification\",\"valueRequired\":true,\"valueName\":\"search_term_string\"}}],\"inLanguage\":\"es\"},{\"@type\":\"Organization\",\"@id\":\"https:\\\/\\\/slt-2026.eclipse-dev.com\\\/#organization\",\"name\":\"Fondo de Tierras de Sonoma\",\"url\":\"https:\\\/\\\/slt-2026.eclipse-dev.com\\\/\",\"logo\":{\"@type\":\"ImageObject\",\"inLanguage\":\"es\",\"@id\":\"https:\\\/\\\/slt-2026.eclipse-dev.com\\\/#\\\/schema\\\/logo\\\/image\\\/\",\"url\":\"https:\\\/\\\/sonomalandtrust.org\\\/wp-content\\\/uploads\\\/2025\\\/10\\\/slt-logo.png\",\"contentUrl\":\"https:\\\/\\\/sonomalandtrust.org\\\/wp-content\\\/uploads\\\/2025\\\/10\\\/slt-logo.png\",\"width\":549,\"height\":333,\"caption\":\"Fondo de Tierras de Sonoma\"},\"image\":{\"@id\":\"https:\\\/\\\/slt-2026.eclipse-dev.com\\\/#\\\/schema\\\/logo\\\/image\\\/\"},\"sameAs\":[\"http:\\\/\\\/www.facebook.com\\\/Sonoma-Land-Trust\\\/\",\"https:\\\/\\\/www.instagram.com\\\/sonomalandtrust\\\/\",\"https:\\\/\\\/bsky.app\\\/profile\\\/sonomalandtrust.bsky.social\",\"https:\\\/\\\/www.youtube.com\\\/user\\\/SonomaLandTrust\\\/\",\"http:\\\/\\\/www.linkedin.com\\\/company\\\/1090048?trk=tyah\"]}]}<\/script>\n<!-- \/ Yoast SEO plugin. -->","yoast_head_json":{"title":"M\u00e1s de 1.500 acres a\u00f1adidos al Parque Regional de las Secuoyas de Monte R\u00edo &#8212; Sonoma Land Trust","robots":{"index":"index","follow":"follow","max-snippet":"max-snippet:-1","max-image-preview":"max-image-preview:large","max-video-preview":"max-video-preview:-1"},"canonical":"https:\/\/sonomalandtrust.org\/es\/news\/mas-de-1-500-acres-anadidos-al-parque-regional-de-las-secuoyas-de-monte-rio\/","og_locale":"es_ES","og_type":"article","og_title":"M\u00e1s de 1.500 acres a\u00f1adidos al Parque Regional de las Secuoyas de Monte R\u00edo &#8212; Sonoma Land Trust","og_description":"Un trozo hist\u00f3rico del bosque de secuoyas del condado de Sonoma est\u00e1 ahora abierto al p\u00fablico: m\u00e1s de 1.500 acres que en su d\u00eda pertenecieron a la Mendocino Redwood Company y se utilizaron para la producci\u00f3n de madera fueron adquiridos para su protecci\u00f3n permanente y a\u00f1adidos al Parque Regional de las Secuoyas de Monte R\u00edo.","og_url":"https:\/\/sonomalandtrust.org\/es\/news\/mas-de-1-500-acres-anadidos-al-parque-regional-de-las-secuoyas-de-monte-rio\/","og_site_name":"Sonoma Land Trust","article_publisher":"http:\/\/www.facebook.com\/Sonoma-Land-Trust\/","article_modified_time":"2026-03-09T19:42:58+00:00","og_image":[{"width":1024,"height":684,"url":"https:\/\/slt-2026.eclipse-dev.com\/wp-content\/uploads\/2025\/09\/monte-rio-redwoods-grove-treetops-1024x684.jpg","type":"image\/jpeg"}],"twitter_card":"summary_large_image","schema":{"@context":"https:\/\/schema.org","@graph":[{"@type":"WebPage","@id":"https:\/\/sonomalandtrust.org\/es\/news\/mas-de-1-500-acres-anadidos-al-parque-regional-de-las-secuoyas-de-monte-rio\/","url":"https:\/\/sonomalandtrust.org\/es\/news\/mas-de-1-500-acres-anadidos-al-parque-regional-de-las-secuoyas-de-monte-rio\/","name":"M\u00e1s de 1.500 acres a\u00f1adidos al Parque Regional de las Secuoyas de Monte R\u00edo &#8212; Sonoma Land Trust","isPartOf":{"@id":"https:\/\/slt-2026.eclipse-dev.com\/#website"},"primaryImageOfPage":{"@id":"https:\/\/sonomalandtrust.org\/es\/news\/mas-de-1-500-acres-anadidos-al-parque-regional-de-las-secuoyas-de-monte-rio\/#primaryimage"},"image":{"@id":"https:\/\/sonomalandtrust.org\/es\/news\/mas-de-1-500-acres-anadidos-al-parque-regional-de-las-secuoyas-de-monte-rio\/#primaryimage"},"thumbnailUrl":"https:\/\/sonomalandtrust.org\/wp-content\/uploads\/2025\/09\/monte-rio-redwoods-grove-treetops-scaled.jpg","datePublished":"2025-09-27T05:46:52+00:00","dateModified":"2026-03-09T19:42:58+00:00","breadcrumb":{"@id":"https:\/\/sonomalandtrust.org\/es\/news\/mas-de-1-500-acres-anadidos-al-parque-regional-de-las-secuoyas-de-monte-rio\/#breadcrumb"},"inLanguage":"es","potentialAction":[{"@type":"ReadAction","target":["https:\/\/sonomalandtrust.org\/es\/news\/mas-de-1-500-acres-anadidos-al-parque-regional-de-las-secuoyas-de-monte-rio\/"]}]},{"@type":"ImageObject","inLanguage":"es","@id":"https:\/\/sonomalandtrust.org\/es\/news\/mas-de-1-500-acres-anadidos-al-parque-regional-de-las-secuoyas-de-monte-rio\/#primaryimage","url":"https:\/\/sonomalandtrust.org\/wp-content\/uploads\/2025\/09\/monte-rio-redwoods-grove-treetops-scaled.jpg","contentUrl":"https:\/\/sonomalandtrust.org\/wp-content\/uploads\/2025\/09\/monte-rio-redwoods-grove-treetops-scaled.jpg","width":2560,"height":1709,"caption":"Grove of the Old Trees, a redwood grove near Occidental in western Sonoma County, California"},{"@type":"BreadcrumbList","@id":"https:\/\/sonomalandtrust.org\/es\/news\/mas-de-1-500-acres-anadidos-al-parque-regional-de-las-secuoyas-de-monte-rio\/#breadcrumb","itemListElement":[{"@type":"ListItem","position":1,"name":"Home","item":"https:\/\/sonomalandtrust.org\/es\/inicio\/"},{"@type":"ListItem","position":2,"name":"M\u00e1s de 1.500 acres a\u00f1adidos al Parque Regional de las Secuoyas de Monte R\u00edo"}]},{"@type":"WebSite","@id":"https:\/\/slt-2026.eclipse-dev.com\/#website","url":"https:\/\/slt-2026.eclipse-dev.com\/","name":"Sonoma Land Trust","description":"","publisher":{"@id":"https:\/\/slt-2026.eclipse-dev.com\/#organization"},"potentialAction":[{"@type":"SearchAction","target":{"@type":"EntryPoint","urlTemplate":"https:\/\/slt-2026.eclipse-dev.com\/?s={search_term_string}"},"query-input":{"@type":"PropertyValueSpecification","valueRequired":true,"valueName":"search_term_string"}}],"inLanguage":"es"},{"@type":"Organization","@id":"https:\/\/slt-2026.eclipse-dev.com\/#organization","name":"Fondo de Tierras de Sonoma","url":"https:\/\/slt-2026.eclipse-dev.com\/","logo":{"@type":"ImageObject","inLanguage":"es","@id":"https:\/\/slt-2026.eclipse-dev.com\/#\/schema\/logo\/image\/","url":"https:\/\/sonomalandtrust.org\/wp-content\/uploads\/2025\/10\/slt-logo.png","contentUrl":"https:\/\/sonomalandtrust.org\/wp-content\/uploads\/2025\/10\/slt-logo.png","width":549,"height":333,"caption":"Fondo de Tierras de Sonoma"},"image":{"@id":"https:\/\/slt-2026.eclipse-dev.com\/#\/schema\/logo\/image\/"},"sameAs":["http:\/\/www.facebook.com\/Sonoma-Land-Trust\/","https:\/\/www.instagram.com\/sonomalandtrust\/","https:\/\/bsky.app\/profile\/sonomalandtrust.bsky.social","https:\/\/www.youtube.com\/user\/SonomaLandTrust\/","http:\/\/www.linkedin.com\/company\/1090048?trk=tyah"]}]}},"_links":{"self":[{"href":"https:\/\/sonomalandtrust.org\/es\/wp-json\/wp\/v2\/news\/13472","targetHints":{"allow":["GET"]}}],"collection":[{"href":"https:\/\/sonomalandtrust.org\/es\/wp-json\/wp\/v2\/news"}],"about":[{"href":"https:\/\/sonomalandtrust.org\/es\/wp-json\/wp\/v2\/types\/news"}],"wp:featuredmedia":[{"embeddable":true,"href":"https:\/\/sonomalandtrust.org\/es\/wp-json\/wp\/v2\/media\/13538"}],"wp:attachment":[{"href":"https:\/\/sonomalandtrust.org\/es\/wp-json\/wp\/v2\/media?parent=13472"}],"wp:term":[{"taxonomy":"news-type","embeddable":true,"href":"https:\/\/sonomalandtrust.org\/es\/wp-json\/wp\/v2\/news-type?post=13472"}],"curies":[{"name":"wp","href":"https:\/\/api.w.org\/{rel}","templated":true}]}}