{"id":13462,"date":"2025-04-07T19:39:54","date_gmt":"2025-04-08T02:39:54","guid":{"rendered":"https:\/\/sonomalandtrust.org\/news\/nuevo-parque-comunitario-en-la-zona-mark-west\/"},"modified":"2026-03-09T11:37:35","modified_gmt":"2026-03-09T18:37:35","slug":"nuevo-parque-comunitario-en-la-zona-mark-west","status":"publish","type":"news","link":"https:\/\/sonomalandtrust.org\/es\/news\/nuevo-parque-comunitario-en-la-zona-mark-west\/","title":{"rendered":"Nuevo parque comunitario en la zona Mark West"},"content":{"rendered":"\n<p class=\"has-text-align-center\"><em>El lugar que ardi\u00f3 en el incendio de Tubbs se convertir\u00e1 en un parque de espacios abiertos previsto por la comunidad<\/em><\/p>\n\n<p>SANTA ROSA, CA (7 de abril de 2025) &#8211; Ag + Open Space, Sonoma Land Trust (SLT) y el Fondo Comunitario del \u00c1rea Mark West (MWACF) se enorgullecen de anunciar el \u00faltimo paso en la compra del que pronto ser\u00e1 el Parque Comunitario del \u00c1rea Mark West. La propiedad de 1 acre est\u00e1 situada en Old Redwood Highway, justo al norte del cruce con Mark West Springs Road, y es el antiguo emplazamiento de una guarder\u00eda que se quem\u00f3 durante el incendio de Tubbs de 2017. La propiedad pertenece ahora a la MWACF, que la gestiona, y est\u00e1 conservada para siempre y abierta al p\u00fablico gracias a una servidumbre de conservaci\u00f3n Ag + Open Space y a un convenio recreativo.  <\/p>\n\n<p>En una de las comunidades del condado de Sonoma m\u00e1s afectadas por los incendios forestales, el Parque Comunitario del \u00c1rea Mark West es una oportunidad \u00fanica para adquirir un acre de terreno quemado en el Incendio Tubbs de 2017 y convertirlo en un parque impulsado por la comunidad. El parque ofrecer\u00e1 un lugar de reuni\u00f3n al aire libre de sanaci\u00f3n para los residentes, oportunidades recreativas basadas en la naturaleza e incluir\u00e1 la restauraci\u00f3n de h\u00e1bitats aut\u00f3ctonos. Actualmente no existe ning\u00fan espacio p\u00fablico de este tipo en la comunidad de Mark West\/Larkfield.  <\/p>\n\n<p>\u00ab&#8216;Reconstruir mejor, juntos&#8217;. Eso es lo que prometimos despu\u00e9s de que el Incendio de Tubbs de 2017 destruyera miles de viviendas en la Comunidad de Mark West\/Larkfield\u00bb, dijo el Director de Ag + Open Space y Supervisor del Condado de Sonoma, James Gore. \u00abEste parque cumple esa promesa, ya que procede de una verdadera asociaci\u00f3n entre los miembros de la comunidad y el gobierno local. Aplaudo a los miembros de nuestra comunidad por liderar el proyecto con autenticidad, y estoy orgulloso de asociarme con ellos para hacerlo realidad.\u00bb <\/p>\n\n<p>Este proyecto es un ejemplo \u00fanico y exitoso de c\u00f3mo los miembros de la comunidad, las organizaciones ecologistas locales sin \u00e1nimo de lucro y el gobierno local pueden trabajar juntos para conservar los espacios abiertos.<\/p>\n\n<p>Tras el Incendio de Tubbs, surgi\u00f3 la visi\u00f3n de convertir el solar, ahora sin uso, en un parque comunitario, lo que llev\u00f3 a los miembros de la comunidad y a Sonoma Land Trust a reunirse para debatir c\u00f3mo hacer realidad esta visi\u00f3n. Los miembros de la comunidad formaron entonces el Fondo Comunitario del \u00c1rea Mark West, sin \u00e1nimo de lucro, y, junto con SLT, presentaron una solicitud al Programa de Subvenciones Equivalentes para Espacios Comunitarios de Ag + Open Space.   <\/p>\n\n<p>El programa Espacios Comunitarios de Ag + Open Space se centra en proteger la tierra y crear espacios abiertos dentro de nuestras ciudades y comunidades, mediante asociaciones con organismos p\u00fablicos locales, organizaciones sin \u00e1nimo de lucro y organizaciones tribales reconocidas a nivel federal. En agosto de 2023, el proyecto Mark West fue aprobado por el Consejo de Administraci\u00f3n de Ag + Open Space (el Consejo de Supervisores del Condado de Sonoma).   <\/p>\n\n<p>\u00abSonoma Land Trust se enorgullece de actuar como convocante de confianza, uniendo a personas, socios y financiaci\u00f3n para crear parques y espacios abiertos din\u00e1micos en zonas urbanas\u00bb, dijo John McCaull, Director de Adquisici\u00f3n de Terrenos de Sonoma Land Trust. \u00abEl Parque Comunitario Mark West es un brillante ejemplo de c\u00f3mo podemos transformar las comunidades mejorando el acceso a los parques urbanos. Junto con la V\u00eda Verde de Santa Rosa, este proyecto forma parte de nuestro programa Naturaleza Cerca, dedicado a garantizar que todas las personas del condado de Sonoma tengan un acceso equitativo a los parques y espacios naturales. Nos entusiasma colaborar con nuestros socios para cumplir este compromiso y ampliar las oportunidades de ocio al aire libre en Santa Rosa y sus alrededores.\u00bb <\/p>\n\n<p>Con la financiaci\u00f3n de Ag + Open Space asegurada, Sonoma Land Trust pudo entonces realizar una compra \u00abpuente\u00bb de la propiedad en enero de 2024, en la que adquirieron el terreno por 1.800.000 $ en nombre de la MWACF con el compromiso de Ag + Open Space de reembolsarles una parte significativa del precio de compra: 1.169.500 $. Otros socios de la adquisici\u00f3n son el Consejo Asesor Municipal del \u00c1rea Mark West, una subvenci\u00f3n del Condado de Sonoma para infraestructuras comunitarias, la Fundaci\u00f3n Saba y donantes privados. <\/p>\n\n<p>Esto nos lleva al d\u00eda de hoy, en el que Ag + Open Space ha transferido los fondos a Sonoma Land Trust, y la propiedad y gesti\u00f3n de la propiedad se han transferido a MWACF. En esta transacci\u00f3n final, Ag + Open Space tambi\u00e9n adquiri\u00f3 una servidumbre de conservaci\u00f3n y un convenio recreativo sobre la propiedad, garantizando que sus valores naturales y recreativos se conservar\u00e1n para siempre. <\/p>\n\n<p>\u00abNuestra comunidad del \u00c1rea Mark West agradece el apoyo de Ag + Open Space y Sonoma Land Trust para hacer realidad este nuevo parque\u00bb, dijo el Presidente del Fondo Comunitario del \u00c1rea Mark West, Brad Sherwood. \u00abSiempre fue un objetivo reconstruir nuestra comunidad m\u00e1s fuerte, m\u00e1s resistente y mantenerla unida tras el Incendio de Tubbs de 2017. Este parque y esta asociaci\u00f3n ayudan a lograr ese objetivo\u00bb. <\/p>\n\n<p>Ahora que el parque est\u00e1 oficialmente en manos de la MWACF, la visi\u00f3n de la comunidad puede empezar a cobrar vida. La MWACF est\u00e1 completando los permisos para iniciar la construcci\u00f3n del parque este verano. Ag + Open Space tambi\u00e9n ha concedido a SLT y MWACF otros 300.000 $ en fondos del Programa de Subvenciones Equivalentes a Espacios Comunitarios para ayudar a apoyar el dise\u00f1o y la planificaci\u00f3n, y el desarrollo de la infraestructura b\u00e1sica, incluidos senderos y aparcamientos que cumplan la normativa ADA-<br\/>. Los miembros de la comunidad que deseen participar deben dirigirse a <a href=\"http:\/\/www.markwestarea.org\">www.markwestarea.org.<\/a>   <\/p>\n\n<figure class=\"wp-block-gallery has-nested-images columns-default is-cropped wp-block-gallery-1 is-layout-flex wp-block-gallery-is-layout-flex\">\n<figure class=\"wp-block-image size-large\"><img decoding=\"async\" data-id=\"39658\" src=\"https:\/\/sonomalandtrust.org\/wp-content\/uploads\/2025\/04\/markwest-one-1024x684.jpg\" alt=\"\" class=\"wp-image-39658\" title=\"Corte de cinta, mayo de 2024 | Cr&#xE9;dito: Sonoma Land Trust\"\/><figcaption class=\"wp-element-caption\">Corte de cinta, mayo de 2024 | Cr\u00e9dito: Sonoma Land Trust<\/figcaption><\/figure>\n\n\n\n<figure class=\"wp-block-image size-large\"><img decoding=\"async\" data-id=\"39659\" src=\"https:\/\/sonomalandtrust.org\/wp-content\/uploads\/2025\/04\/markwest-two-1024x768.jpg\" alt=\"\" class=\"wp-image-39659\"\/><figcaption class=\"wp-element-caption\">Vista del solar frente a la carretera Old Redwood, 2023 | Cr\u00e9dito: Mark West Area Community Fund<\/figcaption><\/figure>\n<\/figure>\n","protected":false},"excerpt":{"rendered":"<p>El lugar que ardi\u00f3 en el incendio de Tubbs se convertir\u00e1 en un parque de espacios abiertos previsto por la comunidad SANTA ROSA, CA (7 de abril de 2025) &#8211; Ag + Open Space, Sonoma Land Trust (SLT) y el Fondo Comunitario del \u00c1rea Mark West (MWACF) se enorgullecen de anunciar el \u00faltimo paso en [&hellip;]<\/p>\n","protected":false},"featured_media":13463,"template":"","meta":{"_acf_changed":false},"news-type":[86],"class_list":["post-13462","news","type-news","status-publish","has-post-thumbnail","hentry","news-type-comunicado-de-prensa"],"acf":[],"yoast_head":"<!-- This site is optimized with the Yoast SEO plugin v27.3 - https:\/\/yoast.com\/product\/yoast-seo-wordpress\/ -->\n<title>Nuevo parque comunitario en la zona Mark West &#8212; Sonoma Land Trust<\/title>\n<meta name=\"robots\" content=\"index, follow, max-snippet:-1, max-image-preview:large, max-video-preview:-1\" \/>\n<link rel=\"canonical\" href=\"https:\/\/sonomalandtrust.org\/es\/news\/nuevo-parque-comunitario-en-la-zona-mark-west\/\" \/>\n<meta property=\"og:locale\" content=\"es_ES\" \/>\n<meta property=\"og:type\" content=\"article\" \/>\n<meta property=\"og:title\" content=\"Nuevo parque comunitario en la zona Mark West &#8212; Sonoma Land Trust\" \/>\n<meta property=\"og:description\" content=\"El lugar que ardi\u00f3 en el incendio de Tubbs se convertir\u00e1 en un parque de espacios abiertos previsto por la comunidad SANTA ROSA, CA (7 de abril de 2025) &#8211; Ag + Open Space, Sonoma Land Trust (SLT) y el Fondo Comunitario del \u00c1rea Mark West (MWACF) se enorgullecen de anunciar el \u00faltimo paso en [&hellip;]\" \/>\n<meta property=\"og:url\" content=\"https:\/\/sonomalandtrust.org\/es\/news\/nuevo-parque-comunitario-en-la-zona-mark-west\/\" \/>\n<meta property=\"og:site_name\" content=\"Sonoma Land Trust\" \/>\n<meta property=\"article:publisher\" content=\"http:\/\/www.facebook.com\/Sonoma-Land-Trust\/\" \/>\n<meta property=\"article:modified_time\" content=\"2026-03-09T18:37:35+00:00\" \/>\n<meta property=\"og:image\" content=\"https:\/\/slt-2026.eclipse-dev.com\/wp-content\/uploads\/2025\/04\/mark-west-park-ribbon-cutting.jpg\" \/>\n\t<meta property=\"og:image:width\" content=\"1556\" \/>\n\t<meta property=\"og:image:height\" content=\"900\" \/>\n\t<meta property=\"og:image:type\" content=\"image\/jpeg\" \/>\n<meta name=\"twitter:card\" content=\"summary_large_image\" \/>\n<meta name=\"twitter:label1\" content=\"Est. reading time\" \/>\n\t<meta name=\"twitter:data1\" content=\"5 minuto\" \/>\n<script type=\"application\/ld+json\" class=\"yoast-schema-graph\">{\"@context\":\"https:\\\/\\\/schema.org\",\"@graph\":[{\"@type\":\"WebPage\",\"@id\":\"https:\\\/\\\/sonomalandtrust.org\\\/es\\\/news\\\/nuevo-parque-comunitario-en-la-zona-mark-west\\\/\",\"url\":\"https:\\\/\\\/sonomalandtrust.org\\\/es\\\/news\\\/nuevo-parque-comunitario-en-la-zona-mark-west\\\/\",\"name\":\"Nuevo parque comunitario en la zona Mark West &#8212; Sonoma Land Trust\",\"isPartOf\":{\"@id\":\"https:\\\/\\\/slt-2026.eclipse-dev.com\\\/#website\"},\"primaryImageOfPage\":{\"@id\":\"https:\\\/\\\/sonomalandtrust.org\\\/es\\\/news\\\/nuevo-parque-comunitario-en-la-zona-mark-west\\\/#primaryimage\"},\"image\":{\"@id\":\"https:\\\/\\\/sonomalandtrust.org\\\/es\\\/news\\\/nuevo-parque-comunitario-en-la-zona-mark-west\\\/#primaryimage\"},\"thumbnailUrl\":\"https:\\\/\\\/sonomalandtrust.org\\\/wp-content\\\/uploads\\\/2025\\\/04\\\/mark-west-park-ribbon-cutting.jpg\",\"datePublished\":\"2025-04-08T02:39:54+00:00\",\"dateModified\":\"2026-03-09T18:37:35+00:00\",\"breadcrumb\":{\"@id\":\"https:\\\/\\\/sonomalandtrust.org\\\/es\\\/news\\\/nuevo-parque-comunitario-en-la-zona-mark-west\\\/#breadcrumb\"},\"inLanguage\":\"es\",\"potentialAction\":[{\"@type\":\"ReadAction\",\"target\":[\"https:\\\/\\\/sonomalandtrust.org\\\/es\\\/news\\\/nuevo-parque-comunitario-en-la-zona-mark-west\\\/\"]}]},{\"@type\":\"ImageObject\",\"inLanguage\":\"es\",\"@id\":\"https:\\\/\\\/sonomalandtrust.org\\\/es\\\/news\\\/nuevo-parque-comunitario-en-la-zona-mark-west\\\/#primaryimage\",\"url\":\"https:\\\/\\\/sonomalandtrust.org\\\/wp-content\\\/uploads\\\/2025\\\/04\\\/mark-west-park-ribbon-cutting.jpg\",\"contentUrl\":\"https:\\\/\\\/sonomalandtrust.org\\\/wp-content\\\/uploads\\\/2025\\\/04\\\/mark-west-park-ribbon-cutting.jpg\",\"width\":1556,\"height\":900,\"caption\":\"Ceremonia de inauguraci\u00f3n del Parque Comunitario Mark West\"},{\"@type\":\"BreadcrumbList\",\"@id\":\"https:\\\/\\\/sonomalandtrust.org\\\/es\\\/news\\\/nuevo-parque-comunitario-en-la-zona-mark-west\\\/#breadcrumb\",\"itemListElement\":[{\"@type\":\"ListItem\",\"position\":1,\"name\":\"Home\",\"item\":\"https:\\\/\\\/sonomalandtrust.org\\\/es\\\/inicio\\\/\"},{\"@type\":\"ListItem\",\"position\":2,\"name\":\"Nuevo parque comunitario en la zona Mark West\"}]},{\"@type\":\"WebSite\",\"@id\":\"https:\\\/\\\/slt-2026.eclipse-dev.com\\\/#website\",\"url\":\"https:\\\/\\\/slt-2026.eclipse-dev.com\\\/\",\"name\":\"Sonoma Land Trust\",\"description\":\"\",\"publisher\":{\"@id\":\"https:\\\/\\\/slt-2026.eclipse-dev.com\\\/#organization\"},\"potentialAction\":[{\"@type\":\"SearchAction\",\"target\":{\"@type\":\"EntryPoint\",\"urlTemplate\":\"https:\\\/\\\/slt-2026.eclipse-dev.com\\\/?s={search_term_string}\"},\"query-input\":{\"@type\":\"PropertyValueSpecification\",\"valueRequired\":true,\"valueName\":\"search_term_string\"}}],\"inLanguage\":\"es\"},{\"@type\":\"Organization\",\"@id\":\"https:\\\/\\\/slt-2026.eclipse-dev.com\\\/#organization\",\"name\":\"Fondo de Tierras de Sonoma\",\"url\":\"https:\\\/\\\/slt-2026.eclipse-dev.com\\\/\",\"logo\":{\"@type\":\"ImageObject\",\"inLanguage\":\"es\",\"@id\":\"https:\\\/\\\/slt-2026.eclipse-dev.com\\\/#\\\/schema\\\/logo\\\/image\\\/\",\"url\":\"https:\\\/\\\/sonomalandtrust.org\\\/wp-content\\\/uploads\\\/2025\\\/10\\\/slt-logo.png\",\"contentUrl\":\"https:\\\/\\\/sonomalandtrust.org\\\/wp-content\\\/uploads\\\/2025\\\/10\\\/slt-logo.png\",\"width\":549,\"height\":333,\"caption\":\"Fondo de Tierras de Sonoma\"},\"image\":{\"@id\":\"https:\\\/\\\/slt-2026.eclipse-dev.com\\\/#\\\/schema\\\/logo\\\/image\\\/\"},\"sameAs\":[\"http:\\\/\\\/www.facebook.com\\\/Sonoma-Land-Trust\\\/\",\"https:\\\/\\\/www.instagram.com\\\/sonomalandtrust\\\/\",\"https:\\\/\\\/bsky.app\\\/profile\\\/sonomalandtrust.bsky.social\",\"https:\\\/\\\/www.youtube.com\\\/user\\\/SonomaLandTrust\\\/\",\"http:\\\/\\\/www.linkedin.com\\\/company\\\/1090048?trk=tyah\"]}]}<\/script>\n<!-- \/ Yoast SEO plugin. -->","yoast_head_json":{"title":"Nuevo parque comunitario en la zona Mark West &#8212; Sonoma Land Trust","robots":{"index":"index","follow":"follow","max-snippet":"max-snippet:-1","max-image-preview":"max-image-preview:large","max-video-preview":"max-video-preview:-1"},"canonical":"https:\/\/sonomalandtrust.org\/es\/news\/nuevo-parque-comunitario-en-la-zona-mark-west\/","og_locale":"es_ES","og_type":"article","og_title":"Nuevo parque comunitario en la zona Mark West &#8212; Sonoma Land Trust","og_description":"El lugar que ardi\u00f3 en el incendio de Tubbs se convertir\u00e1 en un parque de espacios abiertos previsto por la comunidad SANTA ROSA, CA (7 de abril de 2025) &#8211; Ag + Open Space, Sonoma Land Trust (SLT) y el Fondo Comunitario del \u00c1rea Mark West (MWACF) se enorgullecen de anunciar el \u00faltimo paso en [&hellip;]","og_url":"https:\/\/sonomalandtrust.org\/es\/news\/nuevo-parque-comunitario-en-la-zona-mark-west\/","og_site_name":"Sonoma Land Trust","article_publisher":"http:\/\/www.facebook.com\/Sonoma-Land-Trust\/","article_modified_time":"2026-03-09T18:37:35+00:00","og_image":[{"width":1556,"height":900,"url":"https:\/\/slt-2026.eclipse-dev.com\/wp-content\/uploads\/2025\/04\/mark-west-park-ribbon-cutting.jpg","type":"image\/jpeg"}],"twitter_card":"summary_large_image","twitter_misc":{"Est. reading time":"5 minuto"},"schema":{"@context":"https:\/\/schema.org","@graph":[{"@type":"WebPage","@id":"https:\/\/sonomalandtrust.org\/es\/news\/nuevo-parque-comunitario-en-la-zona-mark-west\/","url":"https:\/\/sonomalandtrust.org\/es\/news\/nuevo-parque-comunitario-en-la-zona-mark-west\/","name":"Nuevo parque comunitario en la zona Mark West &#8212; Sonoma Land Trust","isPartOf":{"@id":"https:\/\/slt-2026.eclipse-dev.com\/#website"},"primaryImageOfPage":{"@id":"https:\/\/sonomalandtrust.org\/es\/news\/nuevo-parque-comunitario-en-la-zona-mark-west\/#primaryimage"},"image":{"@id":"https:\/\/sonomalandtrust.org\/es\/news\/nuevo-parque-comunitario-en-la-zona-mark-west\/#primaryimage"},"thumbnailUrl":"https:\/\/sonomalandtrust.org\/wp-content\/uploads\/2025\/04\/mark-west-park-ribbon-cutting.jpg","datePublished":"2025-04-08T02:39:54+00:00","dateModified":"2026-03-09T18:37:35+00:00","breadcrumb":{"@id":"https:\/\/sonomalandtrust.org\/es\/news\/nuevo-parque-comunitario-en-la-zona-mark-west\/#breadcrumb"},"inLanguage":"es","potentialAction":[{"@type":"ReadAction","target":["https:\/\/sonomalandtrust.org\/es\/news\/nuevo-parque-comunitario-en-la-zona-mark-west\/"]}]},{"@type":"ImageObject","inLanguage":"es","@id":"https:\/\/sonomalandtrust.org\/es\/news\/nuevo-parque-comunitario-en-la-zona-mark-west\/#primaryimage","url":"https:\/\/sonomalandtrust.org\/wp-content\/uploads\/2025\/04\/mark-west-park-ribbon-cutting.jpg","contentUrl":"https:\/\/sonomalandtrust.org\/wp-content\/uploads\/2025\/04\/mark-west-park-ribbon-cutting.jpg","width":1556,"height":900,"caption":"Ceremonia de inauguraci\u00f3n del Parque Comunitario Mark West"},{"@type":"BreadcrumbList","@id":"https:\/\/sonomalandtrust.org\/es\/news\/nuevo-parque-comunitario-en-la-zona-mark-west\/#breadcrumb","itemListElement":[{"@type":"ListItem","position":1,"name":"Home","item":"https:\/\/sonomalandtrust.org\/es\/inicio\/"},{"@type":"ListItem","position":2,"name":"Nuevo parque comunitario en la zona Mark West"}]},{"@type":"WebSite","@id":"https:\/\/slt-2026.eclipse-dev.com\/#website","url":"https:\/\/slt-2026.eclipse-dev.com\/","name":"Sonoma Land Trust","description":"","publisher":{"@id":"https:\/\/slt-2026.eclipse-dev.com\/#organization"},"potentialAction":[{"@type":"SearchAction","target":{"@type":"EntryPoint","urlTemplate":"https:\/\/slt-2026.eclipse-dev.com\/?s={search_term_string}"},"query-input":{"@type":"PropertyValueSpecification","valueRequired":true,"valueName":"search_term_string"}}],"inLanguage":"es"},{"@type":"Organization","@id":"https:\/\/slt-2026.eclipse-dev.com\/#organization","name":"Fondo de Tierras de Sonoma","url":"https:\/\/slt-2026.eclipse-dev.com\/","logo":{"@type":"ImageObject","inLanguage":"es","@id":"https:\/\/slt-2026.eclipse-dev.com\/#\/schema\/logo\/image\/","url":"https:\/\/sonomalandtrust.org\/wp-content\/uploads\/2025\/10\/slt-logo.png","contentUrl":"https:\/\/sonomalandtrust.org\/wp-content\/uploads\/2025\/10\/slt-logo.png","width":549,"height":333,"caption":"Fondo de Tierras de Sonoma"},"image":{"@id":"https:\/\/slt-2026.eclipse-dev.com\/#\/schema\/logo\/image\/"},"sameAs":["http:\/\/www.facebook.com\/Sonoma-Land-Trust\/","https:\/\/www.instagram.com\/sonomalandtrust\/","https:\/\/bsky.app\/profile\/sonomalandtrust.bsky.social","https:\/\/www.youtube.com\/user\/SonomaLandTrust\/","http:\/\/www.linkedin.com\/company\/1090048?trk=tyah"]}]}},"_links":{"self":[{"href":"https:\/\/sonomalandtrust.org\/es\/wp-json\/wp\/v2\/news\/13462","targetHints":{"allow":["GET"]}}],"collection":[{"href":"https:\/\/sonomalandtrust.org\/es\/wp-json\/wp\/v2\/news"}],"about":[{"href":"https:\/\/sonomalandtrust.org\/es\/wp-json\/wp\/v2\/types\/news"}],"wp:featuredmedia":[{"embeddable":true,"href":"https:\/\/sonomalandtrust.org\/es\/wp-json\/wp\/v2\/media\/13463"}],"wp:attachment":[{"href":"https:\/\/sonomalandtrust.org\/es\/wp-json\/wp\/v2\/media?parent=13462"}],"wp:term":[{"taxonomy":"news-type","embeddable":true,"href":"https:\/\/sonomalandtrust.org\/es\/wp-json\/wp\/v2\/news-type?post=13462"}],"curies":[{"name":"wp","href":"https:\/\/api.w.org\/{rel}","templated":true}]}}