{"id":13453,"date":"2023-12-22T00:31:00","date_gmt":"2023-12-22T08:31:00","guid":{"rendered":"https:\/\/sonomalandtrust.org\/news\/sonoma-land-trust-da-la-bienvenida-a-anita-das-al-consejo-de-administracion\/"},"modified":"2026-03-09T11:37:27","modified_gmt":"2026-03-09T18:37:27","slug":"sonoma-land-trust-da-la-bienvenida-a-anita-das-al-consejo-de-administracion","status":"publish","type":"news","link":"https:\/\/sonomalandtrust.org\/es\/news\/sonoma-land-trust-da-la-bienvenida-a-anita-das-al-consejo-de-administracion\/","title":{"rendered":"Sonoma Land Trust da la bienvenida a Anita Das al Consejo de Administraci\u00f3n"},"content":{"rendered":"\n<p><strong>Santa Rosa, CA, 21 de diciembre de 2023<\/strong> &#8211; Sonoma Land Trust, l\u00edder en la protecci\u00f3n y restauraci\u00f3n de los espacios naturales y abiertos del condado, se complace en anunciar el nombramiento de Anita Das como miembro de su Junta Directiva a partir del 4 de diciembre de 2023. Natural del \u00c1rea de la Bah\u00eda, con amplios conocimientos en an\u00e1lisis estad\u00edstico y un fuerte compromiso con la conservaci\u00f3n del medio ambiente, Anita aporta a la organizaci\u00f3n tanto sus conocimientos cient\u00edficos como su pasi\u00f3n por la naturaleza. <\/p>\n\n<p>Consultora estad\u00edstica experimentada especializada en las industrias biotecnol\u00f3gica y farmac\u00e9utica, Anita asesora a empresas en el dise\u00f1o de ensayos cl\u00ednicos, an\u00e1lisis de datos y asuntos normativos para el desarrollo de productos farmac\u00e9uticos que previenen o tratan infecciones. Anteriormente, fue propietaria y Estad\u00edstica Principal de una Organizaci\u00f3n de Investigaci\u00f3n por Contrato y colabor\u00f3 en estudios de medicina materno-fetal patrocinados por los Institutos Nacionales de Salud. <\/p>\n\n<p>Anita tiene un m\u00e1ster en Estad\u00edstica por la Universidad de Maryland Baltimore County y un doctorado en Epidemiolog\u00eda por la Universidad George Washington. Est\u00e1 encantada de aportar su formaci\u00f3n cient\u00edfica y su capacidad de interpretaci\u00f3n de datos al Sonoma Land Trust, y afirma: \u00abEstoy encantada de unirme a la Junta Directiva y contribuir a la misi\u00f3n de la organizaci\u00f3n. La intersecci\u00f3n de la ciencia y la conservaci\u00f3n es poderosa, y estoy deseando aprovechar mis conocimientos para promover los objetivos medioambientales en el condado de Sonoma.\u00bb <\/p>\n\n<p>Scott Hafner, presidente del consejo de Sonoma Land Trust, expres\u00f3 que \u00abAnita aporta una perspectiva \u00fanica a nuestro equipo directivo y su experiencia mejorar\u00e1 positivamente el compromiso de la organizaci\u00f3n con la administraci\u00f3n y la conservaci\u00f3n del medio ambiente con una lente cient\u00edfica.\u00bb<\/p>\n\n<p>Residente en Guerneville, a Anita le gusta la jardiner\u00eda, cuidar de sus gallinas y practicar yoga. Su mayor alegr\u00eda la encuentra en la naturaleza, practicando senderismo y excursionismo con mochila. A pesar de haber viajado por todo el mundo, los lugares al aire libre favoritos de Anita est\u00e1n aqu\u00ed mismo, en el condado de Sonoma.  <\/p>\n","protected":false},"excerpt":{"rendered":"<p>&#8211; Sonoma Land Trust, l\u00edder en la protecci\u00f3n y restauraci\u00f3n de los espacios naturales y abiertos del condado, se complace en anunciar el nombramiento de Anita Das como miembro de su Junta Directiva a partir del 4 de diciembre de 2023. Natural del \u00c1rea de la Bah\u00eda, con amplios conocimientos en an\u00e1lisis estad\u00edstico y un [&hellip;]<\/p>\n","protected":false},"featured_media":0,"template":"","meta":{"_acf_changed":false},"news-type":[86],"class_list":["post-13453","news","type-news","status-publish","hentry","news-type-comunicado-de-prensa"],"acf":[],"yoast_head":"<!-- This site is optimized with the Yoast SEO plugin v27.3 - https:\/\/yoast.com\/product\/yoast-seo-wordpress\/ -->\n<title>Sonoma Land Trust da la bienvenida a Anita Das al Consejo de Administraci\u00f3n &#8212; Sonoma Land Trust<\/title>\n<meta name=\"robots\" content=\"index, follow, max-snippet:-1, max-image-preview:large, max-video-preview:-1\" \/>\n<link rel=\"canonical\" href=\"https:\/\/sonomalandtrust.org\/es\/news\/sonoma-land-trust-da-la-bienvenida-a-anita-das-al-consejo-de-administracion\/\" \/>\n<meta property=\"og:locale\" content=\"es_ES\" \/>\n<meta property=\"og:type\" content=\"article\" \/>\n<meta property=\"og:title\" content=\"Sonoma Land Trust da la bienvenida a Anita Das al Consejo de Administraci\u00f3n &#8212; Sonoma Land Trust\" \/>\n<meta property=\"og:description\" content=\"&#8211; Sonoma Land Trust, l\u00edder en la protecci\u00f3n y restauraci\u00f3n de los espacios naturales y abiertos del condado, se complace en anunciar el nombramiento de Anita Das como miembro de su Junta Directiva a partir del 4 de diciembre de 2023. Natural del \u00c1rea de la Bah\u00eda, con amplios conocimientos en an\u00e1lisis estad\u00edstico y un [&hellip;]\" \/>\n<meta property=\"og:url\" content=\"https:\/\/sonomalandtrust.org\/es\/news\/sonoma-land-trust-da-la-bienvenida-a-anita-das-al-consejo-de-administracion\/\" \/>\n<meta property=\"og:site_name\" content=\"Sonoma Land Trust\" \/>\n<meta property=\"article:publisher\" content=\"http:\/\/www.facebook.com\/Sonoma-Land-Trust\/\" \/>\n<meta property=\"article:modified_time\" content=\"2026-03-09T18:37:27+00:00\" \/>\n<meta name=\"twitter:card\" content=\"summary_large_image\" \/>\n<meta name=\"twitter:label1\" content=\"Est. reading time\" \/>\n\t<meta name=\"twitter:data1\" content=\"2 minuto\" \/>\n<script type=\"application\/ld+json\" class=\"yoast-schema-graph\">{\"@context\":\"https:\\\/\\\/schema.org\",\"@graph\":[{\"@type\":\"WebPage\",\"@id\":\"https:\\\/\\\/sonomalandtrust.org\\\/es\\\/news\\\/sonoma-land-trust-da-la-bienvenida-a-anita-das-al-consejo-de-administracion\\\/\",\"url\":\"https:\\\/\\\/sonomalandtrust.org\\\/es\\\/news\\\/sonoma-land-trust-da-la-bienvenida-a-anita-das-al-consejo-de-administracion\\\/\",\"name\":\"Sonoma Land Trust da la bienvenida a Anita Das al Consejo de Administraci\u00f3n &#8212; Sonoma Land Trust\",\"isPartOf\":{\"@id\":\"https:\\\/\\\/slt-2026.eclipse-dev.com\\\/#website\"},\"datePublished\":\"2023-12-22T08:31:00+00:00\",\"dateModified\":\"2026-03-09T18:37:27+00:00\",\"breadcrumb\":{\"@id\":\"https:\\\/\\\/sonomalandtrust.org\\\/es\\\/news\\\/sonoma-land-trust-da-la-bienvenida-a-anita-das-al-consejo-de-administracion\\\/#breadcrumb\"},\"inLanguage\":\"es\",\"potentialAction\":[{\"@type\":\"ReadAction\",\"target\":[\"https:\\\/\\\/sonomalandtrust.org\\\/es\\\/news\\\/sonoma-land-trust-da-la-bienvenida-a-anita-das-al-consejo-de-administracion\\\/\"]}]},{\"@type\":\"BreadcrumbList\",\"@id\":\"https:\\\/\\\/sonomalandtrust.org\\\/es\\\/news\\\/sonoma-land-trust-da-la-bienvenida-a-anita-das-al-consejo-de-administracion\\\/#breadcrumb\",\"itemListElement\":[{\"@type\":\"ListItem\",\"position\":1,\"name\":\"Home\",\"item\":\"https:\\\/\\\/sonomalandtrust.org\\\/es\\\/inicio\\\/\"},{\"@type\":\"ListItem\",\"position\":2,\"name\":\"Sonoma Land Trust da la bienvenida a Anita Das al Consejo de Administraci\u00f3n\"}]},{\"@type\":\"WebSite\",\"@id\":\"https:\\\/\\\/slt-2026.eclipse-dev.com\\\/#website\",\"url\":\"https:\\\/\\\/slt-2026.eclipse-dev.com\\\/\",\"name\":\"Sonoma Land Trust\",\"description\":\"\",\"publisher\":{\"@id\":\"https:\\\/\\\/slt-2026.eclipse-dev.com\\\/#organization\"},\"potentialAction\":[{\"@type\":\"SearchAction\",\"target\":{\"@type\":\"EntryPoint\",\"urlTemplate\":\"https:\\\/\\\/slt-2026.eclipse-dev.com\\\/?s={search_term_string}\"},\"query-input\":{\"@type\":\"PropertyValueSpecification\",\"valueRequired\":true,\"valueName\":\"search_term_string\"}}],\"inLanguage\":\"es\"},{\"@type\":\"Organization\",\"@id\":\"https:\\\/\\\/slt-2026.eclipse-dev.com\\\/#organization\",\"name\":\"Fondo de Tierras de Sonoma\",\"url\":\"https:\\\/\\\/slt-2026.eclipse-dev.com\\\/\",\"logo\":{\"@type\":\"ImageObject\",\"inLanguage\":\"es\",\"@id\":\"https:\\\/\\\/slt-2026.eclipse-dev.com\\\/#\\\/schema\\\/logo\\\/image\\\/\",\"url\":\"https:\\\/\\\/sonomalandtrust.org\\\/wp-content\\\/uploads\\\/2025\\\/10\\\/slt-logo.png\",\"contentUrl\":\"https:\\\/\\\/sonomalandtrust.org\\\/wp-content\\\/uploads\\\/2025\\\/10\\\/slt-logo.png\",\"width\":549,\"height\":333,\"caption\":\"Fondo de Tierras de Sonoma\"},\"image\":{\"@id\":\"https:\\\/\\\/slt-2026.eclipse-dev.com\\\/#\\\/schema\\\/logo\\\/image\\\/\"},\"sameAs\":[\"http:\\\/\\\/www.facebook.com\\\/Sonoma-Land-Trust\\\/\",\"https:\\\/\\\/www.instagram.com\\\/sonomalandtrust\\\/\",\"https:\\\/\\\/bsky.app\\\/profile\\\/sonomalandtrust.bsky.social\",\"https:\\\/\\\/www.youtube.com\\\/user\\\/SonomaLandTrust\\\/\",\"http:\\\/\\\/www.linkedin.com\\\/company\\\/1090048?trk=tyah\"]}]}<\/script>\n<!-- \/ Yoast SEO plugin. -->","yoast_head_json":{"title":"Sonoma Land Trust da la bienvenida a Anita Das al Consejo de Administraci\u00f3n &#8212; Sonoma Land Trust","robots":{"index":"index","follow":"follow","max-snippet":"max-snippet:-1","max-image-preview":"max-image-preview:large","max-video-preview":"max-video-preview:-1"},"canonical":"https:\/\/sonomalandtrust.org\/es\/news\/sonoma-land-trust-da-la-bienvenida-a-anita-das-al-consejo-de-administracion\/","og_locale":"es_ES","og_type":"article","og_title":"Sonoma Land Trust da la bienvenida a Anita Das al Consejo de Administraci\u00f3n &#8212; Sonoma Land Trust","og_description":"&#8211; Sonoma Land Trust, l\u00edder en la protecci\u00f3n y restauraci\u00f3n de los espacios naturales y abiertos del condado, se complace en anunciar el nombramiento de Anita Das como miembro de su Junta Directiva a partir del 4 de diciembre de 2023. Natural del \u00c1rea de la Bah\u00eda, con amplios conocimientos en an\u00e1lisis estad\u00edstico y un [&hellip;]","og_url":"https:\/\/sonomalandtrust.org\/es\/news\/sonoma-land-trust-da-la-bienvenida-a-anita-das-al-consejo-de-administracion\/","og_site_name":"Sonoma Land Trust","article_publisher":"http:\/\/www.facebook.com\/Sonoma-Land-Trust\/","article_modified_time":"2026-03-09T18:37:27+00:00","twitter_card":"summary_large_image","twitter_misc":{"Est. reading time":"2 minuto"},"schema":{"@context":"https:\/\/schema.org","@graph":[{"@type":"WebPage","@id":"https:\/\/sonomalandtrust.org\/es\/news\/sonoma-land-trust-da-la-bienvenida-a-anita-das-al-consejo-de-administracion\/","url":"https:\/\/sonomalandtrust.org\/es\/news\/sonoma-land-trust-da-la-bienvenida-a-anita-das-al-consejo-de-administracion\/","name":"Sonoma Land Trust da la bienvenida a Anita Das al Consejo de Administraci\u00f3n &#8212; Sonoma Land Trust","isPartOf":{"@id":"https:\/\/slt-2026.eclipse-dev.com\/#website"},"datePublished":"2023-12-22T08:31:00+00:00","dateModified":"2026-03-09T18:37:27+00:00","breadcrumb":{"@id":"https:\/\/sonomalandtrust.org\/es\/news\/sonoma-land-trust-da-la-bienvenida-a-anita-das-al-consejo-de-administracion\/#breadcrumb"},"inLanguage":"es","potentialAction":[{"@type":"ReadAction","target":["https:\/\/sonomalandtrust.org\/es\/news\/sonoma-land-trust-da-la-bienvenida-a-anita-das-al-consejo-de-administracion\/"]}]},{"@type":"BreadcrumbList","@id":"https:\/\/sonomalandtrust.org\/es\/news\/sonoma-land-trust-da-la-bienvenida-a-anita-das-al-consejo-de-administracion\/#breadcrumb","itemListElement":[{"@type":"ListItem","position":1,"name":"Home","item":"https:\/\/sonomalandtrust.org\/es\/inicio\/"},{"@type":"ListItem","position":2,"name":"Sonoma Land Trust da la bienvenida a Anita Das al Consejo de Administraci\u00f3n"}]},{"@type":"WebSite","@id":"https:\/\/slt-2026.eclipse-dev.com\/#website","url":"https:\/\/slt-2026.eclipse-dev.com\/","name":"Sonoma Land Trust","description":"","publisher":{"@id":"https:\/\/slt-2026.eclipse-dev.com\/#organization"},"potentialAction":[{"@type":"SearchAction","target":{"@type":"EntryPoint","urlTemplate":"https:\/\/slt-2026.eclipse-dev.com\/?s={search_term_string}"},"query-input":{"@type":"PropertyValueSpecification","valueRequired":true,"valueName":"search_term_string"}}],"inLanguage":"es"},{"@type":"Organization","@id":"https:\/\/slt-2026.eclipse-dev.com\/#organization","name":"Fondo de Tierras de Sonoma","url":"https:\/\/slt-2026.eclipse-dev.com\/","logo":{"@type":"ImageObject","inLanguage":"es","@id":"https:\/\/slt-2026.eclipse-dev.com\/#\/schema\/logo\/image\/","url":"https:\/\/sonomalandtrust.org\/wp-content\/uploads\/2025\/10\/slt-logo.png","contentUrl":"https:\/\/sonomalandtrust.org\/wp-content\/uploads\/2025\/10\/slt-logo.png","width":549,"height":333,"caption":"Fondo de Tierras de Sonoma"},"image":{"@id":"https:\/\/slt-2026.eclipse-dev.com\/#\/schema\/logo\/image\/"},"sameAs":["http:\/\/www.facebook.com\/Sonoma-Land-Trust\/","https:\/\/www.instagram.com\/sonomalandtrust\/","https:\/\/bsky.app\/profile\/sonomalandtrust.bsky.social","https:\/\/www.youtube.com\/user\/SonomaLandTrust\/","http:\/\/www.linkedin.com\/company\/1090048?trk=tyah"]}]}},"_links":{"self":[{"href":"https:\/\/sonomalandtrust.org\/es\/wp-json\/wp\/v2\/news\/13453","targetHints":{"allow":["GET"]}}],"collection":[{"href":"https:\/\/sonomalandtrust.org\/es\/wp-json\/wp\/v2\/news"}],"about":[{"href":"https:\/\/sonomalandtrust.org\/es\/wp-json\/wp\/v2\/types\/news"}],"wp:attachment":[{"href":"https:\/\/sonomalandtrust.org\/es\/wp-json\/wp\/v2\/media?parent=13453"}],"wp:term":[{"taxonomy":"news-type","embeddable":true,"href":"https:\/\/sonomalandtrust.org\/es\/wp-json\/wp\/v2\/news-type?post=13453"}],"curies":[{"name":"wp","href":"https:\/\/api.w.org\/{rel}","templated":true}]}}