{"id":13447,"date":"2025-02-11T10:28:00","date_gmt":"2025-02-11T18:28:00","guid":{"rendered":"https:\/\/sonomalandtrust.org\/news\/el-antiguo-bosque-magico-cerca-de-guerneville-cuadruplicara-su-tamano-con-nuevos-senderos\/"},"modified":"2025-02-11T10:28:00","modified_gmt":"2025-02-11T18:28:00","slug":"el-antiguo-bosque-magico-cerca-de-guerneville-cuadruplicara-su-tamano-con-nuevos-senderos","status":"publish","type":"news","link":"https:\/\/sonomalandtrust.org\/es\/news\/el-antiguo-bosque-magico-cerca-de-guerneville-cuadruplicara-su-tamano-con-nuevos-senderos\/","title":{"rendered":"El \u00abantiguo bosque m\u00e1gico\u00bb cerca de Guerneville cuadruplicar\u00e1 su tama\u00f1o con nuevos senderos"},"content":{"rendered":"","protected":false},"excerpt":{"rendered":"","protected":false},"featured_media":13448,"template":"","meta":{"_acf_changed":false},"news-type":[93],"class_list":["post-13447","news","type-news","status-publish","has-post-thumbnail","hentry","news-type-medios-de-comunicacion"],"acf":[],"yoast_head":"<!-- This site is optimized with the Yoast SEO plugin v27.3 - https:\/\/yoast.com\/product\/yoast-seo-wordpress\/ -->\n<title>El &quot;antiguo bosque m\u00e1gico&quot; cerca de Guerneville cuadruplicar\u00e1 su tama\u00f1o con nuevos senderos &#8212; Sonoma Land Trust<\/title>\n<meta name=\"robots\" content=\"index, follow, max-snippet:-1, max-image-preview:large, max-video-preview:-1\" \/>\n<link rel=\"canonical\" href=\"https:\/\/sonomalandtrust.org\/es\/news\/el-antiguo-bosque-magico-cerca-de-guerneville-cuadruplicara-su-tamano-con-nuevos-senderos\/\" \/>\n<meta property=\"og:locale\" content=\"es_ES\" \/>\n<meta property=\"og:type\" content=\"article\" \/>\n<meta property=\"og:title\" content=\"El &quot;antiguo bosque m\u00e1gico&quot; cerca de Guerneville cuadruplicar\u00e1 su tama\u00f1o con nuevos senderos &#8212; Sonoma Land Trust\" \/>\n<meta property=\"og:url\" content=\"https:\/\/sonomalandtrust.org\/es\/news\/el-antiguo-bosque-magico-cerca-de-guerneville-cuadruplicara-su-tamano-con-nuevos-senderos\/\" \/>\n<meta property=\"og:site_name\" content=\"Sonoma Land Trust\" \/>\n<meta property=\"article:publisher\" content=\"http:\/\/www.facebook.com\/Sonoma-Land-Trust\/\" \/>\n<meta property=\"og:image\" content=\"https:\/\/slt-2026.eclipse-dev.com\/wp-content\/uploads\/2026\/01\/freezeout-redwoods-1024x693.jpg\" \/>\n\t<meta property=\"og:image:width\" content=\"1024\" \/>\n\t<meta property=\"og:image:height\" content=\"693\" \/>\n\t<meta property=\"og:image:type\" content=\"image\/jpeg\" \/>\n<meta name=\"twitter:card\" content=\"summary_large_image\" \/>\n<script type=\"application\/ld+json\" class=\"yoast-schema-graph\">{\"@context\":\"https:\\\/\\\/schema.org\",\"@graph\":[{\"@type\":\"WebPage\",\"@id\":\"https:\\\/\\\/sonomalandtrust.org\\\/es\\\/news\\\/el-antiguo-bosque-magico-cerca-de-guerneville-cuadruplicara-su-tamano-con-nuevos-senderos\\\/\",\"url\":\"https:\\\/\\\/sonomalandtrust.org\\\/es\\\/news\\\/el-antiguo-bosque-magico-cerca-de-guerneville-cuadruplicara-su-tamano-con-nuevos-senderos\\\/\",\"name\":\"El \\\"antiguo bosque m\u00e1gico\\\" cerca de Guerneville cuadruplicar\u00e1 su tama\u00f1o con nuevos senderos &#8212; Sonoma Land Trust\",\"isPartOf\":{\"@id\":\"https:\\\/\\\/slt-2026.eclipse-dev.com\\\/#website\"},\"primaryImageOfPage\":{\"@id\":\"https:\\\/\\\/sonomalandtrust.org\\\/es\\\/news\\\/el-antiguo-bosque-magico-cerca-de-guerneville-cuadruplicara-su-tamano-con-nuevos-senderos\\\/#primaryimage\"},\"image\":{\"@id\":\"https:\\\/\\\/sonomalandtrust.org\\\/es\\\/news\\\/el-antiguo-bosque-magico-cerca-de-guerneville-cuadruplicara-su-tamano-con-nuevos-senderos\\\/#primaryimage\"},\"thumbnailUrl\":\"https:\\\/\\\/sonomalandtrust.org\\\/wp-content\\\/uploads\\\/2026\\\/01\\\/freezeout-redwoods.jpg\",\"datePublished\":\"2025-02-11T18:28:00+00:00\",\"breadcrumb\":{\"@id\":\"https:\\\/\\\/sonomalandtrust.org\\\/es\\\/news\\\/el-antiguo-bosque-magico-cerca-de-guerneville-cuadruplicara-su-tamano-con-nuevos-senderos\\\/#breadcrumb\"},\"inLanguage\":\"es\",\"potentialAction\":[{\"@type\":\"ReadAction\",\"target\":[\"https:\\\/\\\/sonomalandtrust.org\\\/es\\\/news\\\/el-antiguo-bosque-magico-cerca-de-guerneville-cuadruplicara-su-tamano-con-nuevos-senderos\\\/\"]}]},{\"@type\":\"ImageObject\",\"inLanguage\":\"es\",\"@id\":\"https:\\\/\\\/sonomalandtrust.org\\\/es\\\/news\\\/el-antiguo-bosque-magico-cerca-de-guerneville-cuadruplicara-su-tamano-con-nuevos-senderos\\\/#primaryimage\",\"url\":\"https:\\\/\\\/sonomalandtrust.org\\\/wp-content\\\/uploads\\\/2026\\\/01\\\/freezeout-redwoods.jpg\",\"contentUrl\":\"https:\\\/\\\/sonomalandtrust.org\\\/wp-content\\\/uploads\\\/2026\\\/01\\\/freezeout-redwoods.jpg\",\"width\":1584,\"height\":1072,\"caption\":\"Denso bosque de secuoyas en las secuoyas Freezeout.\"},{\"@type\":\"BreadcrumbList\",\"@id\":\"https:\\\/\\\/sonomalandtrust.org\\\/es\\\/news\\\/el-antiguo-bosque-magico-cerca-de-guerneville-cuadruplicara-su-tamano-con-nuevos-senderos\\\/#breadcrumb\",\"itemListElement\":[{\"@type\":\"ListItem\",\"position\":1,\"name\":\"Home\",\"item\":\"https:\\\/\\\/sonomalandtrust.org\\\/es\\\/inicio\\\/\"},{\"@type\":\"ListItem\",\"position\":2,\"name\":\"El &#8220;antiguo bosque m\u00e1gico&#8221; cerca de Guerneville cuadruplicar\u00e1 su tama\u00f1o con nuevos senderos\"}]},{\"@type\":\"WebSite\",\"@id\":\"https:\\\/\\\/slt-2026.eclipse-dev.com\\\/#website\",\"url\":\"https:\\\/\\\/slt-2026.eclipse-dev.com\\\/\",\"name\":\"Sonoma Land Trust\",\"description\":\"\",\"publisher\":{\"@id\":\"https:\\\/\\\/slt-2026.eclipse-dev.com\\\/#organization\"},\"potentialAction\":[{\"@type\":\"SearchAction\",\"target\":{\"@type\":\"EntryPoint\",\"urlTemplate\":\"https:\\\/\\\/slt-2026.eclipse-dev.com\\\/?s={search_term_string}\"},\"query-input\":{\"@type\":\"PropertyValueSpecification\",\"valueRequired\":true,\"valueName\":\"search_term_string\"}}],\"inLanguage\":\"es\"},{\"@type\":\"Organization\",\"@id\":\"https:\\\/\\\/slt-2026.eclipse-dev.com\\\/#organization\",\"name\":\"Fondo de Tierras de Sonoma\",\"url\":\"https:\\\/\\\/slt-2026.eclipse-dev.com\\\/\",\"logo\":{\"@type\":\"ImageObject\",\"inLanguage\":\"es\",\"@id\":\"https:\\\/\\\/slt-2026.eclipse-dev.com\\\/#\\\/schema\\\/logo\\\/image\\\/\",\"url\":\"https:\\\/\\\/sonomalandtrust.org\\\/wp-content\\\/uploads\\\/2025\\\/10\\\/slt-logo.png\",\"contentUrl\":\"https:\\\/\\\/sonomalandtrust.org\\\/wp-content\\\/uploads\\\/2025\\\/10\\\/slt-logo.png\",\"width\":549,\"height\":333,\"caption\":\"Fondo de Tierras de Sonoma\"},\"image\":{\"@id\":\"https:\\\/\\\/slt-2026.eclipse-dev.com\\\/#\\\/schema\\\/logo\\\/image\\\/\"},\"sameAs\":[\"http:\\\/\\\/www.facebook.com\\\/Sonoma-Land-Trust\\\/\",\"https:\\\/\\\/www.instagram.com\\\/sonomalandtrust\\\/\",\"https:\\\/\\\/bsky.app\\\/profile\\\/sonomalandtrust.bsky.social\",\"https:\\\/\\\/www.youtube.com\\\/user\\\/SonomaLandTrust\\\/\",\"http:\\\/\\\/www.linkedin.com\\\/company\\\/1090048?trk=tyah\"]}]}<\/script>\n<!-- \/ Yoast SEO plugin. -->","yoast_head_json":{"title":"El \"antiguo bosque m\u00e1gico\" cerca de Guerneville cuadruplicar\u00e1 su tama\u00f1o con nuevos senderos &#8212; Sonoma Land Trust","robots":{"index":"index","follow":"follow","max-snippet":"max-snippet:-1","max-image-preview":"max-image-preview:large","max-video-preview":"max-video-preview:-1"},"canonical":"https:\/\/sonomalandtrust.org\/es\/news\/el-antiguo-bosque-magico-cerca-de-guerneville-cuadruplicara-su-tamano-con-nuevos-senderos\/","og_locale":"es_ES","og_type":"article","og_title":"El \"antiguo bosque m\u00e1gico\" cerca de Guerneville cuadruplicar\u00e1 su tama\u00f1o con nuevos senderos &#8212; Sonoma Land Trust","og_url":"https:\/\/sonomalandtrust.org\/es\/news\/el-antiguo-bosque-magico-cerca-de-guerneville-cuadruplicara-su-tamano-con-nuevos-senderos\/","og_site_name":"Sonoma Land Trust","article_publisher":"http:\/\/www.facebook.com\/Sonoma-Land-Trust\/","og_image":[{"width":1024,"height":693,"url":"https:\/\/slt-2026.eclipse-dev.com\/wp-content\/uploads\/2026\/01\/freezeout-redwoods-1024x693.jpg","type":"image\/jpeg"}],"twitter_card":"summary_large_image","schema":{"@context":"https:\/\/schema.org","@graph":[{"@type":"WebPage","@id":"https:\/\/sonomalandtrust.org\/es\/news\/el-antiguo-bosque-magico-cerca-de-guerneville-cuadruplicara-su-tamano-con-nuevos-senderos\/","url":"https:\/\/sonomalandtrust.org\/es\/news\/el-antiguo-bosque-magico-cerca-de-guerneville-cuadruplicara-su-tamano-con-nuevos-senderos\/","name":"El \"antiguo bosque m\u00e1gico\" cerca de Guerneville cuadruplicar\u00e1 su tama\u00f1o con nuevos senderos &#8212; Sonoma Land Trust","isPartOf":{"@id":"https:\/\/slt-2026.eclipse-dev.com\/#website"},"primaryImageOfPage":{"@id":"https:\/\/sonomalandtrust.org\/es\/news\/el-antiguo-bosque-magico-cerca-de-guerneville-cuadruplicara-su-tamano-con-nuevos-senderos\/#primaryimage"},"image":{"@id":"https:\/\/sonomalandtrust.org\/es\/news\/el-antiguo-bosque-magico-cerca-de-guerneville-cuadruplicara-su-tamano-con-nuevos-senderos\/#primaryimage"},"thumbnailUrl":"https:\/\/sonomalandtrust.org\/wp-content\/uploads\/2026\/01\/freezeout-redwoods.jpg","datePublished":"2025-02-11T18:28:00+00:00","breadcrumb":{"@id":"https:\/\/sonomalandtrust.org\/es\/news\/el-antiguo-bosque-magico-cerca-de-guerneville-cuadruplicara-su-tamano-con-nuevos-senderos\/#breadcrumb"},"inLanguage":"es","potentialAction":[{"@type":"ReadAction","target":["https:\/\/sonomalandtrust.org\/es\/news\/el-antiguo-bosque-magico-cerca-de-guerneville-cuadruplicara-su-tamano-con-nuevos-senderos\/"]}]},{"@type":"ImageObject","inLanguage":"es","@id":"https:\/\/sonomalandtrust.org\/es\/news\/el-antiguo-bosque-magico-cerca-de-guerneville-cuadruplicara-su-tamano-con-nuevos-senderos\/#primaryimage","url":"https:\/\/sonomalandtrust.org\/wp-content\/uploads\/2026\/01\/freezeout-redwoods.jpg","contentUrl":"https:\/\/sonomalandtrust.org\/wp-content\/uploads\/2026\/01\/freezeout-redwoods.jpg","width":1584,"height":1072,"caption":"Denso bosque de secuoyas en las secuoyas Freezeout."},{"@type":"BreadcrumbList","@id":"https:\/\/sonomalandtrust.org\/es\/news\/el-antiguo-bosque-magico-cerca-de-guerneville-cuadruplicara-su-tamano-con-nuevos-senderos\/#breadcrumb","itemListElement":[{"@type":"ListItem","position":1,"name":"Home","item":"https:\/\/sonomalandtrust.org\/es\/inicio\/"},{"@type":"ListItem","position":2,"name":"El &#8220;antiguo bosque m\u00e1gico&#8221; cerca de Guerneville cuadruplicar\u00e1 su tama\u00f1o con nuevos senderos"}]},{"@type":"WebSite","@id":"https:\/\/slt-2026.eclipse-dev.com\/#website","url":"https:\/\/slt-2026.eclipse-dev.com\/","name":"Sonoma Land Trust","description":"","publisher":{"@id":"https:\/\/slt-2026.eclipse-dev.com\/#organization"},"potentialAction":[{"@type":"SearchAction","target":{"@type":"EntryPoint","urlTemplate":"https:\/\/slt-2026.eclipse-dev.com\/?s={search_term_string}"},"query-input":{"@type":"PropertyValueSpecification","valueRequired":true,"valueName":"search_term_string"}}],"inLanguage":"es"},{"@type":"Organization","@id":"https:\/\/slt-2026.eclipse-dev.com\/#organization","name":"Fondo de Tierras de Sonoma","url":"https:\/\/slt-2026.eclipse-dev.com\/","logo":{"@type":"ImageObject","inLanguage":"es","@id":"https:\/\/slt-2026.eclipse-dev.com\/#\/schema\/logo\/image\/","url":"https:\/\/sonomalandtrust.org\/wp-content\/uploads\/2025\/10\/slt-logo.png","contentUrl":"https:\/\/sonomalandtrust.org\/wp-content\/uploads\/2025\/10\/slt-logo.png","width":549,"height":333,"caption":"Fondo de Tierras de Sonoma"},"image":{"@id":"https:\/\/slt-2026.eclipse-dev.com\/#\/schema\/logo\/image\/"},"sameAs":["http:\/\/www.facebook.com\/Sonoma-Land-Trust\/","https:\/\/www.instagram.com\/sonomalandtrust\/","https:\/\/bsky.app\/profile\/sonomalandtrust.bsky.social","https:\/\/www.youtube.com\/user\/SonomaLandTrust\/","http:\/\/www.linkedin.com\/company\/1090048?trk=tyah"]}]}},"_links":{"self":[{"href":"https:\/\/sonomalandtrust.org\/es\/wp-json\/wp\/v2\/news\/13447","targetHints":{"allow":["GET"]}}],"collection":[{"href":"https:\/\/sonomalandtrust.org\/es\/wp-json\/wp\/v2\/news"}],"about":[{"href":"https:\/\/sonomalandtrust.org\/es\/wp-json\/wp\/v2\/types\/news"}],"wp:featuredmedia":[{"embeddable":true,"href":"https:\/\/sonomalandtrust.org\/es\/wp-json\/wp\/v2\/media\/13448"}],"wp:attachment":[{"href":"https:\/\/sonomalandtrust.org\/es\/wp-json\/wp\/v2\/media?parent=13447"}],"wp:term":[{"taxonomy":"news-type","embeddable":true,"href":"https:\/\/sonomalandtrust.org\/es\/wp-json\/wp\/v2\/news-type?post=13447"}],"curies":[{"name":"wp","href":"https:\/\/api.w.org\/{rel}","templated":true}]}}