{"id":13436,"date":"2023-03-14T19:16:42","date_gmt":"2023-03-15T02:16:42","guid":{"rendered":"https:\/\/sonomalandtrust.org\/news\/sonoma-land-trust-adquiere-un-punto-caliente-de-biodiversidad-para-los-objetivos-30x30\/"},"modified":"2026-03-09T11:37:14","modified_gmt":"2026-03-09T18:37:14","slug":"sonoma-land-trust-adquiere-un-punto-caliente-de-biodiversidad-para-los-objetivos-30x30","status":"publish","type":"news","link":"https:\/\/sonomalandtrust.org\/es\/news\/sonoma-land-trust-adquiere-un-punto-caliente-de-biodiversidad-para-los-objetivos-30x30\/","title":{"rendered":"Sonoma Land Trust adquiere un punto caliente de biodiversidad para los objetivos 30&#215;30"},"content":{"rendered":"\n<p><em>Tras 20 a\u00f1os de discusiones, una propiedad extraordinaria quedar\u00e1 protegida para siempre<\/em><\/p>\n\n<p><strong>14 de marzo de 2023, SANTA ROSA, CALIFORNIA <\/strong>&#8211; Sonoma Land Trust anunci\u00f3 que el 10 de marzo adquiri\u00f3 una propiedad de 174 acres situada en Bennett Valley Road, junto al Parque Estatal Trione-Annadel. La propiedad, conocida como las <a href=\"https:\/\/sonomalandtrust.org\/vernal-pools\/\">Charcas Vernales de la Monta\u00f1a de Sonoma<\/a>, proteger\u00e1 especies vegetales raras y amenazadas, charcas vernales estacionales y conserva una parte significativa de un importante corredor de vida salvaje. Como socio del proyecto, Sonoma County Ag + Open Space ha comprado y mantendr\u00e1 para siempre una servidumbre de conservaci\u00f3n sobre la propiedad, que garantizar\u00e1 la conservaci\u00f3n de sus vastos y diversos recursos naturales para las generaciones venideras. Esta compra tambi\u00e9n cont\u00f3 con el generoso apoyo de la Fundaci\u00f3n Gordon y Betty Moore, la State Coastal Conservancy, la Agencia de Recursos Naturales de California y donaciones de particulares.   <\/p>\n\n<p>Se trata de la primera compra de tierras de 2023 de Sonoma Land Trust, y conserva un h\u00e1bitat saludable y ecol\u00f3gicamente sensible, al tiempo que contribuye a los objetivos 30&#215;30 de California, la iniciativa estatal de conservar el 30% de sus tierras y aguas para 2030. En la actualidad, en el condado de Sonoma se ha conservado aproximadamente el 22% de nuestras tierras gracias al trabajo de los fideicomisos de tierras, las agencias gubernamentales del condado y otras, y los socios conservacionistas. Para alcanzar el objetivo de conservar el 30% del condado para 2030, <a href=\"https:\/\/sonomalandtrust.org\/sonoma-land-trust-and-30x30\/\">deben protegerse 78.000 acres m\u00e1s<\/a> en los pr\u00f3ximos siete a\u00f1os. Las adquisiciones de fideicomisos de tierras y las servidumbres de conservaci\u00f3n son una parte crucial para alcanzar este objetivo, y el trabajo de Sonoma Land Trust para conservar el 30&#215;30 est\u00e1 ayudando a combatir las crisis de la biodiversidad y el clima.   <br\/><\/p>\n\n<p>En 1959, <a href=\"https:\/\/en.wikipedia.org\/wiki\/Benjamin_Swig\">Benjamin Swig<\/a>, destacado promotor inmobiliario y fil\u00e1ntropo, compr\u00f3 un terreno junto a Bennett Valley Road como descanso estacional y de fin de semana de su ajetreada vida urbana, diciendo simplemente: \u00abQuer\u00eda un lugar donde descansar\u00bb. Con el tiempo, la propiedad pas\u00f3 a manos de dos hermanas, las nietas de Benjamin, Patricia Dinner y Carolyn Ferris, y durante los \u00faltimos 60 a\u00f1os ha sido el lugar central de reuni\u00f3n de cinco generaciones y alberga algunos de los recuerdos y reuniones m\u00e1s preciados de la familia. Estas celebraciones est\u00e1n arraigadas en una tradici\u00f3n de honrar la generosidad que proporcionaba la tierra, y fue este amor por la tierra lo que motiv\u00f3 a la familia a conservarla para siempre mediante la cesi\u00f3n a Sonoma Land Trust.  <\/p>\n\n<p>Patricia Dinner, que cri\u00f3 a su familia en la propiedad, se refiri\u00f3 a esta reverencia por la tierra cuando dijo: \u00abMe entristece que estemos viendo grandes zonas pr\u00edstinas desarrolladas por la expansi\u00f3n urbana dejando menos espacios naturales y v\u00edrgenes. Mi hermana y yo estamos encantadas de que nuestros hijos hayan decidido hacer esto y agradecidas a Sonoma Land Trust por hacerlo posible. Con este traspaso, honramos a su bisabuelo protegiendo el regalo que les hizo hace tantos a\u00f1os.\u00bb  <br\/><br\/>\u00abCuando nos sentamos a explorar opciones para la propiedad, nuestra primera prioridad era no interferir con el h\u00e1bitat natural y la sensaci\u00f3n de la zona\u00bb, dijo Lucas Heldfond, bisnieto de Benjamin Swig e hijo de Patricia Dinner. \u00abTrabajar con Sonoma Land Trust nos ha dado la oportunidad de seguir siendo administradores responsables y nos ha ayudado a hacer realidad nuestra prioridad de mantenerlo como espacio abierto. Nos han permitido cumplir nuestros objetivos financieros y fiscales sin urbanizar, al tiempo que devolv\u00edan el terreno al uso p\u00fablico, como ha sido durante la mayor parte del tiempo. Es alentador para todos nosotros que este terreno permanezca abierto y sea parte integrante de la visi\u00f3n de Sonoma Land Trust de un corredor de vida salvaje que abarque desde la costa hasta las cordilleras.\u00bb   <\/p>\n\n<p>\u00abEl personal de Sonoma Land Trust inici\u00f3 las conversaciones con los propietarios hace casi 20 a\u00f1os y, con algo de paciencia y planificaci\u00f3n, estamos encantados de ver por fin esta extraordinaria propiedad establecida como <a href=\"https:\/\/sonomalandtrust.org\/our-preserve-system\/ecological-preserves\/\">reserva ecol\u00f3gica<\/a> con recursos saludables que sustentan una gran variedad de especies, algunas de las cuales s\u00f3lo se encuentran en California\u00bb, declar\u00f3 el Director Ejecutivo de Sonoma Land Trust, Eamon O&#8217;Byrne.<\/p>\n\n<div class=\"wp-block-columns is-layout-flex wp-container-core-columns-is-layout-28f84493 wp-block-columns-is-layout-flex\">\n<div class=\"wp-block-column is-layout-flow wp-block-column-is-layout-flow\">\n<figure class=\"wp-block-image size-full\"><img decoding=\"async\" src=\"https:\/\/sonomalandtrust.org\/wp-content\/uploads\/2023\/03\/Picture1.jpg\" alt=\"\" class=\"wp-image-37256\"\/><\/figure>\n<\/div>\n\n\n\n<div class=\"wp-block-column is-layout-flow wp-block-column-is-layout-flow\">\n<figure class=\"wp-block-image size-full\"><img decoding=\"async\" src=\"https:\/\/sonomalandtrust.org\/wp-content\/uploads\/2023\/03\/Picture2.jpg\" alt=\"\" class=\"wp-image-37257\"\/><\/figure>\n<\/div>\n<\/div>\n\n<p>La adquisici\u00f3n de la propiedad Sonoma Mountain Vernal Pools protege especies vegetales raras y amenazadas; conserva un importante corredor de vida salvaje entre los condados de Point Reyes, Sonoma, Napa y Lake; aporta agua fresca y limpia al arroyo Yulupa, un afluente del arroyo Sonoma que sustenta las corrientes de steelhead y chinook.<\/p>\n\n<p>\u00abEl cambio clim\u00e1tico est\u00e1 en marcha, y sabemos que tenemos que hacer todo lo que est\u00e9 en nuestra mano para proteger la biodiversidad, salvaguardar a las personas de los impactos clim\u00e1ticos que ya est\u00e1n aqu\u00ed y proporcionar acceso a la naturaleza a las generaciones venideras\u00bb, declar\u00f3 el Secretario de Recursos Naturales de California, Wade Crowfoot. \u00abNos entusiasma formar parte de la protecci\u00f3n y restauraci\u00f3n de las Pozas Vernales de la Monta\u00f1a de Sonoma para reforzar las conexiones con la naturaleza y acercarnos a la protecci\u00f3n del 30 por ciento de la tierra y las aguas costeras de nuestro estado para 2030.\u00bb <\/p>\n\n<p>El \u00e9xito de esta iniciativa requerir\u00e1 la participaci\u00f3n de propietarios de todo el estado que actualmente gestionan grandes propiedades con recursos naturales beneficiosos. La financiaci\u00f3n para la conservaci\u00f3n de estas propiedades est\u00e1 disponible e incentiva la participaci\u00f3n en esta iniciativa. <br\/><br\/>\u00abLa protecci\u00f3n y restauraci\u00f3n de las Pozas Vernales de la Monta\u00f1a de Sonoma es un verdadero proyecto \u00abmultibeneficio\u00bb. No s\u00f3lo es un paso tremendo hacia la consecuci\u00f3n de la iniciativa 30&#215;30 del Estado de California para conservar el 30 por ciento de las tierras y aguas costeras de nuestro estado para 2030, sino que crear\u00e1 nuevas conexiones de senderos y oportunidades de recreo para el p\u00fablico, y disposiciones que permitir\u00e1n usos culturales para las Tribus. Estamos muy orgullosos de participar en un proyecto que ayudar\u00e1 a restaurar la biodiversidad, ampliar\u00e1 el acceso a la naturaleza, facilitar\u00e1 el acceso cultural a las Tribus y mitigar\u00e1 y aumentar\u00e1 la resistencia al cambio clim\u00e1tico\u00bb, declar\u00f3 la Directora Ejecutiva de State Coastal Conservancy, Amy Hutzel.  <\/p>\n\n<p>Debido a su ubicaci\u00f3n y belleza, hubo presiones para urbanizar este terreno, pero los propietarios reconocieron que los recursos naturales \u00fanicos del terreno ten\u00edan un valor incalculable. Su decisi\u00f3n de trabajar con Sonoma Land Trust proporciona protecci\u00f3n a este extraordinario lugar, al tiempo que contribuye a las prioridades regionales de conservaci\u00f3n que pueden proteger a nuestras comunidades de los peores efectos del cambio clim\u00e1tico mediante la conservaci\u00f3n y restauraci\u00f3n del suelo. <\/p>\n\n<p>\u00abSe trata de una importante oportunidad de conservaci\u00f3n para proteger los bosques de robles y las charcas vernales en una parte clave de un corredor de fauna amenazado\u00bb, dijo Dan Winterson, que gestiona el Programa de Conservaci\u00f3n del \u00c1rea de la Bah\u00eda en la Fundaci\u00f3n Gordon y Betty Moore. \u00abEstamos muy satisfechos de haber podido apoyar los persistentes esfuerzos de Sonoma Land Trust para llevar este proyecto a buen puerto\u00bb. <\/p>\n\n<p>Protecci\u00f3n de las Pozas Vernales de las Monta\u00f1as de Sonoma:<\/p>\n\n<ul class=\"wp-block-list\">\n<li>Garantiza la salud permanente de las caracter\u00edsticas naturales de la propiedad, incluidas dos raras charcas vernales, bosques de robles maduros, praderas intactas y partes del arroyo Yulupa, que alimenta de agua fr\u00eda al arroyo Sonoma, hogar de la trucha arco iris y el salm\u00f3n chinook.<\/li>\n\n\n\n<li>Ofrece la oportunidad de conectar un nuevo corredor de tierras protegidas tanto para la fauna como para las personas entre los parques estatales y regionales adyacentes.<\/li>\n\n\n\n<li>Conserva permanentemente 174 acres de tierra, protegiendo la naturaleza para que la naturaleza pueda protegernos.<\/li>\n\n\n\n<li>Abre oportunidades para la gesti\u00f3n de la tierra y la restauraci\u00f3n del h\u00e1bitat para la resiliencia clim\u00e1tica.<\/li>\n<\/ul>\n\n<p>\u00abLa conservaci\u00f3n de la propiedad Sonoma Mountain Vernal Pools es otro gran ejemplo de c\u00f3mo podemos hacer m\u00e1s juntos. Gracias al compromiso y la inversi\u00f3n de los contribuyentes del condado de Sonoma, Ag + Open Space tiene los medios para ayudar a proteger nuestros terrenos naturales y de trabajo m\u00e1s preciados y ricos en recursos con servidumbres de conservaci\u00f3n\u00bb, dice la Directora General de Ag + Open Space, Misti Arias. \u00abTodo empieza con nuestra comunidad y la inversi\u00f3n que han hecho para conservar y cuidar la tierra\u00bb. <\/p>\n\n<p>Sonoma Land Trust ser\u00e1 propietaria de la propiedad y la gestionar\u00e1 durante varios a\u00f1os como parte de su cartera de reservas ecol\u00f3gicas, con el objetivo de transferirla finalmente a un organismo p\u00fablico.<br\/><br\/>S\u00f3lo se podr\u00e1 acceder a la propiedad mediante salidas guiadas previamente programadas. Las primeras visitas est\u00e1n previstas para mayo de 2023. La inscripci\u00f3n se abre en abril, visita www.sonomalandtrust.org\/outings para obtener m\u00e1s informaci\u00f3n.  <\/p>\n","protected":false},"excerpt":{"rendered":"<p>Tras 20 a\u00f1os de discusiones, una propiedad extraordinaria quedar\u00e1 protegida para siempre &#8211; Sonoma Land Trust anunci\u00f3 que el 10 de marzo adquiri\u00f3 una propiedad de 174 acres situada en Bennett Valley Road, junto al Parque Estatal Trione-Annadel. La propiedad, conocida como las Charcas Vernales de la Monta\u00f1a de Sonoma, proteger\u00e1 especies vegetales raras y [&hellip;]<\/p>\n","protected":false},"featured_media":0,"template":"","meta":{"_acf_changed":false},"news-type":[86],"class_list":["post-13436","news","type-news","status-publish","hentry","news-type-comunicado-de-prensa"],"acf":[],"yoast_head":"<!-- This site is optimized with the Yoast SEO plugin v27.3 - https:\/\/yoast.com\/product\/yoast-seo-wordpress\/ -->\n<title>Sonoma Land Trust adquiere un punto caliente de biodiversidad para los objetivos 30x30 &#8212; Sonoma Land Trust<\/title>\n<meta name=\"robots\" content=\"index, follow, max-snippet:-1, max-image-preview:large, max-video-preview:-1\" \/>\n<link rel=\"canonical\" href=\"https:\/\/sonomalandtrust.org\/es\/news\/sonoma-land-trust-adquiere-un-punto-caliente-de-biodiversidad-para-los-objetivos-30x30\/\" \/>\n<meta property=\"og:locale\" content=\"es_ES\" \/>\n<meta property=\"og:type\" content=\"article\" \/>\n<meta property=\"og:title\" content=\"Sonoma Land Trust adquiere un punto caliente de biodiversidad para los objetivos 30x30 &#8212; Sonoma Land Trust\" \/>\n<meta property=\"og:description\" content=\"Tras 20 a\u00f1os de discusiones, una propiedad extraordinaria quedar\u00e1 protegida para siempre &#8211; Sonoma Land Trust anunci\u00f3 que el 10 de marzo adquiri\u00f3 una propiedad de 174 acres situada en Bennett Valley Road, junto al Parque Estatal Trione-Annadel. La propiedad, conocida como las Charcas Vernales de la Monta\u00f1a de Sonoma, proteger\u00e1 especies vegetales raras y [&hellip;]\" \/>\n<meta property=\"og:url\" content=\"https:\/\/sonomalandtrust.org\/es\/news\/sonoma-land-trust-adquiere-un-punto-caliente-de-biodiversidad-para-los-objetivos-30x30\/\" \/>\n<meta property=\"og:site_name\" content=\"Sonoma Land Trust\" \/>\n<meta property=\"article:publisher\" content=\"http:\/\/www.facebook.com\/Sonoma-Land-Trust\/\" \/>\n<meta property=\"article:modified_time\" content=\"2026-03-09T18:37:14+00:00\" \/>\n<meta name=\"twitter:card\" content=\"summary_large_image\" \/>\n<meta name=\"twitter:label1\" content=\"Est. reading time\" \/>\n\t<meta name=\"twitter:data1\" content=\"7 minuto\" \/>\n<script type=\"application\/ld+json\" class=\"yoast-schema-graph\">{\"@context\":\"https:\\\/\\\/schema.org\",\"@graph\":[{\"@type\":\"WebPage\",\"@id\":\"https:\\\/\\\/sonomalandtrust.org\\\/es\\\/news\\\/sonoma-land-trust-adquiere-un-punto-caliente-de-biodiversidad-para-los-objetivos-30x30\\\/\",\"url\":\"https:\\\/\\\/sonomalandtrust.org\\\/es\\\/news\\\/sonoma-land-trust-adquiere-un-punto-caliente-de-biodiversidad-para-los-objetivos-30x30\\\/\",\"name\":\"Sonoma Land Trust adquiere un punto caliente de biodiversidad para los objetivos 30x30 &#8212; Sonoma Land Trust\",\"isPartOf\":{\"@id\":\"https:\\\/\\\/slt-2026.eclipse-dev.com\\\/#website\"},\"primaryImageOfPage\":{\"@id\":\"https:\\\/\\\/sonomalandtrust.org\\\/es\\\/news\\\/sonoma-land-trust-adquiere-un-punto-caliente-de-biodiversidad-para-los-objetivos-30x30\\\/#primaryimage\"},\"image\":{\"@id\":\"https:\\\/\\\/sonomalandtrust.org\\\/es\\\/news\\\/sonoma-land-trust-adquiere-un-punto-caliente-de-biodiversidad-para-los-objetivos-30x30\\\/#primaryimage\"},\"thumbnailUrl\":\"https:\\\/\\\/sonomalandtrust.org\\\/wp-content\\\/uploads\\\/2023\\\/03\\\/Picture1.jpg\",\"datePublished\":\"2023-03-15T02:16:42+00:00\",\"dateModified\":\"2026-03-09T18:37:14+00:00\",\"breadcrumb\":{\"@id\":\"https:\\\/\\\/sonomalandtrust.org\\\/es\\\/news\\\/sonoma-land-trust-adquiere-un-punto-caliente-de-biodiversidad-para-los-objetivos-30x30\\\/#breadcrumb\"},\"inLanguage\":\"es\",\"potentialAction\":[{\"@type\":\"ReadAction\",\"target\":[\"https:\\\/\\\/sonomalandtrust.org\\\/es\\\/news\\\/sonoma-land-trust-adquiere-un-punto-caliente-de-biodiversidad-para-los-objetivos-30x30\\\/\"]}]},{\"@type\":\"ImageObject\",\"inLanguage\":\"es\",\"@id\":\"https:\\\/\\\/sonomalandtrust.org\\\/es\\\/news\\\/sonoma-land-trust-adquiere-un-punto-caliente-de-biodiversidad-para-los-objetivos-30x30\\\/#primaryimage\",\"url\":\"https:\\\/\\\/sonomalandtrust.org\\\/wp-content\\\/uploads\\\/2023\\\/03\\\/Picture1.jpg\",\"contentUrl\":\"https:\\\/\\\/sonomalandtrust.org\\\/wp-content\\\/uploads\\\/2023\\\/03\\\/Picture1.jpg\"},{\"@type\":\"BreadcrumbList\",\"@id\":\"https:\\\/\\\/sonomalandtrust.org\\\/es\\\/news\\\/sonoma-land-trust-adquiere-un-punto-caliente-de-biodiversidad-para-los-objetivos-30x30\\\/#breadcrumb\",\"itemListElement\":[{\"@type\":\"ListItem\",\"position\":1,\"name\":\"Home\",\"item\":\"https:\\\/\\\/sonomalandtrust.org\\\/es\\\/inicio\\\/\"},{\"@type\":\"ListItem\",\"position\":2,\"name\":\"Sonoma Land Trust adquiere un punto caliente de biodiversidad para los objetivos 30&#215;30\"}]},{\"@type\":\"WebSite\",\"@id\":\"https:\\\/\\\/slt-2026.eclipse-dev.com\\\/#website\",\"url\":\"https:\\\/\\\/slt-2026.eclipse-dev.com\\\/\",\"name\":\"Sonoma Land Trust\",\"description\":\"\",\"publisher\":{\"@id\":\"https:\\\/\\\/slt-2026.eclipse-dev.com\\\/#organization\"},\"potentialAction\":[{\"@type\":\"SearchAction\",\"target\":{\"@type\":\"EntryPoint\",\"urlTemplate\":\"https:\\\/\\\/slt-2026.eclipse-dev.com\\\/?s={search_term_string}\"},\"query-input\":{\"@type\":\"PropertyValueSpecification\",\"valueRequired\":true,\"valueName\":\"search_term_string\"}}],\"inLanguage\":\"es\"},{\"@type\":\"Organization\",\"@id\":\"https:\\\/\\\/slt-2026.eclipse-dev.com\\\/#organization\",\"name\":\"Fondo de Tierras de Sonoma\",\"url\":\"https:\\\/\\\/slt-2026.eclipse-dev.com\\\/\",\"logo\":{\"@type\":\"ImageObject\",\"inLanguage\":\"es\",\"@id\":\"https:\\\/\\\/slt-2026.eclipse-dev.com\\\/#\\\/schema\\\/logo\\\/image\\\/\",\"url\":\"https:\\\/\\\/sonomalandtrust.org\\\/wp-content\\\/uploads\\\/2025\\\/10\\\/slt-logo.png\",\"contentUrl\":\"https:\\\/\\\/sonomalandtrust.org\\\/wp-content\\\/uploads\\\/2025\\\/10\\\/slt-logo.png\",\"width\":549,\"height\":333,\"caption\":\"Fondo de Tierras de Sonoma\"},\"image\":{\"@id\":\"https:\\\/\\\/slt-2026.eclipse-dev.com\\\/#\\\/schema\\\/logo\\\/image\\\/\"},\"sameAs\":[\"http:\\\/\\\/www.facebook.com\\\/Sonoma-Land-Trust\\\/\",\"https:\\\/\\\/www.instagram.com\\\/sonomalandtrust\\\/\",\"https:\\\/\\\/bsky.app\\\/profile\\\/sonomalandtrust.bsky.social\",\"https:\\\/\\\/www.youtube.com\\\/user\\\/SonomaLandTrust\\\/\",\"http:\\\/\\\/www.linkedin.com\\\/company\\\/1090048?trk=tyah\"]}]}<\/script>\n<!-- \/ Yoast SEO plugin. -->","yoast_head_json":{"title":"Sonoma Land Trust adquiere un punto caliente de biodiversidad para los objetivos 30x30 &#8212; Sonoma Land Trust","robots":{"index":"index","follow":"follow","max-snippet":"max-snippet:-1","max-image-preview":"max-image-preview:large","max-video-preview":"max-video-preview:-1"},"canonical":"https:\/\/sonomalandtrust.org\/es\/news\/sonoma-land-trust-adquiere-un-punto-caliente-de-biodiversidad-para-los-objetivos-30x30\/","og_locale":"es_ES","og_type":"article","og_title":"Sonoma Land Trust adquiere un punto caliente de biodiversidad para los objetivos 30x30 &#8212; Sonoma Land Trust","og_description":"Tras 20 a\u00f1os de discusiones, una propiedad extraordinaria quedar\u00e1 protegida para siempre &#8211; Sonoma Land Trust anunci\u00f3 que el 10 de marzo adquiri\u00f3 una propiedad de 174 acres situada en Bennett Valley Road, junto al Parque Estatal Trione-Annadel. La propiedad, conocida como las Charcas Vernales de la Monta\u00f1a de Sonoma, proteger\u00e1 especies vegetales raras y [&hellip;]","og_url":"https:\/\/sonomalandtrust.org\/es\/news\/sonoma-land-trust-adquiere-un-punto-caliente-de-biodiversidad-para-los-objetivos-30x30\/","og_site_name":"Sonoma Land Trust","article_publisher":"http:\/\/www.facebook.com\/Sonoma-Land-Trust\/","article_modified_time":"2026-03-09T18:37:14+00:00","twitter_card":"summary_large_image","twitter_misc":{"Est. reading time":"7 minuto"},"schema":{"@context":"https:\/\/schema.org","@graph":[{"@type":"WebPage","@id":"https:\/\/sonomalandtrust.org\/es\/news\/sonoma-land-trust-adquiere-un-punto-caliente-de-biodiversidad-para-los-objetivos-30x30\/","url":"https:\/\/sonomalandtrust.org\/es\/news\/sonoma-land-trust-adquiere-un-punto-caliente-de-biodiversidad-para-los-objetivos-30x30\/","name":"Sonoma Land Trust adquiere un punto caliente de biodiversidad para los objetivos 30x30 &#8212; Sonoma Land Trust","isPartOf":{"@id":"https:\/\/slt-2026.eclipse-dev.com\/#website"},"primaryImageOfPage":{"@id":"https:\/\/sonomalandtrust.org\/es\/news\/sonoma-land-trust-adquiere-un-punto-caliente-de-biodiversidad-para-los-objetivos-30x30\/#primaryimage"},"image":{"@id":"https:\/\/sonomalandtrust.org\/es\/news\/sonoma-land-trust-adquiere-un-punto-caliente-de-biodiversidad-para-los-objetivos-30x30\/#primaryimage"},"thumbnailUrl":"https:\/\/sonomalandtrust.org\/wp-content\/uploads\/2023\/03\/Picture1.jpg","datePublished":"2023-03-15T02:16:42+00:00","dateModified":"2026-03-09T18:37:14+00:00","breadcrumb":{"@id":"https:\/\/sonomalandtrust.org\/es\/news\/sonoma-land-trust-adquiere-un-punto-caliente-de-biodiversidad-para-los-objetivos-30x30\/#breadcrumb"},"inLanguage":"es","potentialAction":[{"@type":"ReadAction","target":["https:\/\/sonomalandtrust.org\/es\/news\/sonoma-land-trust-adquiere-un-punto-caliente-de-biodiversidad-para-los-objetivos-30x30\/"]}]},{"@type":"ImageObject","inLanguage":"es","@id":"https:\/\/sonomalandtrust.org\/es\/news\/sonoma-land-trust-adquiere-un-punto-caliente-de-biodiversidad-para-los-objetivos-30x30\/#primaryimage","url":"https:\/\/sonomalandtrust.org\/wp-content\/uploads\/2023\/03\/Picture1.jpg","contentUrl":"https:\/\/sonomalandtrust.org\/wp-content\/uploads\/2023\/03\/Picture1.jpg"},{"@type":"BreadcrumbList","@id":"https:\/\/sonomalandtrust.org\/es\/news\/sonoma-land-trust-adquiere-un-punto-caliente-de-biodiversidad-para-los-objetivos-30x30\/#breadcrumb","itemListElement":[{"@type":"ListItem","position":1,"name":"Home","item":"https:\/\/sonomalandtrust.org\/es\/inicio\/"},{"@type":"ListItem","position":2,"name":"Sonoma Land Trust adquiere un punto caliente de biodiversidad para los objetivos 30&#215;30"}]},{"@type":"WebSite","@id":"https:\/\/slt-2026.eclipse-dev.com\/#website","url":"https:\/\/slt-2026.eclipse-dev.com\/","name":"Sonoma Land Trust","description":"","publisher":{"@id":"https:\/\/slt-2026.eclipse-dev.com\/#organization"},"potentialAction":[{"@type":"SearchAction","target":{"@type":"EntryPoint","urlTemplate":"https:\/\/slt-2026.eclipse-dev.com\/?s={search_term_string}"},"query-input":{"@type":"PropertyValueSpecification","valueRequired":true,"valueName":"search_term_string"}}],"inLanguage":"es"},{"@type":"Organization","@id":"https:\/\/slt-2026.eclipse-dev.com\/#organization","name":"Fondo de Tierras de Sonoma","url":"https:\/\/slt-2026.eclipse-dev.com\/","logo":{"@type":"ImageObject","inLanguage":"es","@id":"https:\/\/slt-2026.eclipse-dev.com\/#\/schema\/logo\/image\/","url":"https:\/\/sonomalandtrust.org\/wp-content\/uploads\/2025\/10\/slt-logo.png","contentUrl":"https:\/\/sonomalandtrust.org\/wp-content\/uploads\/2025\/10\/slt-logo.png","width":549,"height":333,"caption":"Fondo de Tierras de Sonoma"},"image":{"@id":"https:\/\/slt-2026.eclipse-dev.com\/#\/schema\/logo\/image\/"},"sameAs":["http:\/\/www.facebook.com\/Sonoma-Land-Trust\/","https:\/\/www.instagram.com\/sonomalandtrust\/","https:\/\/bsky.app\/profile\/sonomalandtrust.bsky.social","https:\/\/www.youtube.com\/user\/SonomaLandTrust\/","http:\/\/www.linkedin.com\/company\/1090048?trk=tyah"]}]}},"_links":{"self":[{"href":"https:\/\/sonomalandtrust.org\/es\/wp-json\/wp\/v2\/news\/13436","targetHints":{"allow":["GET"]}}],"collection":[{"href":"https:\/\/sonomalandtrust.org\/es\/wp-json\/wp\/v2\/news"}],"about":[{"href":"https:\/\/sonomalandtrust.org\/es\/wp-json\/wp\/v2\/types\/news"}],"wp:attachment":[{"href":"https:\/\/sonomalandtrust.org\/es\/wp-json\/wp\/v2\/media?parent=13436"}],"wp:term":[{"taxonomy":"news-type","embeddable":true,"href":"https:\/\/sonomalandtrust.org\/es\/wp-json\/wp\/v2\/news-type?post=13436"}],"curies":[{"name":"wp","href":"https:\/\/api.w.org\/{rel}","templated":true}]}}