{"id":13423,"date":"2015-03-03T12:00:23","date_gmt":"2015-03-03T20:00:23","guid":{"rendered":"https:\/\/sonomalandtrust.org\/news\/dave-koehler-galardonado-lider-conservacionista-elegido-director-ejecutivo\/"},"modified":"2026-03-09T11:37:03","modified_gmt":"2026-03-09T18:37:03","slug":"dave-koehler-galardonado-lider-conservacionista-elegido-director-ejecutivo","status":"publish","type":"news","link":"https:\/\/sonomalandtrust.org\/es\/news\/dave-koehler-galardonado-lider-conservacionista-elegido-director-ejecutivo\/","title":{"rendered":"Dave Koehler, galardonado l\u00edder conservacionista, elegido director ejecutivo"},"content":{"rendered":"\n<div class=\"wp-block-columns is-layout-flex wp-container-core-columns-is-layout-28f84493 wp-block-columns-is-layout-flex\">\n<div class=\"wp-block-column is-layout-flow wp-block-column-is-layout-flow\" style=\"flex-basis:33.33%\">\n<figure class=\"wp-block-image size-large\"><a href=\"https:\/\/sonomalandtrust.org\/wp-content\/uploads\/2018\/10\/Staff_DaveKoehler.jpg\"><img decoding=\"async\" src=\"https:\/\/sonomalandtrust.org\/wp-content\/uploads\/2018\/10\/Staff_DaveKoehler.jpg\" alt=\"\" class=\"wp-image-28303\"\/><\/a><\/figure>\n\n\n\n<hr class=\"wp-block-separator\"\/>\n\n\n\n<h5 class=\"wp-block-heading\"><strong>CONTACTO:<\/strong><\/h5>\n\n\n\n<p><strong>Sean Dowdall<br\/><\/strong>Presidente, Landis PR<br\/><a href=\"mailto:sean@landispr.com\">sean@landispr.com<\/a><\/p>\n<\/div>\n\n\n\n<div class=\"wp-block-column is-layout-flow wp-block-column-is-layout-flow\" style=\"flex-basis:66.66%\">\n<p>SANTA ROSA, CALIFORNIA &#8211; La junta directiva del Sonoma Land Trust ha elegido al galardonado l\u00edder conservacionista Dave Koehler como nuevo director ejecutivo de la organizaci\u00f3n, sucediendo a Ralph Benson, que se jubil\u00f3 a finales de febrero tras 12 a\u00f1os. Koehler ha sido director ejecutivo del Fideicomiso para la Conservaci\u00f3n y la V\u00eda Verde del R\u00edo San Joaqu\u00edn desde 1990, donde goza de reputaci\u00f3n por su innovaci\u00f3n y colaboraci\u00f3n en la conservaci\u00f3n, habiendo guiado a la organizaci\u00f3n en la planificaci\u00f3n y creaci\u00f3n de la V\u00eda Verde del R\u00edo San Joaqu\u00edn, una v\u00eda verde de 23 millas de tierras de conservaci\u00f3n, parques, senderos y acceso al r\u00edo.    <\/p>\n\n\n\n<p>\u00abEstamos encantados de tener a alguien del calibre y la experiencia de Dave al frente de Sonoma Land Trust\u00bb, afirma el presidente del consejo, Denny Van Ness. \u00abDave tiene un historial demostrado en el desarrollo de asociaciones y en conseguir que la gente salga a la tierra, dos aspectos esenciales tambi\u00e9n para el trabajo que hacemos aqu\u00ed. La junta est\u00e1 ansiosa por presentar a Dave a la comunidad\u00bb.   <\/p>\n\n\n\n<p>Koehler, de 59 a\u00f1os, desarroll\u00f3 su pasi\u00f3n por la conservaci\u00f3n cuando era ni\u00f1o y crec\u00eda en Fresno pescando en el r\u00edo San Joaqu\u00edn siempre que pod\u00eda. De adulto, dej\u00f3 una carrera de 10 a\u00f1os en la banca cuando surgi\u00f3 la oportunidad de trabajar para salvar su r\u00edo en peligro. Desde entonces, ha sido clave en la protecci\u00f3n colaborativa de m\u00e1s de 4.000 acres a lo largo de una \u00abV\u00eda Fluvial Nacional\u00bb, hecho que fue reconocido por el anterior Secretario de Interior, Ken Salazar, quien entreg\u00f3 a Koehler el prestigioso Premio Socios en la Conservaci\u00f3n en 2011. Ahora, tras 25 a\u00f1os, Koehler est\u00e1 preparado para nuevos retos.     <\/p>\n\n\n\n<p>\u00abEs un privilegio unirme a Sonoma Land Trust y me entusiasma tener esta oportunidad de seguir avanzando sobre la base de los magn\u00edficos logros de la organizaci\u00f3n\u00bb, afirma Koehler. \u00abConservar los recursos naturales vitales y conectar a las personas con la tierra y las v\u00edas fluviales es mi especialidad. Estoy deseando trabajar con todos los habitantes del condado de Sonoma\u00bb.   <\/p>\n\n\n\n<p>En el Parkway and Conservation Trust, Koehler desarroll\u00f3 una s\u00f3lida coalici\u00f3n de organizaciones conservacionistas regionales, estatales y nacionales comprometidas con la restauraci\u00f3n del r\u00edo San Joaqu\u00edn, y consigui\u00f3 el apoyo pol\u00edtico p\u00fablico y la financiaci\u00f3n necesarios para que las iniciativas tuvieran \u00e9xito. Trabajando con su plantilla de 16 personas, tambi\u00e9n puso en marcha programas creativos que han acercado el r\u00edo y la tierra a decenas de miles de personas.   <\/p>\n\n\n\n<p>\u00abEstoy encantado de que nuestra junta directiva haya elegido a Dave Koehler como nuestro pr\u00f3ximo director ejecutivo\u00bb, afirma Benson. \u00abDave ha construido una gran organizaci\u00f3n con una reputaci\u00f3n de s\u00f3lida conservaci\u00f3n e innovaci\u00f3n. Es la persona id\u00f3nea para dirigir Sonoma Land Trust en este momento de nuestra evoluci\u00f3n.\u00bb   <\/p>\n\n\n\n<p>Koehler es licenciado en Biolog\u00eda Medioambiental por la Universidad Estatal de California en Fresno. \u00c9l y su esposa, Sharon, tienen dos hijos adultos que viven en el \u00c1rea de la Bah\u00eda. Koehler se incorporar\u00e1 al Land Trust el 16 de abril; hasta entonces, la directora de conservaci\u00f3n Wendy Eliot act\u00faa como directora ejecutiva interina.  <\/p>\n\n\n\n<h4 class=\"wp-block-heading\">Acerca de Sonoma Land Trust<\/h4>\n\n\n\n<p>Sonoma Land Trust cree que la tierra es la base de nuestra econom\u00eda y de la salud y el bienestar de nuestra comunidad. Desde 1976, Sonoma Land Trust ha protegido m\u00e1s de 50.000 acres de terrenos paisaj\u00edsticos, naturales, agr\u00edcolas y abiertos para las generaciones futuras, y est\u00e1 acreditada por la Comisi\u00f3n de Acreditaci\u00f3n de Land Trust. <\/p>\n<\/div>\n<\/div>\n","protected":false},"excerpt":{"rendered":"<p>Presidente, Landis PRsean@landispr.com SANTA ROSA, CALIFORNIA &#8211; La junta directiva del Sonoma Land Trust ha elegido al galardonado l\u00edder conservacionista Dave Koehler como nuevo director ejecutivo de la organizaci\u00f3n, sucediendo a Ralph Benson, que se jubil\u00f3 a finales de febrero tras 12 a\u00f1os. Koehler ha sido director ejecutivo del Fideicomiso para la Conservaci\u00f3n y la [&hellip;]<\/p>\n","protected":false},"featured_media":0,"template":"","meta":{"_acf_changed":false},"news-type":[86],"class_list":["post-13423","news","type-news","status-publish","hentry","news-type-comunicado-de-prensa"],"acf":[],"yoast_head":"<!-- This site is optimized with the Yoast SEO plugin v27.3 - https:\/\/yoast.com\/product\/yoast-seo-wordpress\/ -->\n<title>Dave Koehler, galardonado l\u00edder conservacionista, elegido director ejecutivo &#8212; Sonoma Land Trust<\/title>\n<meta name=\"robots\" content=\"index, follow, max-snippet:-1, max-image-preview:large, max-video-preview:-1\" \/>\n<link rel=\"canonical\" href=\"https:\/\/sonomalandtrust.org\/es\/news\/dave-koehler-galardonado-lider-conservacionista-elegido-director-ejecutivo\/\" \/>\n<meta property=\"og:locale\" content=\"es_ES\" \/>\n<meta property=\"og:type\" content=\"article\" \/>\n<meta property=\"og:title\" content=\"Dave Koehler, galardonado l\u00edder conservacionista, elegido director ejecutivo &#8212; Sonoma Land Trust\" \/>\n<meta property=\"og:description\" content=\"Presidente, Landis PRsean@landispr.com SANTA ROSA, CALIFORNIA &#8211; La junta directiva del Sonoma Land Trust ha elegido al galardonado l\u00edder conservacionista Dave Koehler como nuevo director ejecutivo de la organizaci\u00f3n, sucediendo a Ralph Benson, que se jubil\u00f3 a finales de febrero tras 12 a\u00f1os. Koehler ha sido director ejecutivo del Fideicomiso para la Conservaci\u00f3n y la [&hellip;]\" \/>\n<meta property=\"og:url\" content=\"https:\/\/sonomalandtrust.org\/es\/news\/dave-koehler-galardonado-lider-conservacionista-elegido-director-ejecutivo\/\" \/>\n<meta property=\"og:site_name\" content=\"Sonoma Land Trust\" \/>\n<meta property=\"article:publisher\" content=\"http:\/\/www.facebook.com\/Sonoma-Land-Trust\/\" \/>\n<meta property=\"article:modified_time\" content=\"2026-03-09T18:37:03+00:00\" \/>\n<meta name=\"twitter:card\" content=\"summary_large_image\" \/>\n<meta name=\"twitter:label1\" content=\"Est. reading time\" \/>\n\t<meta name=\"twitter:data1\" content=\"3 minuto\" \/>\n<script type=\"application\/ld+json\" class=\"yoast-schema-graph\">{\"@context\":\"https:\\\/\\\/schema.org\",\"@graph\":[{\"@type\":\"WebPage\",\"@id\":\"https:\\\/\\\/sonomalandtrust.org\\\/es\\\/news\\\/dave-koehler-galardonado-lider-conservacionista-elegido-director-ejecutivo\\\/\",\"url\":\"https:\\\/\\\/sonomalandtrust.org\\\/es\\\/news\\\/dave-koehler-galardonado-lider-conservacionista-elegido-director-ejecutivo\\\/\",\"name\":\"Dave Koehler, galardonado l\u00edder conservacionista, elegido director ejecutivo &#8212; Sonoma Land Trust\",\"isPartOf\":{\"@id\":\"https:\\\/\\\/slt-2026.eclipse-dev.com\\\/#website\"},\"primaryImageOfPage\":{\"@id\":\"https:\\\/\\\/sonomalandtrust.org\\\/es\\\/news\\\/dave-koehler-galardonado-lider-conservacionista-elegido-director-ejecutivo\\\/#primaryimage\"},\"image\":{\"@id\":\"https:\\\/\\\/sonomalandtrust.org\\\/es\\\/news\\\/dave-koehler-galardonado-lider-conservacionista-elegido-director-ejecutivo\\\/#primaryimage\"},\"thumbnailUrl\":\"https:\\\/\\\/sonomalandtrust.org\\\/wp-content\\\/uploads\\\/2018\\\/10\\\/Staff_DaveKoehler.jpg\",\"datePublished\":\"2015-03-03T20:00:23+00:00\",\"dateModified\":\"2026-03-09T18:37:03+00:00\",\"breadcrumb\":{\"@id\":\"https:\\\/\\\/sonomalandtrust.org\\\/es\\\/news\\\/dave-koehler-galardonado-lider-conservacionista-elegido-director-ejecutivo\\\/#breadcrumb\"},\"inLanguage\":\"es\",\"potentialAction\":[{\"@type\":\"ReadAction\",\"target\":[\"https:\\\/\\\/sonomalandtrust.org\\\/es\\\/news\\\/dave-koehler-galardonado-lider-conservacionista-elegido-director-ejecutivo\\\/\"]}]},{\"@type\":\"ImageObject\",\"inLanguage\":\"es\",\"@id\":\"https:\\\/\\\/sonomalandtrust.org\\\/es\\\/news\\\/dave-koehler-galardonado-lider-conservacionista-elegido-director-ejecutivo\\\/#primaryimage\",\"url\":\"https:\\\/\\\/sonomalandtrust.org\\\/wp-content\\\/uploads\\\/2018\\\/10\\\/Staff_DaveKoehler.jpg\",\"contentUrl\":\"https:\\\/\\\/sonomalandtrust.org\\\/wp-content\\\/uploads\\\/2018\\\/10\\\/Staff_DaveKoehler.jpg\"},{\"@type\":\"BreadcrumbList\",\"@id\":\"https:\\\/\\\/sonomalandtrust.org\\\/es\\\/news\\\/dave-koehler-galardonado-lider-conservacionista-elegido-director-ejecutivo\\\/#breadcrumb\",\"itemListElement\":[{\"@type\":\"ListItem\",\"position\":1,\"name\":\"Home\",\"item\":\"https:\\\/\\\/sonomalandtrust.org\\\/es\\\/inicio\\\/\"},{\"@type\":\"ListItem\",\"position\":2,\"name\":\"Dave Koehler, galardonado l\u00edder conservacionista, elegido director ejecutivo\"}]},{\"@type\":\"WebSite\",\"@id\":\"https:\\\/\\\/slt-2026.eclipse-dev.com\\\/#website\",\"url\":\"https:\\\/\\\/slt-2026.eclipse-dev.com\\\/\",\"name\":\"Sonoma Land Trust\",\"description\":\"\",\"publisher\":{\"@id\":\"https:\\\/\\\/slt-2026.eclipse-dev.com\\\/#organization\"},\"potentialAction\":[{\"@type\":\"SearchAction\",\"target\":{\"@type\":\"EntryPoint\",\"urlTemplate\":\"https:\\\/\\\/slt-2026.eclipse-dev.com\\\/?s={search_term_string}\"},\"query-input\":{\"@type\":\"PropertyValueSpecification\",\"valueRequired\":true,\"valueName\":\"search_term_string\"}}],\"inLanguage\":\"es\"},{\"@type\":\"Organization\",\"@id\":\"https:\\\/\\\/slt-2026.eclipse-dev.com\\\/#organization\",\"name\":\"Fondo de Tierras de Sonoma\",\"url\":\"https:\\\/\\\/slt-2026.eclipse-dev.com\\\/\",\"logo\":{\"@type\":\"ImageObject\",\"inLanguage\":\"es\",\"@id\":\"https:\\\/\\\/slt-2026.eclipse-dev.com\\\/#\\\/schema\\\/logo\\\/image\\\/\",\"url\":\"https:\\\/\\\/sonomalandtrust.org\\\/wp-content\\\/uploads\\\/2025\\\/10\\\/slt-logo.png\",\"contentUrl\":\"https:\\\/\\\/sonomalandtrust.org\\\/wp-content\\\/uploads\\\/2025\\\/10\\\/slt-logo.png\",\"width\":549,\"height\":333,\"caption\":\"Fondo de Tierras de Sonoma\"},\"image\":{\"@id\":\"https:\\\/\\\/slt-2026.eclipse-dev.com\\\/#\\\/schema\\\/logo\\\/image\\\/\"},\"sameAs\":[\"http:\\\/\\\/www.facebook.com\\\/Sonoma-Land-Trust\\\/\",\"https:\\\/\\\/www.instagram.com\\\/sonomalandtrust\\\/\",\"https:\\\/\\\/bsky.app\\\/profile\\\/sonomalandtrust.bsky.social\",\"https:\\\/\\\/www.youtube.com\\\/user\\\/SonomaLandTrust\\\/\",\"http:\\\/\\\/www.linkedin.com\\\/company\\\/1090048?trk=tyah\"]}]}<\/script>\n<!-- \/ Yoast SEO plugin. -->","yoast_head_json":{"title":"Dave Koehler, galardonado l\u00edder conservacionista, elegido director ejecutivo &#8212; Sonoma Land Trust","robots":{"index":"index","follow":"follow","max-snippet":"max-snippet:-1","max-image-preview":"max-image-preview:large","max-video-preview":"max-video-preview:-1"},"canonical":"https:\/\/sonomalandtrust.org\/es\/news\/dave-koehler-galardonado-lider-conservacionista-elegido-director-ejecutivo\/","og_locale":"es_ES","og_type":"article","og_title":"Dave Koehler, galardonado l\u00edder conservacionista, elegido director ejecutivo &#8212; Sonoma Land Trust","og_description":"Presidente, Landis PRsean@landispr.com SANTA ROSA, CALIFORNIA &#8211; La junta directiva del Sonoma Land Trust ha elegido al galardonado l\u00edder conservacionista Dave Koehler como nuevo director ejecutivo de la organizaci\u00f3n, sucediendo a Ralph Benson, que se jubil\u00f3 a finales de febrero tras 12 a\u00f1os. Koehler ha sido director ejecutivo del Fideicomiso para la Conservaci\u00f3n y la [&hellip;]","og_url":"https:\/\/sonomalandtrust.org\/es\/news\/dave-koehler-galardonado-lider-conservacionista-elegido-director-ejecutivo\/","og_site_name":"Sonoma Land Trust","article_publisher":"http:\/\/www.facebook.com\/Sonoma-Land-Trust\/","article_modified_time":"2026-03-09T18:37:03+00:00","twitter_card":"summary_large_image","twitter_misc":{"Est. reading time":"3 minuto"},"schema":{"@context":"https:\/\/schema.org","@graph":[{"@type":"WebPage","@id":"https:\/\/sonomalandtrust.org\/es\/news\/dave-koehler-galardonado-lider-conservacionista-elegido-director-ejecutivo\/","url":"https:\/\/sonomalandtrust.org\/es\/news\/dave-koehler-galardonado-lider-conservacionista-elegido-director-ejecutivo\/","name":"Dave Koehler, galardonado l\u00edder conservacionista, elegido director ejecutivo &#8212; Sonoma Land Trust","isPartOf":{"@id":"https:\/\/slt-2026.eclipse-dev.com\/#website"},"primaryImageOfPage":{"@id":"https:\/\/sonomalandtrust.org\/es\/news\/dave-koehler-galardonado-lider-conservacionista-elegido-director-ejecutivo\/#primaryimage"},"image":{"@id":"https:\/\/sonomalandtrust.org\/es\/news\/dave-koehler-galardonado-lider-conservacionista-elegido-director-ejecutivo\/#primaryimage"},"thumbnailUrl":"https:\/\/sonomalandtrust.org\/wp-content\/uploads\/2018\/10\/Staff_DaveKoehler.jpg","datePublished":"2015-03-03T20:00:23+00:00","dateModified":"2026-03-09T18:37:03+00:00","breadcrumb":{"@id":"https:\/\/sonomalandtrust.org\/es\/news\/dave-koehler-galardonado-lider-conservacionista-elegido-director-ejecutivo\/#breadcrumb"},"inLanguage":"es","potentialAction":[{"@type":"ReadAction","target":["https:\/\/sonomalandtrust.org\/es\/news\/dave-koehler-galardonado-lider-conservacionista-elegido-director-ejecutivo\/"]}]},{"@type":"ImageObject","inLanguage":"es","@id":"https:\/\/sonomalandtrust.org\/es\/news\/dave-koehler-galardonado-lider-conservacionista-elegido-director-ejecutivo\/#primaryimage","url":"https:\/\/sonomalandtrust.org\/wp-content\/uploads\/2018\/10\/Staff_DaveKoehler.jpg","contentUrl":"https:\/\/sonomalandtrust.org\/wp-content\/uploads\/2018\/10\/Staff_DaveKoehler.jpg"},{"@type":"BreadcrumbList","@id":"https:\/\/sonomalandtrust.org\/es\/news\/dave-koehler-galardonado-lider-conservacionista-elegido-director-ejecutivo\/#breadcrumb","itemListElement":[{"@type":"ListItem","position":1,"name":"Home","item":"https:\/\/sonomalandtrust.org\/es\/inicio\/"},{"@type":"ListItem","position":2,"name":"Dave Koehler, galardonado l\u00edder conservacionista, elegido director ejecutivo"}]},{"@type":"WebSite","@id":"https:\/\/slt-2026.eclipse-dev.com\/#website","url":"https:\/\/slt-2026.eclipse-dev.com\/","name":"Sonoma Land Trust","description":"","publisher":{"@id":"https:\/\/slt-2026.eclipse-dev.com\/#organization"},"potentialAction":[{"@type":"SearchAction","target":{"@type":"EntryPoint","urlTemplate":"https:\/\/slt-2026.eclipse-dev.com\/?s={search_term_string}"},"query-input":{"@type":"PropertyValueSpecification","valueRequired":true,"valueName":"search_term_string"}}],"inLanguage":"es"},{"@type":"Organization","@id":"https:\/\/slt-2026.eclipse-dev.com\/#organization","name":"Fondo de Tierras de Sonoma","url":"https:\/\/slt-2026.eclipse-dev.com\/","logo":{"@type":"ImageObject","inLanguage":"es","@id":"https:\/\/slt-2026.eclipse-dev.com\/#\/schema\/logo\/image\/","url":"https:\/\/sonomalandtrust.org\/wp-content\/uploads\/2025\/10\/slt-logo.png","contentUrl":"https:\/\/sonomalandtrust.org\/wp-content\/uploads\/2025\/10\/slt-logo.png","width":549,"height":333,"caption":"Fondo de Tierras de Sonoma"},"image":{"@id":"https:\/\/slt-2026.eclipse-dev.com\/#\/schema\/logo\/image\/"},"sameAs":["http:\/\/www.facebook.com\/Sonoma-Land-Trust\/","https:\/\/www.instagram.com\/sonomalandtrust\/","https:\/\/bsky.app\/profile\/sonomalandtrust.bsky.social","https:\/\/www.youtube.com\/user\/SonomaLandTrust\/","http:\/\/www.linkedin.com\/company\/1090048?trk=tyah"]}]}},"_links":{"self":[{"href":"https:\/\/sonomalandtrust.org\/es\/wp-json\/wp\/v2\/news\/13423","targetHints":{"allow":["GET"]}}],"collection":[{"href":"https:\/\/sonomalandtrust.org\/es\/wp-json\/wp\/v2\/news"}],"about":[{"href":"https:\/\/sonomalandtrust.org\/es\/wp-json\/wp\/v2\/types\/news"}],"wp:attachment":[{"href":"https:\/\/sonomalandtrust.org\/es\/wp-json\/wp\/v2\/media?parent=13423"}],"wp:term":[{"taxonomy":"news-type","embeddable":true,"href":"https:\/\/sonomalandtrust.org\/es\/wp-json\/wp\/v2\/news-type?post=13423"}],"curies":[{"name":"wp","href":"https:\/\/api.w.org\/{rel}","templated":true}]}}