{"id":13421,"date":"2020-04-27T22:33:50","date_gmt":"2020-04-28T05:33:50","guid":{"rendered":"https:\/\/sonomalandtrust.org\/news\/una-nueva-adquisicion-de-terrenos-anade-superficie-al-parque-regional-de-taylor-mountain\/"},"modified":"2026-03-09T11:37:03","modified_gmt":"2026-03-09T18:37:03","slug":"una-nueva-adquisicion-de-terrenos-anade-superficie-al-parque-regional-de-taylor-mountain","status":"publish","type":"news","link":"https:\/\/sonomalandtrust.org\/es\/news\/una-nueva-adquisicion-de-terrenos-anade-superficie-al-parque-regional-de-taylor-mountain\/","title":{"rendered":"Una nueva adquisici\u00f3n de terrenos a\u00f1ade superficie al Parque Regional de Taylor Mountain"},"content":{"rendered":"\n<div class=\"wp-block-columns is-layout-flex wp-container-core-columns-is-layout-28f84493 wp-block-columns-is-layout-flex\">\n<div class=\"wp-block-column is-layout-flow wp-block-column-is-layout-flow\" style=\"flex-basis:33.33%\">\n<figure class=\"wp-block-image size-large\"><img decoding=\"async\" src=\"https:\/\/sonomalandtrust.org\/wp-content\/uploads\/2020\/04\/CooperCreek_Saturated.jpg\" alt=\"Vista desde la colina que domina Santa Rosa\" class=\"wp-image-34418\"\/><figcaption>Zona de Cooper Creek en Santa Rosa, California.<\/figcaption><\/figure>\n\n\n\n<figure class=\"wp-block-image size-large\"><img decoding=\"async\" src=\"https:\/\/sonomalandtrust.org\/wp-content\/uploads\/2020\/04\/CooperCreekPRmap2020March16-scaled-1-1024x1024.jpg\" alt=\"mapa de Cooper Creek\" class=\"wp-image-34421\"\/><\/figure>\n\n\n\n<hr class=\"wp-block-separator\"\/>\n\n\n\n<h5 class=\"wp-block-heading\"><strong>CONTACTO:<\/strong><\/h5>\n\n\n\n<p><meta http-equiv=\"content-type\" content=\"text\/html; charset=utf-8\"\/><strong>Sean Dowdall<br\/><\/strong>Presidente, Landis PR<br\/><a href=\"mailto:sean@landispr.com\">sean@landispr.com<\/a><\/p>\n\n\n\n<p>Amy Ricard<br\/>Ag + Open Space del Condado de Sonoma<br\/><a href=\"mailto:amy.ricard@sonoma-county.org\">amy.ricard@sonoma-county.org<\/a><\/p>\n\n\n\n<p>Meda Freeman<br\/>Parques Regionales del Condado de Sonoma<br\/><a href=\"mailto:meda.freeman@sonoma-county.org\">meda.freeman@sonoma-county.org<\/a> <\/p>\n<\/div>\n\n\n\n<div class=\"wp-block-column is-layout-flow wp-block-column-is-layout-flow\" style=\"flex-basis:66.66%\">\n<h4 class=\"wp-block-heading\">Tambi\u00e9n crea la posibilidad de un futuro enlace de senderos con la V\u00eda Verde del Sureste de Santa Rosa y el Parque Estatal Trione-Annadel<\/h4>\n\n\n\n<p>SANTA ROSA, CALIFORNIA &#8211; Uno de los parques regionales m\u00e1s populares del condado de Sonoma est\u00e1 a punto de ampliarse. Ma\u00f1ana, Sonoma Land Trust, en colaboraci\u00f3n con Parques Regionales y Ag + Open Space del condado de Sonoma, completar\u00e1 la adquisici\u00f3n de 54 acres no urbanizados inmediatamente adyacentes y al norte del Parque Regional y Reserva de Espacios Abiertos de Taylor Mountain, en el sureste de Santa Rosa. Denominada Cooper Creek, el Land Trust transferir\u00e1 inmediatamente la propiedad tras el cierre a Parques Regionales del Condado de Sonoma, mientras que Ag + Open Space la proteger\u00e1 simult\u00e1neamente con una servidumbre de conservaci\u00f3n.  <\/p>\n\n\n\n<figure class=\"wp-block-embed is-type-video is-provider-youtube wp-block-embed-youtube wp-embed-aspect-16-9 wp-has-aspect-ratio\"><div class=\"wp-block-embed__wrapper\">\n<iframe title=\"New land acquisition adds acreage to Taylor Mountain Regional Park\" width=\"500\" height=\"281\" src=\"https:\/\/www.youtube.com\/embed\/EEYEE-f_-iE?feature=oembed\" frameborder=\"0\" allow=\"accelerometer; autoplay; clipboard-write; encrypted-media; gyroscope; picture-in-picture; web-share\" referrerpolicy=\"strict-origin-when-cross-origin\" allowfullscreen><\/iframe>\n<\/div><\/figure>\n\n\n\n<p><strong>Llevar a m\u00e1s gente a la naturaleza<\/strong><br\/>\u00abEste terreno ofrecer\u00e1 a m\u00e1s gente un acceso f\u00e1cil y transitable al Parque Regional de Taylor Mountain y a los muchos beneficios para la salud y la comunidad que proporcionan los parques\u00bb, dice Eamon O&#8217;Byrne, director ejecutivo de Sonoma Land Trust. \u00abProteger Cooper Creek forma parte de una visi\u00f3n m\u00e1s amplia nuestra: crear una red de parques por el coraz\u00f3n de Santa Rosa y devolver la naturaleza a la ciudad restaurando arroyos y h\u00e1bitats naturales\u00bb. <\/p>\n\n\n\n<p>\u00abEstamos muy agradecidos por nuestra asociaci\u00f3n con Sonoma Land Trust, Ag + Open Space y los votantes del condado de Sonoma por hacer posible ampliaciones de parques como \u00e9sta. Esta importante parcela de terreno permitir\u00e1 m\u00e1s acceso a senderos para los barrios y las comunidades desfavorecidas cercanas\u00bb, dice Bert Whitaker, director de Parques Regionales del Condado de Sonoma.<\/p>\n\n\n\n<p>La Adici\u00f3n Cooper Creek tambi\u00e9n linda con una subdivisi\u00f3n y corr\u00eda un alto riesgo de ser urbanizada. Al permanecer en su estado natural, ofrece numerosas vistas del sur de Santa Rosa, as\u00ed como un pintoresco tel\u00f3n de fondo para los barrios cercanos. Con el tiempo, se prev\u00e9 que la propiedad, a trav\u00e9s de una futura ampliaci\u00f3n de Farmers Lane y el carril bici asociado, facilitar\u00e1 la conectividad de senderos con la tan esperada V\u00eda Verde del Sureste de Santa Rosa, que enlazar\u00e1 con el Parque Regional de Spring Lake y el Parque Estatal Trione-Annadel.  <\/p>\n\n\n\n<p>\u00abEste proyecto ofrece una oportunidad \u00fanica de ampliar el acceso del vecindario al Parque Regional y Reserva de Espacios Abiertos de Taylor Mountain, permitir futuras conexiones entre el parque y los senderos urbanos previstos, y proteger el h\u00e1bitat ribere\u00f1o en una pintoresca propiedad de ladera\u00bb, dice Bill Keene, director general de Ag + Open Space. \u00abNos complace haber desempe\u00f1ado un papel importante en su protecci\u00f3n\u00bb. <\/p>\n\n\n\n<p><strong>El propio arroyo<\/strong><br\/>La cabecera del arroyo Cooper nace en la ladera norte de la monta\u00f1a Taylor. El arroyo fluye hacia el norte hasta la propiedad de Cooper Creek, donde discurre durante 800 metros por un ca\u00f1\u00f3n escarpado y frondoso formado por la falla de Rodgers Creek. El arroyo est\u00e1 a la sombra de un bosque de robles de la costa, laurel de California y buckeye de California. La conservaci\u00f3n de este tramo del arroyo se recomienda en el Plan Maestro del Arroyo de la Ciudad de Santa Rosa de 2014 por su valor para la fauna. La zona ribere\u00f1a (junto al arroyo) proporciona cobertura, forraje y agua a numerosas especies y es un conocido corredor de migraci\u00f3n de la fauna.    <\/p>\n\n\n\n<p><strong>Financiaci\u00f3n de la adquisici\u00f3n<\/strong><br\/>La financiaci\u00f3n del precio de compra, de 1.350.000 d\u00f3lares, corri\u00f3 a cargo de Ag + Open Space del condado de Sonoma, el impuesto sobre las ventas de Parques Medida M aprobado por los votantes en 2018, Parques Estatales de California (Fondo para la Conservaci\u00f3n de los H\u00e1bitats) y California Coastal Conservancy.<\/p>\n\n\n\n<p>\u00abEste proyecto ejemplifica c\u00f3mo los organismos del Condado y la fundaci\u00f3n sin \u00e1nimo de lucro Land Trust colaboran para beneficiar a nuestras comunidades y al mundo natural del que dependemos\u00bb, dice O&#8217;Byrne. \u00abTodos estamos muy satisfechos de esta adquisici\u00f3n y de c\u00f3mo mejorar\u00e1 la capacidad de m\u00e1s habitantes de la zona urbana de Santa Rosa para acceder a los incre\u00edbles parques y espacios abiertos que rodean la ciudad.\u00bb <\/p>\n\n\n\n<h5 class=\"wp-block-heading\">Acerca de Sonoma Land Trust<\/h5>\n\n\n\n<p>Sonoma Land Trust cree que la tierra es la base de nuestra econom\u00eda y de la salud y el bienestar de nuestra comunidad. Desde 1976, Sonoma Land Trust ha protegido m\u00e1s de 50.000 acres de terrenos esc\u00e9nicos, naturales, agr\u00edcolas y abiertos para las generaciones futuras. Sonoma Land Trust ha recibido el Premio a la Excelencia 2019 de la Land Trust Alliance y est\u00e1 acreditada por la Comisi\u00f3n de Acreditaci\u00f3n de Land Trust. Para m\u00e1s informaci\u00f3n, visita www.sonomalandtrust.org.   <\/p>\n\n\n\n<h5 class=\"wp-block-heading\">Acerca de Ag + Open Space del Condado de Sonoma<\/h5>\n\n\n\n<p>Sonoma County Ag + Open Space protege de forma permanente las diversas tierras agr\u00edcolas, de recursos naturales y espacios abiertos esc\u00e9nicos del condado de Sonoma para las generaciones futuras. El distrito es responsable de la protecci\u00f3n perpetua de m\u00e1s de 118.000 acres de tierra en toda nuestra regi\u00f3n. Estos terrenos agr\u00edcolas y de espacios abiertos se protegen mediante un impuesto sobre las ventas de un cuarto de c\u00e9ntimo aprobado por los votantes en 1990 y reautorizado en 2006. Para m\u00e1s informaci\u00f3n, visita www.sonomaopenspace.org.   <\/p>\n\n\n\n<h5 class=\"wp-block-heading\">Acerca de los Parques Regionales del Condado de Sonoma<\/h5>\n\n\n\n<p>Los Parques Regionales del Condado de Sonoma incluyen m\u00e1s de 50 parques y playas desde Petaluma a Gualala y desde Sonoma a Bodega Bay. Muchos ofrecen paisajes salvajes y kil\u00f3metros de senderos. Otros cuentan con campos deportivos, parques infantiles y zonas de acampada. Parques Regionales tambi\u00e9n gestiona el mayor puerto deportivo oce\u00e1nico del condado y el mayor centro de educaci\u00f3n medioambiental extraescolar. Visita www.sonomacountyparks.org    <\/p>\n<\/div>\n<\/div>\n","protected":false},"excerpt":{"rendered":"<p>Presidente, Landis PRsean@landispr.com Amy RicardAg + Open Space del Condado de Sonomaamy.ricard@sonoma-county.org Meda FreemanParques Regionales del Condado de Sonomameda.freeman@sonoma-county.org SANTA ROSA, CALIFORNIA &#8211; Uno de los parques regionales m\u00e1s populares del condado de Sonoma est\u00e1 a punto de ampliarse. Ma\u00f1ana, Sonoma Land Trust, en colaboraci\u00f3n con Parques Regionales y Ag + Open Space del condado [&hellip;]<\/p>\n","protected":false},"featured_media":0,"template":"","meta":{"_acf_changed":false},"news-type":[86],"class_list":["post-13421","news","type-news","status-publish","hentry","news-type-comunicado-de-prensa"],"acf":[],"yoast_head":"<!-- This site is optimized with the Yoast SEO plugin v27.3 - https:\/\/yoast.com\/product\/yoast-seo-wordpress\/ -->\n<title>Una nueva adquisici\u00f3n de terrenos a\u00f1ade superficie al Parque Regional de Taylor Mountain &#8212; Sonoma Land Trust<\/title>\n<meta name=\"robots\" content=\"index, follow, max-snippet:-1, max-image-preview:large, max-video-preview:-1\" \/>\n<link rel=\"canonical\" href=\"https:\/\/sonomalandtrust.org\/es\/news\/una-nueva-adquisicion-de-terrenos-anade-superficie-al-parque-regional-de-taylor-mountain\/\" \/>\n<meta property=\"og:locale\" content=\"es_ES\" \/>\n<meta property=\"og:type\" content=\"article\" \/>\n<meta property=\"og:title\" content=\"Una nueva adquisici\u00f3n de terrenos a\u00f1ade superficie al Parque Regional de Taylor Mountain &#8212; Sonoma Land Trust\" \/>\n<meta property=\"og:description\" content=\"Presidente, Landis PRsean@landispr.com Amy RicardAg + Open Space del Condado de Sonomaamy.ricard@sonoma-county.org Meda FreemanParques Regionales del Condado de Sonomameda.freeman@sonoma-county.org SANTA ROSA, CALIFORNIA &#8211; Uno de los parques regionales m\u00e1s populares del condado de Sonoma est\u00e1 a punto de ampliarse. Ma\u00f1ana, Sonoma Land Trust, en colaboraci\u00f3n con Parques Regionales y Ag + Open Space del condado [&hellip;]\" \/>\n<meta property=\"og:url\" content=\"https:\/\/sonomalandtrust.org\/es\/news\/una-nueva-adquisicion-de-terrenos-anade-superficie-al-parque-regional-de-taylor-mountain\/\" \/>\n<meta property=\"og:site_name\" content=\"Sonoma Land Trust\" \/>\n<meta property=\"article:publisher\" content=\"http:\/\/www.facebook.com\/Sonoma-Land-Trust\/\" \/>\n<meta property=\"article:modified_time\" content=\"2026-03-09T18:37:03+00:00\" \/>\n<meta name=\"twitter:card\" content=\"summary_large_image\" \/>\n<meta name=\"twitter:label1\" content=\"Est. reading time\" \/>\n\t<meta name=\"twitter:data1\" content=\"5 minuto\" \/>\n<script type=\"application\/ld+json\" class=\"yoast-schema-graph\">{\"@context\":\"https:\\\/\\\/schema.org\",\"@graph\":[{\"@type\":\"WebPage\",\"@id\":\"https:\\\/\\\/sonomalandtrust.org\\\/es\\\/news\\\/una-nueva-adquisicion-de-terrenos-anade-superficie-al-parque-regional-de-taylor-mountain\\\/\",\"url\":\"https:\\\/\\\/sonomalandtrust.org\\\/es\\\/news\\\/una-nueva-adquisicion-de-terrenos-anade-superficie-al-parque-regional-de-taylor-mountain\\\/\",\"name\":\"Una nueva adquisici\u00f3n de terrenos a\u00f1ade superficie al Parque Regional de Taylor Mountain &#8212; Sonoma Land Trust\",\"isPartOf\":{\"@id\":\"https:\\\/\\\/slt-2026.eclipse-dev.com\\\/#website\"},\"primaryImageOfPage\":{\"@id\":\"https:\\\/\\\/sonomalandtrust.org\\\/es\\\/news\\\/una-nueva-adquisicion-de-terrenos-anade-superficie-al-parque-regional-de-taylor-mountain\\\/#primaryimage\"},\"image\":{\"@id\":\"https:\\\/\\\/sonomalandtrust.org\\\/es\\\/news\\\/una-nueva-adquisicion-de-terrenos-anade-superficie-al-parque-regional-de-taylor-mountain\\\/#primaryimage\"},\"thumbnailUrl\":\"https:\\\/\\\/sonomalandtrust.org\\\/wp-content\\\/uploads\\\/2020\\\/04\\\/CooperCreek_Saturated.jpg\",\"datePublished\":\"2020-04-28T05:33:50+00:00\",\"dateModified\":\"2026-03-09T18:37:03+00:00\",\"breadcrumb\":{\"@id\":\"https:\\\/\\\/sonomalandtrust.org\\\/es\\\/news\\\/una-nueva-adquisicion-de-terrenos-anade-superficie-al-parque-regional-de-taylor-mountain\\\/#breadcrumb\"},\"inLanguage\":\"es\",\"potentialAction\":[{\"@type\":\"ReadAction\",\"target\":[\"https:\\\/\\\/sonomalandtrust.org\\\/es\\\/news\\\/una-nueva-adquisicion-de-terrenos-anade-superficie-al-parque-regional-de-taylor-mountain\\\/\"]}]},{\"@type\":\"ImageObject\",\"inLanguage\":\"es\",\"@id\":\"https:\\\/\\\/sonomalandtrust.org\\\/es\\\/news\\\/una-nueva-adquisicion-de-terrenos-anade-superficie-al-parque-regional-de-taylor-mountain\\\/#primaryimage\",\"url\":\"https:\\\/\\\/sonomalandtrust.org\\\/wp-content\\\/uploads\\\/2020\\\/04\\\/CooperCreek_Saturated.jpg\",\"contentUrl\":\"https:\\\/\\\/sonomalandtrust.org\\\/wp-content\\\/uploads\\\/2020\\\/04\\\/CooperCreek_Saturated.jpg\"},{\"@type\":\"BreadcrumbList\",\"@id\":\"https:\\\/\\\/sonomalandtrust.org\\\/es\\\/news\\\/una-nueva-adquisicion-de-terrenos-anade-superficie-al-parque-regional-de-taylor-mountain\\\/#breadcrumb\",\"itemListElement\":[{\"@type\":\"ListItem\",\"position\":1,\"name\":\"Home\",\"item\":\"https:\\\/\\\/sonomalandtrust.org\\\/es\\\/inicio\\\/\"},{\"@type\":\"ListItem\",\"position\":2,\"name\":\"Una nueva adquisici\u00f3n de terrenos a\u00f1ade superficie al Parque Regional de Taylor Mountain\"}]},{\"@type\":\"WebSite\",\"@id\":\"https:\\\/\\\/slt-2026.eclipse-dev.com\\\/#website\",\"url\":\"https:\\\/\\\/slt-2026.eclipse-dev.com\\\/\",\"name\":\"Sonoma Land Trust\",\"description\":\"\",\"publisher\":{\"@id\":\"https:\\\/\\\/slt-2026.eclipse-dev.com\\\/#organization\"},\"potentialAction\":[{\"@type\":\"SearchAction\",\"target\":{\"@type\":\"EntryPoint\",\"urlTemplate\":\"https:\\\/\\\/slt-2026.eclipse-dev.com\\\/?s={search_term_string}\"},\"query-input\":{\"@type\":\"PropertyValueSpecification\",\"valueRequired\":true,\"valueName\":\"search_term_string\"}}],\"inLanguage\":\"es\"},{\"@type\":\"Organization\",\"@id\":\"https:\\\/\\\/slt-2026.eclipse-dev.com\\\/#organization\",\"name\":\"Fondo de Tierras de Sonoma\",\"url\":\"https:\\\/\\\/slt-2026.eclipse-dev.com\\\/\",\"logo\":{\"@type\":\"ImageObject\",\"inLanguage\":\"es\",\"@id\":\"https:\\\/\\\/slt-2026.eclipse-dev.com\\\/#\\\/schema\\\/logo\\\/image\\\/\",\"url\":\"https:\\\/\\\/sonomalandtrust.org\\\/wp-content\\\/uploads\\\/2025\\\/10\\\/slt-logo.png\",\"contentUrl\":\"https:\\\/\\\/sonomalandtrust.org\\\/wp-content\\\/uploads\\\/2025\\\/10\\\/slt-logo.png\",\"width\":549,\"height\":333,\"caption\":\"Fondo de Tierras de Sonoma\"},\"image\":{\"@id\":\"https:\\\/\\\/slt-2026.eclipse-dev.com\\\/#\\\/schema\\\/logo\\\/image\\\/\"},\"sameAs\":[\"http:\\\/\\\/www.facebook.com\\\/Sonoma-Land-Trust\\\/\",\"https:\\\/\\\/www.instagram.com\\\/sonomalandtrust\\\/\",\"https:\\\/\\\/bsky.app\\\/profile\\\/sonomalandtrust.bsky.social\",\"https:\\\/\\\/www.youtube.com\\\/user\\\/SonomaLandTrust\\\/\",\"http:\\\/\\\/www.linkedin.com\\\/company\\\/1090048?trk=tyah\"]}]}<\/script>\n<!-- \/ Yoast SEO plugin. -->","yoast_head_json":{"title":"Una nueva adquisici\u00f3n de terrenos a\u00f1ade superficie al Parque Regional de Taylor Mountain &#8212; Sonoma Land Trust","robots":{"index":"index","follow":"follow","max-snippet":"max-snippet:-1","max-image-preview":"max-image-preview:large","max-video-preview":"max-video-preview:-1"},"canonical":"https:\/\/sonomalandtrust.org\/es\/news\/una-nueva-adquisicion-de-terrenos-anade-superficie-al-parque-regional-de-taylor-mountain\/","og_locale":"es_ES","og_type":"article","og_title":"Una nueva adquisici\u00f3n de terrenos a\u00f1ade superficie al Parque Regional de Taylor Mountain &#8212; Sonoma Land Trust","og_description":"Presidente, Landis PRsean@landispr.com Amy RicardAg + Open Space del Condado de Sonomaamy.ricard@sonoma-county.org Meda FreemanParques Regionales del Condado de Sonomameda.freeman@sonoma-county.org SANTA ROSA, CALIFORNIA &#8211; Uno de los parques regionales m\u00e1s populares del condado de Sonoma est\u00e1 a punto de ampliarse. Ma\u00f1ana, Sonoma Land Trust, en colaboraci\u00f3n con Parques Regionales y Ag + Open Space del condado [&hellip;]","og_url":"https:\/\/sonomalandtrust.org\/es\/news\/una-nueva-adquisicion-de-terrenos-anade-superficie-al-parque-regional-de-taylor-mountain\/","og_site_name":"Sonoma Land Trust","article_publisher":"http:\/\/www.facebook.com\/Sonoma-Land-Trust\/","article_modified_time":"2026-03-09T18:37:03+00:00","twitter_card":"summary_large_image","twitter_misc":{"Est. reading time":"5 minuto"},"schema":{"@context":"https:\/\/schema.org","@graph":[{"@type":"WebPage","@id":"https:\/\/sonomalandtrust.org\/es\/news\/una-nueva-adquisicion-de-terrenos-anade-superficie-al-parque-regional-de-taylor-mountain\/","url":"https:\/\/sonomalandtrust.org\/es\/news\/una-nueva-adquisicion-de-terrenos-anade-superficie-al-parque-regional-de-taylor-mountain\/","name":"Una nueva adquisici\u00f3n de terrenos a\u00f1ade superficie al Parque Regional de Taylor Mountain &#8212; Sonoma Land Trust","isPartOf":{"@id":"https:\/\/slt-2026.eclipse-dev.com\/#website"},"primaryImageOfPage":{"@id":"https:\/\/sonomalandtrust.org\/es\/news\/una-nueva-adquisicion-de-terrenos-anade-superficie-al-parque-regional-de-taylor-mountain\/#primaryimage"},"image":{"@id":"https:\/\/sonomalandtrust.org\/es\/news\/una-nueva-adquisicion-de-terrenos-anade-superficie-al-parque-regional-de-taylor-mountain\/#primaryimage"},"thumbnailUrl":"https:\/\/sonomalandtrust.org\/wp-content\/uploads\/2020\/04\/CooperCreek_Saturated.jpg","datePublished":"2020-04-28T05:33:50+00:00","dateModified":"2026-03-09T18:37:03+00:00","breadcrumb":{"@id":"https:\/\/sonomalandtrust.org\/es\/news\/una-nueva-adquisicion-de-terrenos-anade-superficie-al-parque-regional-de-taylor-mountain\/#breadcrumb"},"inLanguage":"es","potentialAction":[{"@type":"ReadAction","target":["https:\/\/sonomalandtrust.org\/es\/news\/una-nueva-adquisicion-de-terrenos-anade-superficie-al-parque-regional-de-taylor-mountain\/"]}]},{"@type":"ImageObject","inLanguage":"es","@id":"https:\/\/sonomalandtrust.org\/es\/news\/una-nueva-adquisicion-de-terrenos-anade-superficie-al-parque-regional-de-taylor-mountain\/#primaryimage","url":"https:\/\/sonomalandtrust.org\/wp-content\/uploads\/2020\/04\/CooperCreek_Saturated.jpg","contentUrl":"https:\/\/sonomalandtrust.org\/wp-content\/uploads\/2020\/04\/CooperCreek_Saturated.jpg"},{"@type":"BreadcrumbList","@id":"https:\/\/sonomalandtrust.org\/es\/news\/una-nueva-adquisicion-de-terrenos-anade-superficie-al-parque-regional-de-taylor-mountain\/#breadcrumb","itemListElement":[{"@type":"ListItem","position":1,"name":"Home","item":"https:\/\/sonomalandtrust.org\/es\/inicio\/"},{"@type":"ListItem","position":2,"name":"Una nueva adquisici\u00f3n de terrenos a\u00f1ade superficie al Parque Regional de Taylor Mountain"}]},{"@type":"WebSite","@id":"https:\/\/slt-2026.eclipse-dev.com\/#website","url":"https:\/\/slt-2026.eclipse-dev.com\/","name":"Sonoma Land Trust","description":"","publisher":{"@id":"https:\/\/slt-2026.eclipse-dev.com\/#organization"},"potentialAction":[{"@type":"SearchAction","target":{"@type":"EntryPoint","urlTemplate":"https:\/\/slt-2026.eclipse-dev.com\/?s={search_term_string}"},"query-input":{"@type":"PropertyValueSpecification","valueRequired":true,"valueName":"search_term_string"}}],"inLanguage":"es"},{"@type":"Organization","@id":"https:\/\/slt-2026.eclipse-dev.com\/#organization","name":"Fondo de Tierras de Sonoma","url":"https:\/\/slt-2026.eclipse-dev.com\/","logo":{"@type":"ImageObject","inLanguage":"es","@id":"https:\/\/slt-2026.eclipse-dev.com\/#\/schema\/logo\/image\/","url":"https:\/\/sonomalandtrust.org\/wp-content\/uploads\/2025\/10\/slt-logo.png","contentUrl":"https:\/\/sonomalandtrust.org\/wp-content\/uploads\/2025\/10\/slt-logo.png","width":549,"height":333,"caption":"Fondo de Tierras de Sonoma"},"image":{"@id":"https:\/\/slt-2026.eclipse-dev.com\/#\/schema\/logo\/image\/"},"sameAs":["http:\/\/www.facebook.com\/Sonoma-Land-Trust\/","https:\/\/www.instagram.com\/sonomalandtrust\/","https:\/\/bsky.app\/profile\/sonomalandtrust.bsky.social","https:\/\/www.youtube.com\/user\/SonomaLandTrust\/","http:\/\/www.linkedin.com\/company\/1090048?trk=tyah"]}]}},"_links":{"self":[{"href":"https:\/\/sonomalandtrust.org\/es\/wp-json\/wp\/v2\/news\/13421","targetHints":{"allow":["GET"]}}],"collection":[{"href":"https:\/\/sonomalandtrust.org\/es\/wp-json\/wp\/v2\/news"}],"about":[{"href":"https:\/\/sonomalandtrust.org\/es\/wp-json\/wp\/v2\/types\/news"}],"wp:attachment":[{"href":"https:\/\/sonomalandtrust.org\/es\/wp-json\/wp\/v2\/media?parent=13421"}],"wp:term":[{"taxonomy":"news-type","embeddable":true,"href":"https:\/\/sonomalandtrust.org\/es\/wp-json\/wp\/v2\/news-type?post=13421"}],"curies":[{"name":"wp","href":"https:\/\/api.w.org\/{rel}","templated":true}]}}