{"id":11457,"date":"2025-11-10T09:44:52","date_gmt":"2025-11-10T17:44:52","guid":{"rendered":"https:\/\/sonomalandtrust.org\/news\/grandes-noticias-en-graton\/"},"modified":"2026-04-17T10:42:48","modified_gmt":"2026-04-17T17:42:48","slug":"grandes-noticias-en-graton","status":"publish","type":"news","link":"https:\/\/sonomalandtrust.org\/es\/news\/grandes-noticias-en-graton\/","title":{"rendered":"Grandes noticias en Graton-Un plan para un nuevo parque"},"content":{"rendered":"\n<p><strong>PARA PUBLICACI\u00d3N INMEDIATA Semana del 3 de noviembre de 2025  <\/strong><\/p>\n\n<p><strong>El Distrito de Servicios Comunitarios de Graton completa la adquisici\u00f3n de la propiedad Downtown Graton Town Square  <\/strong><\/p>\n\n<p><strong>La subvenci\u00f3n de 750.000 $ para espacios comunitarios de Ag + Open Space del Condado de Sonoma, las donaciones de la comunidad y el apoyo local garantizan un centro comunitario largamente buscado  <\/strong><\/p>\n\n<p>Graton, CA &#8211; El Distrito de Servicios Comunitarios de Graton (GCSD) se enorgullece de anunciar el <strong>cierre<\/strong> oficial <strong>de la plica de una subvenci\u00f3n de Espacios Comunitarios de Ag &amp; Open Space del Condado de Sonoma para completar la adquisici\u00f3n de la propiedad de Graton Town Square<\/strong>, un terreno de 0,59 acres en el coraz\u00f3n del centro de Graton. Esta adquisici\u00f3n hist\u00f3rica marca la culminaci\u00f3n de un esfuerzo de a\u00f1os, impulsado por la comunidad, para transformar la \u00faltima parcela sin urbanizar de Graton en un espacio p\u00fablico de reuni\u00f3n permanente.   <\/p>\n\n<p>\u00abEsto es enorme para Graton\u00bb, dijo Max Wilmarth, Director de la GCSD. \u00abMi familia lleva cinco generaciones en Graton y nunca hab\u00edamos tenido algo as\u00ed. La Plaza del Pueblo de Graton ser\u00e1 el coraz\u00f3n de la ciudad para las generaciones venideras. Ha sido un gran esfuerzo llegar a este punto y quiero dar las gracias a mis compa\u00f1eros Directores, especialmente a Jennifer Butler, por presentar esta idea a la Junta, y muchas felicitaciones al Director General Chad Davisson y al coordinador Matt Jorgenson de ReVillage por guiarnos a trav\u00e9s del proceso de subvenci\u00f3n. Gracias a la Supervisora Lynda Hopkins, a su personal y al Distrito Ag + Open Space por ver nuestra visi\u00f3n y apoyarnos en cada paso del camino. Graton les estar\u00e1 eternamente agradecido\u00bb.   <\/p>\n\n<p>Gracias a la subvenci\u00f3n de 750.000 $ del Programa de Espacios Comunitarios de Ag + Open Space, la GCSD pudo completar la adquisici\u00f3n junto con las aportaciones de m\u00e1s de 150 donantes individuales, el apoyo de Sonoma Land Trust, Tourism Impact Fund y una subvenci\u00f3n para infraestructuras comunitarias de la oficina del Distrito 5 de la Supervisora Lynda Hopkins.  <\/p>\n\n<p>John McCaull, Director de Adquisici\u00f3n de Terrenos, declar\u00f3: \u00abEn Sonoma Land Trust, creemos que todo el mundo merece tener acceso a la naturaleza cerca de casa. Proporcionar apoyo financiero para este nuevo espacio de reuni\u00f3n urbana en Graton da vida a nuestra visi\u00f3n de <em>la Naturaleza Cercana<\/em>, que conecta a las personas con el aire libre, restaura los espacios verdes y refuerza el v\u00ednculo entre las comunidades sanas y los paisajes sanos.\u00bb <\/p>\n\n<p>\u00abEste proyecto \u00fanico est\u00e1 tomando un terreno que ha visto muchos usos diferentes a lo largo de los a\u00f1os y transform\u00e1ndolo en algo verdaderamente \u00fatil y alegre tanto para los residentes como para los visitantes de Graton\u00bb, dijo Misti Arias, Directora General de Ag + Open Space. \u00abNuestro Programa de Espacios Comunitarios est\u00e1 destinado a crear y mejorar espacios abiertos vibrantes en nuestras ciudades y comunidades, y el proyecto Graton Town Square est\u00e1 haciendo precisamente eso\u00bb.   <\/p>\n\n<p>El terreno, antes sede de Baker&#8217;s Lunch &amp; Gas, ya ha comenzado su transformaci\u00f3n. En el \u00faltimo a\u00f1o, m\u00e1s de 150 voluntarios y m\u00e1s de 50 artistas, m\u00fasicos e int\u00e9rpretes locales han activado el espacio con m\u00e1s de 20 actos p\u00fablicos, incluidos los festivales inaugurales como el Desfile de Luces y Tractores Navide\u00f1os, el D\u00eda de Graton, el Festival de Comida y Vino, as\u00ed como pel\u00edculas al aire libre, conciertos de verano y jornadas de trabajo y comidas comunitarias peri\u00f3dicas.   <\/p>\n\n<p>La GCSD expresa su profundo agradecimiento a nuestros socios de Ag + Open Space, especialmente a Misti Arias, Pamela Swan y Olivia Fiori, por su excepcional orientaci\u00f3n y colaboraci\u00f3n a lo largo de todo el proyecto.  <\/p>\n\n<p>proceso de concesi\u00f3n de subvenciones. Tambi\u00e9n estamos profundamente agradecidos por el apoyo inquebrantable de la Supervisora Lynda Hopkins desde el inicio de este proyecto, y por el compromiso de su oficina con la divulgaci\u00f3n comunitaria inclusiva y la inversi\u00f3n en infraestructuras en el oeste del condado.   <\/p>\n\n<p>Un agradecimiento especial a Jennifer Butler, Chad Davisson y Max Wilmarth, que dirigieron este esfuerzo desde dentro de la GCSD, y a Matt Jorgensen, Coordinador de Town Square y codirector de este proyecto como contratista de la GCSD y en colaboraci\u00f3n con su organizaci\u00f3n local sin \u00e1nimo de lucro ReVillage, que ha sido fundamental para dar vida a esta visi\u00f3n compartida.  <\/p>\n\n<p>\u00abNo se trata s\u00f3lo de terrenos\u00bb, dijo Jennifer Butler, miembro del Consejo de la GCSD. \u00abSe trata de recuperar un espacio para que los vecinos se re\u00fanan, los ni\u00f1os jueguen, los artistas act\u00faen y todos recordemos lo que significa pertenecer a una comunidad\u00bb.   <\/p>\n\n<p>Ahora bajo protecci\u00f3n permanente mediante una servidumbre de conservaci\u00f3n de Ag + Open Space y un convenio recreativo, la Plaza del Pueblo de Graton se convertir\u00e1 en un centro a largo plazo para la vida p\u00fablica, la educaci\u00f3n, la cultura y la econom\u00eda local. Se espera que la construcci\u00f3n de las instalaciones permanentes comience a mediados o finales de 2026, cuando se derriben las vallas y la plaza se abra totalmente al p\u00fablico.   <\/p>\n\n<p>Mientras tanto, la comunidad est\u00e1 invitada a unirse a nosotros en nuestro pr\u00f3ximo acto p\u00fablico, el Desfile de Luces Festivas y Tractores de Graton, que tendr\u00e1 lugar el viernes 6 de diciembre de 2025 de 4 a 7 de la tarde en el centro de Graton. Iluminaremos la noche para celebrar nuestra comunidad y todas las posibilidades que tenemos por delante.   <\/p>\n\n<p><strong>Para consultas de prensa o para participar, ponte en contacto con <\/strong>Matt Jorgensen, Coordinador de Graton Town Square Correo electr\u00f3nico: matt@revillage.earth<\/p>\n\n<div class=\"wp-block-group blog-single-blocks is-layout-grid wp-container-core-group-is-layout-988b637e wp-block-group-is-layout-grid\">  <div class=\"multicolor-card-with-link multicolor-card  has-teal-background-color\" id=\"a_3026965\">\n          <a href=\"\/blog#all-stories\" target=\"_self\" class=\"card-link-overlay\">\n        <img decoding=\"async\" width=\"768\" height=\"224\" src=\"https:\/\/sonomalandtrust.org\/wp-content\/uploads\/2026\/01\/meadowfoam-wildflower.jpg\" class=\"attachment-large size-large\" alt=\"\" srcset=\"https:\/\/sonomalandtrust.org\/wp-content\/uploads\/2026\/01\/meadowfoam-wildflower.jpg 768w, https:\/\/sonomalandtrust.org\/wp-content\/uploads\/2026\/01\/meadowfoam-wildflower-300x88.jpg 300w\" sizes=\"(max-width: 768px) 100vw, 768px\" \/>    <div class=\"multicolor-card-content wp-block-group has-background\">\n      <h3 class=\"yellow-underline\">Todas las historias<\/h3>\n      <span class=\"green-arrow-no-text\"><\/span>\n    <\/div>\n          <\/a>\n      <\/div>\n\n\n  <div class=\"multicolor-card-with-link multicolor-card  has-green-background-color\" id=\"a_3159725\">\n          <a href=\"\/news-room\/?_news-type=press-release#all-news\" target=\"_self\" class=\"card-link-overlay\">\n        <img decoding=\"async\" width=\"1000\" height=\"667\" src=\"https:\/\/sonomalandtrust.org\/wp-content\/uploads\/2025\/12\/levee.jpg\" class=\"attachment-large size-large\" alt=\"excavator and levee\" srcset=\"https:\/\/sonomalandtrust.org\/wp-content\/uploads\/2025\/12\/levee.jpg 1000w, https:\/\/sonomalandtrust.org\/wp-content\/uploads\/2025\/12\/levee-300x200.jpg 300w, https:\/\/sonomalandtrust.org\/wp-content\/uploads\/2025\/12\/levee-768x512.jpg 768w\" sizes=\"(max-width: 1000px) 100vw, 1000px\" \/>    <div class=\"multicolor-card-content wp-block-group has-background\">\n      <h3 class=\"yellow-underline\">Comunicados de prensa<\/h3>\n      <span class=\"green-arrow-no-text\"><\/span>\n    <\/div>\n          <\/a>\n      <\/div>\n\n\n  <div class=\"multicolor-card-with-link multicolor-card  has-dark-blue-background-color\" id=\"a_7895103\">\n          <a href=\"https:\/\/sonomalandtrust.org\/media-kit\/\" target=\"_self\" class=\"card-link-overlay\">\n        <img decoding=\"async\" width=\"768\" height=\"224\" src=\"https:\/\/sonomalandtrust.org\/wp-content\/uploads\/2026\/01\/wildflowers-sears-point.jpg\" class=\"attachment-large size-large\" alt=\"\" srcset=\"https:\/\/sonomalandtrust.org\/wp-content\/uploads\/2026\/01\/wildflowers-sears-point.jpg 768w, https:\/\/sonomalandtrust.org\/wp-content\/uploads\/2026\/01\/wildflowers-sears-point-300x88.jpg 300w\" sizes=\"(max-width: 768px) 100vw, 768px\" \/>    <div class=\"multicolor-card-content wp-block-group has-background\">\n      <h3 class=\"yellow-underline\">Kit de prensa<\/h3>\n      <span class=\"green-arrow-no-text\"><\/span>\n    <\/div>\n          <\/a>\n      <\/div>\n<\/div>\n","protected":false},"excerpt":{"rendered":"<p>La \u00faltima parcela no urbanizada del centro de Graton est\u00e1 ahora permanentemente protegida, y va camino de convertirse en el coraz\u00f3n de la ciudad. Respaldada por una subvenci\u00f3n de 750.000 $ de Ag + Open Space, m\u00e1s de 150 donantes y el apoyo de Sonoma Land Trust, la antigua parcela de Baker&#8217;s Lunch &amp; Gas se transformar\u00e1 en la Plaza del Pueblo de Graton. <\/p>\n","protected":false},"featured_media":11458,"template":"","meta":{"_acf_changed":false},"news-type":[86],"class_list":["post-11457","news","type-news","status-publish","has-post-thumbnail","hentry","news-type-comunicado-de-prensa"],"acf":[],"yoast_head":"<!-- This site is optimized with the Yoast SEO plugin v27.3 - https:\/\/yoast.com\/product\/yoast-seo-wordpress\/ -->\n<title>Grandes noticias en Graton-Un plan para un nuevo parque &#8212; Sonoma Land Trust<\/title>\n<meta name=\"robots\" content=\"index, follow, max-snippet:-1, max-image-preview:large, max-video-preview:-1\" \/>\n<link rel=\"canonical\" href=\"https:\/\/sonomalandtrust.org\/es\/news\/grandes-noticias-en-graton\/\" \/>\n<meta property=\"og:locale\" content=\"es_ES\" \/>\n<meta property=\"og:type\" content=\"article\" \/>\n<meta property=\"og:title\" content=\"Grandes noticias en Graton-Un plan para un nuevo parque &#8212; Sonoma Land Trust\" \/>\n<meta property=\"og:description\" content=\"La \u00faltima parcela no urbanizada del centro de Graton est\u00e1 ahora permanentemente protegida, y va camino de convertirse en el coraz\u00f3n de la ciudad. Respaldada por una subvenci\u00f3n de 750.000 $ de Ag + Open Space, m\u00e1s de 150 donantes y el apoyo de Sonoma Land Trust, la antigua parcela de Baker&#039;s Lunch &amp; Gas se transformar\u00e1 en la Plaza del Pueblo de Graton.\" \/>\n<meta property=\"og:url\" content=\"https:\/\/sonomalandtrust.org\/es\/news\/grandes-noticias-en-graton\/\" \/>\n<meta property=\"og:site_name\" content=\"Sonoma Land Trust\" \/>\n<meta property=\"article:publisher\" content=\"http:\/\/www.facebook.com\/Sonoma-Land-Trust\/\" \/>\n<meta property=\"article:modified_time\" content=\"2026-04-17T17:42:48+00:00\" \/>\n<meta property=\"og:image\" content=\"https:\/\/sonomalandtrust.org\/wp-content\/uploads\/2025\/11\/graton-town-square-sonoma-county.jpg\" \/>\n\t<meta property=\"og:image:width\" content=\"1556\" \/>\n\t<meta property=\"og:image:height\" content=\"900\" \/>\n\t<meta property=\"og:image:type\" content=\"image\/jpeg\" \/>\n<meta name=\"twitter:card\" content=\"summary_large_image\" \/>\n<meta name=\"twitter:label1\" content=\"Est. reading time\" \/>\n\t<meta name=\"twitter:data1\" content=\"5 minuto\" \/>\n<script type=\"application\/ld+json\" class=\"yoast-schema-graph\">{\"@context\":\"https:\\\/\\\/schema.org\",\"@graph\":[{\"@type\":\"WebPage\",\"@id\":\"https:\\\/\\\/sonomalandtrust.org\\\/es\\\/news\\\/grandes-noticias-en-graton\\\/\",\"url\":\"https:\\\/\\\/sonomalandtrust.org\\\/es\\\/news\\\/grandes-noticias-en-graton\\\/\",\"name\":\"Grandes noticias en Graton-Un plan para un nuevo parque &#8212; Sonoma Land Trust\",\"isPartOf\":{\"@id\":\"https:\\\/\\\/slt-2026.eclipse-dev.com\\\/#website\"},\"primaryImageOfPage\":{\"@id\":\"https:\\\/\\\/sonomalandtrust.org\\\/es\\\/news\\\/grandes-noticias-en-graton\\\/#primaryimage\"},\"image\":{\"@id\":\"https:\\\/\\\/sonomalandtrust.org\\\/es\\\/news\\\/grandes-noticias-en-graton\\\/#primaryimage\"},\"thumbnailUrl\":\"https:\\\/\\\/sonomalandtrust.org\\\/wp-content\\\/uploads\\\/2025\\\/11\\\/graton-town-square-sonoma-county.jpg\",\"datePublished\":\"2025-11-10T17:44:52+00:00\",\"dateModified\":\"2026-04-17T17:42:48+00:00\",\"breadcrumb\":{\"@id\":\"https:\\\/\\\/sonomalandtrust.org\\\/es\\\/news\\\/grandes-noticias-en-graton\\\/#breadcrumb\"},\"inLanguage\":\"es\",\"potentialAction\":[{\"@type\":\"ReadAction\",\"target\":[\"https:\\\/\\\/sonomalandtrust.org\\\/es\\\/news\\\/grandes-noticias-en-graton\\\/\"]}]},{\"@type\":\"ImageObject\",\"inLanguage\":\"es\",\"@id\":\"https:\\\/\\\/sonomalandtrust.org\\\/es\\\/news\\\/grandes-noticias-en-graton\\\/#primaryimage\",\"url\":\"https:\\\/\\\/sonomalandtrust.org\\\/wp-content\\\/uploads\\\/2025\\\/11\\\/graton-town-square-sonoma-county.jpg\",\"contentUrl\":\"https:\\\/\\\/sonomalandtrust.org\\\/wp-content\\\/uploads\\\/2025\\\/11\\\/graton-town-square-sonoma-county.jpg\",\"width\":1556,\"height\":900,\"caption\":\"Plaza del pueblo de Graton\"},{\"@type\":\"BreadcrumbList\",\"@id\":\"https:\\\/\\\/sonomalandtrust.org\\\/es\\\/news\\\/grandes-noticias-en-graton\\\/#breadcrumb\",\"itemListElement\":[{\"@type\":\"ListItem\",\"position\":1,\"name\":\"Home\",\"item\":\"https:\\\/\\\/sonomalandtrust.org\\\/es\\\/inicio\\\/\"},{\"@type\":\"ListItem\",\"position\":2,\"name\":\"Grandes noticias en Graton-Un plan para un nuevo parque\"}]},{\"@type\":\"WebSite\",\"@id\":\"https:\\\/\\\/slt-2026.eclipse-dev.com\\\/#website\",\"url\":\"https:\\\/\\\/slt-2026.eclipse-dev.com\\\/\",\"name\":\"Sonoma Land Trust\",\"description\":\"\",\"publisher\":{\"@id\":\"https:\\\/\\\/slt-2026.eclipse-dev.com\\\/#organization\"},\"potentialAction\":[{\"@type\":\"SearchAction\",\"target\":{\"@type\":\"EntryPoint\",\"urlTemplate\":\"https:\\\/\\\/slt-2026.eclipse-dev.com\\\/?s={search_term_string}\"},\"query-input\":{\"@type\":\"PropertyValueSpecification\",\"valueRequired\":true,\"valueName\":\"search_term_string\"}}],\"inLanguage\":\"es\"},{\"@type\":\"Organization\",\"@id\":\"https:\\\/\\\/slt-2026.eclipse-dev.com\\\/#organization\",\"name\":\"Fondo de Tierras de Sonoma\",\"url\":\"https:\\\/\\\/slt-2026.eclipse-dev.com\\\/\",\"logo\":{\"@type\":\"ImageObject\",\"inLanguage\":\"es\",\"@id\":\"https:\\\/\\\/slt-2026.eclipse-dev.com\\\/#\\\/schema\\\/logo\\\/image\\\/\",\"url\":\"https:\\\/\\\/sonomalandtrust.org\\\/wp-content\\\/uploads\\\/2025\\\/10\\\/slt-logo.png\",\"contentUrl\":\"https:\\\/\\\/sonomalandtrust.org\\\/wp-content\\\/uploads\\\/2025\\\/10\\\/slt-logo.png\",\"width\":549,\"height\":333,\"caption\":\"Fondo de Tierras de Sonoma\"},\"image\":{\"@id\":\"https:\\\/\\\/slt-2026.eclipse-dev.com\\\/#\\\/schema\\\/logo\\\/image\\\/\"},\"sameAs\":[\"http:\\\/\\\/www.facebook.com\\\/Sonoma-Land-Trust\\\/\",\"https:\\\/\\\/www.instagram.com\\\/sonomalandtrust\\\/\",\"https:\\\/\\\/bsky.app\\\/profile\\\/sonomalandtrust.bsky.social\",\"https:\\\/\\\/www.youtube.com\\\/user\\\/SonomaLandTrust\\\/\",\"http:\\\/\\\/www.linkedin.com\\\/company\\\/1090048?trk=tyah\"]}]}<\/script>\n<!-- \/ Yoast SEO plugin. -->","yoast_head_json":{"title":"Grandes noticias en Graton-Un plan para un nuevo parque &#8212; Sonoma Land Trust","robots":{"index":"index","follow":"follow","max-snippet":"max-snippet:-1","max-image-preview":"max-image-preview:large","max-video-preview":"max-video-preview:-1"},"canonical":"https:\/\/sonomalandtrust.org\/es\/news\/grandes-noticias-en-graton\/","og_locale":"es_ES","og_type":"article","og_title":"Grandes noticias en Graton-Un plan para un nuevo parque &#8212; Sonoma Land Trust","og_description":"La \u00faltima parcela no urbanizada del centro de Graton est\u00e1 ahora permanentemente protegida, y va camino de convertirse en el coraz\u00f3n de la ciudad. Respaldada por una subvenci\u00f3n de 750.000 $ de Ag + Open Space, m\u00e1s de 150 donantes y el apoyo de Sonoma Land Trust, la antigua parcela de Baker's Lunch &amp; Gas se transformar\u00e1 en la Plaza del Pueblo de Graton.","og_url":"https:\/\/sonomalandtrust.org\/es\/news\/grandes-noticias-en-graton\/","og_site_name":"Sonoma Land Trust","article_publisher":"http:\/\/www.facebook.com\/Sonoma-Land-Trust\/","article_modified_time":"2026-04-17T17:42:48+00:00","og_image":[{"width":1556,"height":900,"url":"https:\/\/sonomalandtrust.org\/wp-content\/uploads\/2025\/11\/graton-town-square-sonoma-county.jpg","type":"image\/jpeg"}],"twitter_card":"summary_large_image","twitter_misc":{"Est. reading time":"5 minuto"},"schema":{"@context":"https:\/\/schema.org","@graph":[{"@type":"WebPage","@id":"https:\/\/sonomalandtrust.org\/es\/news\/grandes-noticias-en-graton\/","url":"https:\/\/sonomalandtrust.org\/es\/news\/grandes-noticias-en-graton\/","name":"Grandes noticias en Graton-Un plan para un nuevo parque &#8212; Sonoma Land Trust","isPartOf":{"@id":"https:\/\/slt-2026.eclipse-dev.com\/#website"},"primaryImageOfPage":{"@id":"https:\/\/sonomalandtrust.org\/es\/news\/grandes-noticias-en-graton\/#primaryimage"},"image":{"@id":"https:\/\/sonomalandtrust.org\/es\/news\/grandes-noticias-en-graton\/#primaryimage"},"thumbnailUrl":"https:\/\/sonomalandtrust.org\/wp-content\/uploads\/2025\/11\/graton-town-square-sonoma-county.jpg","datePublished":"2025-11-10T17:44:52+00:00","dateModified":"2026-04-17T17:42:48+00:00","breadcrumb":{"@id":"https:\/\/sonomalandtrust.org\/es\/news\/grandes-noticias-en-graton\/#breadcrumb"},"inLanguage":"es","potentialAction":[{"@type":"ReadAction","target":["https:\/\/sonomalandtrust.org\/es\/news\/grandes-noticias-en-graton\/"]}]},{"@type":"ImageObject","inLanguage":"es","@id":"https:\/\/sonomalandtrust.org\/es\/news\/grandes-noticias-en-graton\/#primaryimage","url":"https:\/\/sonomalandtrust.org\/wp-content\/uploads\/2025\/11\/graton-town-square-sonoma-county.jpg","contentUrl":"https:\/\/sonomalandtrust.org\/wp-content\/uploads\/2025\/11\/graton-town-square-sonoma-county.jpg","width":1556,"height":900,"caption":"Plaza del pueblo de Graton"},{"@type":"BreadcrumbList","@id":"https:\/\/sonomalandtrust.org\/es\/news\/grandes-noticias-en-graton\/#breadcrumb","itemListElement":[{"@type":"ListItem","position":1,"name":"Home","item":"https:\/\/sonomalandtrust.org\/es\/inicio\/"},{"@type":"ListItem","position":2,"name":"Grandes noticias en Graton-Un plan para un nuevo parque"}]},{"@type":"WebSite","@id":"https:\/\/slt-2026.eclipse-dev.com\/#website","url":"https:\/\/slt-2026.eclipse-dev.com\/","name":"Sonoma Land Trust","description":"","publisher":{"@id":"https:\/\/slt-2026.eclipse-dev.com\/#organization"},"potentialAction":[{"@type":"SearchAction","target":{"@type":"EntryPoint","urlTemplate":"https:\/\/slt-2026.eclipse-dev.com\/?s={search_term_string}"},"query-input":{"@type":"PropertyValueSpecification","valueRequired":true,"valueName":"search_term_string"}}],"inLanguage":"es"},{"@type":"Organization","@id":"https:\/\/slt-2026.eclipse-dev.com\/#organization","name":"Fondo de Tierras de Sonoma","url":"https:\/\/slt-2026.eclipse-dev.com\/","logo":{"@type":"ImageObject","inLanguage":"es","@id":"https:\/\/slt-2026.eclipse-dev.com\/#\/schema\/logo\/image\/","url":"https:\/\/sonomalandtrust.org\/wp-content\/uploads\/2025\/10\/slt-logo.png","contentUrl":"https:\/\/sonomalandtrust.org\/wp-content\/uploads\/2025\/10\/slt-logo.png","width":549,"height":333,"caption":"Fondo de Tierras de Sonoma"},"image":{"@id":"https:\/\/slt-2026.eclipse-dev.com\/#\/schema\/logo\/image\/"},"sameAs":["http:\/\/www.facebook.com\/Sonoma-Land-Trust\/","https:\/\/www.instagram.com\/sonomalandtrust\/","https:\/\/bsky.app\/profile\/sonomalandtrust.bsky.social","https:\/\/www.youtube.com\/user\/SonomaLandTrust\/","http:\/\/www.linkedin.com\/company\/1090048?trk=tyah"]}]}},"_links":{"self":[{"href":"https:\/\/sonomalandtrust.org\/es\/wp-json\/wp\/v2\/news\/11457","targetHints":{"allow":["GET"]}}],"collection":[{"href":"https:\/\/sonomalandtrust.org\/es\/wp-json\/wp\/v2\/news"}],"about":[{"href":"https:\/\/sonomalandtrust.org\/es\/wp-json\/wp\/v2\/types\/news"}],"wp:featuredmedia":[{"embeddable":true,"href":"https:\/\/sonomalandtrust.org\/es\/wp-json\/wp\/v2\/media\/11458"}],"wp:attachment":[{"href":"https:\/\/sonomalandtrust.org\/es\/wp-json\/wp\/v2\/media?parent=11457"}],"wp:term":[{"taxonomy":"news-type","embeddable":true,"href":"https:\/\/sonomalandtrust.org\/es\/wp-json\/wp\/v2\/news-type?post=11457"}],"curies":[{"name":"wp","href":"https:\/\/api.w.org\/{rel}","templated":true}]}}